{"id":12581,"date":"2018-03-09T08:58:29","date_gmt":"2018-03-09T08:58:29","guid":{"rendered":"https:\/\/www.deberes.net\/tesis\/sin-categoria\/aspectos-educativos-y-de-insercion-socio-laboral-de-gitanos-en-el-area-metropolitana-de-granada\/"},"modified":"2018-03-09T08:58:29","modified_gmt":"2018-03-09T08:58:29","slug":"aspectos-educativos-y-de-insercion-socio-laboral-de-gitanos-en-el-area-metropolitana-de-granada","status":"publish","type":"post","link":"https:\/\/www.deberes.net\/tesis\/ciencia-politica\/aspectos-educativos-y-de-insercion-socio-laboral-de-gitanos-en-el-area-metropolitana-de-granada\/","title":{"rendered":"Aspectos educativos y de inserci\u00f3n socio-laboral de gitanos en el \u00e1rea metropolitana de granada."},"content":{"rendered":"<h2>Tesis doctoral de <strong> Antonio Madrid Medina <\/strong><\/h2>\n<p>Esta tesis de licenciatura supone la evaluaci\u00f3n del desarrollo de un proyecto del fondo social europeo, para la inserci\u00f3n socio-laboral de un grupo de gitanos\/as del \u00e1rea metropolitana de granada, con el objetivo de aportar informaci\u00f3n valiosa par la elaboraci\u00f3n de futuros proyectos de car\u00e1cter comunitario.  la tesis se estructura en seis cap\u00edtulos. El primero de contextualizaci\u00f3n, nos habla de la histor\u00eda del pueblo gitano desde 1873, as\u00ed como, de sus rasgos culturales localizados en andaluc\u00eda. El segundo cap\u00edtulo, se refiere al \u00e1mbito normativo tanto general a nivel europeo, como particular en relaci\u00f3n a los gitanos en el estado espa\u00f1ol y en la comunidad aut\u00f3noma de andaluc\u00eda. el tercer cap\u00edtulos lo trata el \u00e1mbito de la evaluaci\u00f3n de programas sociales , en la l\u00ednea de definici\u00f3n de coneptos que delimitan el estudio evaluativo. el cuarto cap\u00edtulo aborda la metodolog\u00eda de la evaluaci\u00f3n, para qu\u00e9 evaluamos, qu\u00e9 evaluamos, a trav\u00e9s de qu\u00e9 instrumentos, en nuestro caso cuestionarios y entrevistas. El quinto cap\u00edtulo, est\u00e1 dedicado al an\u00e1lisis de datos cuantitativos (cuestionarios) y cualitativos (entrevistas). Por \u00faltimo, el sexto cap\u00edtulo, responde al objetivo inicialmente apuntado a trav\u00e9s de las conclusiones del estudio y mediante la utilizaci\u00f3n de diferentes fuentes documentales que tratan la tem\u00e1tica de la inserci\u00f3n socio-laboral.<\/p>\n<p>&nbsp;<\/p>\n<h3>Datos acad\u00e9micos de la tesis doctoral \u00ab<strong>Aspectos educativos y de inserci\u00f3n socio-laboral de gitanos en el \u00e1rea metropolitana de granada.<\/strong>\u00ab<\/h3>\n<ul>\n<li><strong>T\u00edtulo de la tesis:<\/strong>\u00a0 Aspectos educativos y de inserci\u00f3n socio-laboral de gitanos en el \u00e1rea metropolitana de granada. <\/li>\n<li><strong>Autor:<\/strong>\u00a0 Antonio Madrid Medina <\/li>\n<li><strong>Universidad:<\/strong>\u00a0 Granada<\/li>\n<li><strong>Fecha de lectura de la tesis:<\/strong>\u00a0 27\/07\/2001<\/li>\n<\/ul>\n<p>&nbsp;<\/p>\n<h3>Direcci\u00f3n y tribunal<\/h3>\n<ul>\n<li><strong>Director de la tesis<\/strong>\n<ul>\n<li>Manuel Lorenzo Delgado<\/li>\n<\/ul>\n<\/li>\n<li><strong>Tribunal<\/strong>\n<ul>\n<li>Presidente del tribunal: Mar\u00eda  dolores Garcia fernandez <\/li>\n<li>esteban Sanchez manzano (vocal)<\/li>\n<li>amando Vega fuente (vocal)<\/li>\n<li>Francisco Diaz rosas (vocal)<\/li>\n<\/ul>\n<\/li>\n<\/ul>\n<p>&nbsp;<\/p>\n","protected":false},"excerpt":{"rendered":"<p>Tesis doctoral de Antonio Madrid Medina Esta tesis de licenciatura supone la evaluaci\u00f3n del desarrollo de un proyecto del fondo [&hellip;]<\/p>\n","protected":false},"author":1,"featured_media":0,"comment_status":"open","ping_status":"open","sticky":false,"template":"","format":"standard","meta":{"site-sidebar-layout":"default","site-content-layout":"","ast-site-content-layout":"","site-content-style":"default","site-sidebar-style":"default","ast-global-header-display":"","ast-banner-title-visibility":"","ast-main-header-display":"","ast-hfb-above-header-display":"","ast-hfb-below-header-display":"","ast-hfb-mobile-header-display":"","site-post-title":"","ast-breadcrumbs-content":"","ast-featured-img":"","footer-sml-layout":"","theme-transparent-header-meta":"","adv-header-id-meta":"","stick-header-meta":"","header-above-stick-meta":"","header-main-stick-meta":"","header-below-stick-meta":"","astra-migrate-meta-layouts":"default","ast-page-background-enabled":"default","ast-page-background-meta":{"desktop":{"background-color":"var(--ast-global-color-4)","background-image":"","background-repeat":"repeat","background-position":"center center","background-size":"auto","background-attachment":"scroll","background-type":"","background-media":"","overlay-type":"","overlay-color":"","overlay-gradient":""},"tablet":{"background-color":"","background-image":"","background-repeat":"repeat","background-position":"center center","background-size":"auto","background-attachment":"scroll","background-type":"","background-media":"","overlay-type":"","overlay-color":"","overlay-gradient":""},"mobile":{"background-color":"","background-image":"","background-repeat":"repeat","background-position":"center center","background-size":"auto","background-attachment":"scroll","background-type":"","background-media":"","overlay-type":"","overlay-color":"","overlay-gradient":""}},"ast-content-background-meta":{"desktop":{"background-color":"var(--ast-global-color-5)","background-image":"","background-repeat":"repeat","background-position":"center center","background-size":"auto","background-attachment":"scroll","background-type":"","background-media":"","overlay-type":"","overlay-color":"","overlay-gradient":""},"tablet":{"background-color":"var(--ast-global-color-5)","background-image":"","background-repeat":"repeat","background-position":"center center","background-size":"auto","background-attachment":"scroll","background-type":"","background-media":"","overlay-type":"","overlay-color":"","overlay-gradient":""},"mobile":{"background-color":"var(--ast-global-color-5)","background-image":"","background-repeat":"repeat","background-position":"center center","background-size":"auto","background-attachment":"scroll","background-type":"","background-media":"","overlay-type":"","overlay-color":"","overlay-gradient":""}},"footnotes":""},"categories":[838,31934,1184,1141,41101,6408],"tags":[13044,41102,6726,17142,8686,35406],"class_list":["post-12581","post","type-post","status-publish","format-standard","hentry","category-ciencia-politica","category-minorias","category-organizacion-y-planificacion-de-la-educacion","category-pedagogia","category-razas","category-sociologia-politica","tag-amando-vega-fuente","tag-antonio-madrid-medina","tag-esteban-sanchez-manzano","tag-francisco-diaz-rosas","tag-manuel-lorenzo-delgado","tag-maria-dolores-garcia-fernandez"],"_links":{"self":[{"href":"https:\/\/www.deberes.net\/tesis\/wp-json\/wp\/v2\/posts\/12581","targetHints":{"allow":["GET"]}}],"collection":[{"href":"https:\/\/www.deberes.net\/tesis\/wp-json\/wp\/v2\/posts"}],"about":[{"href":"https:\/\/www.deberes.net\/tesis\/wp-json\/wp\/v2\/types\/post"}],"author":[{"embeddable":true,"href":"https:\/\/www.deberes.net\/tesis\/wp-json\/wp\/v2\/users\/1"}],"replies":[{"embeddable":true,"href":"https:\/\/www.deberes.net\/tesis\/wp-json\/wp\/v2\/comments?post=12581"}],"version-history":[{"count":0,"href":"https:\/\/www.deberes.net\/tesis\/wp-json\/wp\/v2\/posts\/12581\/revisions"}],"wp:attachment":[{"href":"https:\/\/www.deberes.net\/tesis\/wp-json\/wp\/v2\/media?parent=12581"}],"wp:term":[{"taxonomy":"category","embeddable":true,"href":"https:\/\/www.deberes.net\/tesis\/wp-json\/wp\/v2\/categories?post=12581"},{"taxonomy":"post_tag","embeddable":true,"href":"https:\/\/www.deberes.net\/tesis\/wp-json\/wp\/v2\/tags?post=12581"}],"curies":[{"name":"wp","href":"https:\/\/api.w.org\/{rel}","templated":true}]}}