{"id":12594,"date":"2018-03-09T08:58:30","date_gmt":"2018-03-09T08:58:30","guid":{"rendered":"https:\/\/www.deberes.net\/tesis\/sin-categoria\/perfil-del-absentista-en-una-empresa-ferroviaria\/"},"modified":"2018-03-09T08:58:30","modified_gmt":"2018-03-09T08:58:30","slug":"perfil-del-absentista-en-una-empresa-ferroviaria","status":"publish","type":"post","link":"https:\/\/www.deberes.net\/tesis\/ciencias-medicas\/perfil-del-absentista-en-una-empresa-ferroviaria\/","title":{"rendered":"Perfil del absentista en una empresa ferroviaria"},"content":{"rendered":"<h2>Tesis doctoral de <strong> Susana Rodr\u00edguez Su\u00e1rez <\/strong><\/h2>\n<p>Objetivos  descripci\u00f3n de las caracter\u00edsticas sociodemogr\u00e1ficas, laborales, y la preValencia de bajas por enfermedad com\u00fan y accidente de trabajo y de patolog\u00edas en las diferentes categor\u00edas profesionales de una muestra de trabajadores de una empresa ferroviaria.  sujetos  durante los a\u00f1os 1993, 1994, 1995 y 1996 se evalu\u00f3 una muestra compuesta por 1,140 sujetos (edad media (sd): 44,1(6,87); antig\u00ed\u00bcedad media (sd) 19,2(6,56); 94% hombres; 50% personal de circulaci\u00f3n, 15% personal de taller, 14% personal de gesti\u00f3n administrativa y 21% otros servicios).  instrumentos  parte de baja\/alta por contingencias profesionales, parte trimestral de accidentes de trabajo y parte de descripci\u00f3n del accidente. Parte de baja\/alta por contingencia comunes. Informe de evaluaci\u00f3n de riesgos.  resultados  se registraron 257 accidentes de trabajo con baja (edad media (sd) 40,36 (7,88); antig\u00ed\u00bcedad media (sd) 18,5 (4,57); d\u00edas de baja media (sd) 42,7 (75,81); 38% personal de talleres; 71% lesiones, 40% en miembros inferiores; 63% por choques y golpes; 12% en el mes enero; en lunes 25%; el 24% entre las 8h-10h del d\u00eda; 23% en 1\u00aa hora del trabajo). Relaci\u00f3n significativa entre la edad y la antig\u00ed\u00bcedad conl a categor\u00eda profesional (p=0,000); la antig\u00ed\u00bcedad con el diagn\u00f3stico de la baja (p=0,003) y con la localizaci\u00f3n de la lesi\u00f3n (p=0,004); los d\u00edas de baja con el a\u00f1o de la baja (p=0,001) y con el diagn\u00f3stico de la baja (p=0,000).  se registraron 757 bajas por enfermedad com\u00fan. (Edad media (sd) 40,08 (7,91); antig\u00ed\u00bcedad media (sd) 17,9 (5,49); d\u00edas de baja media (sd) 46,13 (87,75); 35% servicio de trenes; 23,1% enfermedades respiratorias; 30% primer trimestre del a\u00f1o; 32% en martes. Hay relaci\u00f3n significativa entre la edad, con la categor\u00eda profesional, el diagn\u00f3stico de la baja, la antig\u00ed\u00bcedad y los d\u00edas de baja (p=0,000) y los d\u00edas de baja con la categor\u00eda profesional y el diagn\u00f3stico de la baja (p=0,000).  conclusi<\/p>\n<p>&nbsp;<\/p>\n<h3>Datos acad\u00e9micos de la tesis doctoral \u00ab<strong>Perfil del absentista en una empresa ferroviaria<\/strong>\u00ab<\/h3>\n<ul>\n<li><strong>T\u00edtulo de la tesis:<\/strong>\u00a0 Perfil del absentista en una empresa ferroviaria <\/li>\n<li><strong>Autor:<\/strong>\u00a0 Susana Rodr\u00edguez Su\u00e1rez <\/li>\n<li><strong>Universidad:<\/strong>\u00a0 Oviedo<\/li>\n<li><strong>Fecha de lectura de la tesis:<\/strong>\u00a0 28\/07\/2001<\/li>\n<\/ul>\n<p>&nbsp;<\/p>\n<h3>Direcci\u00f3n y tribunal<\/h3>\n<ul>\n<li><strong>Director de la tesis<\/strong>\n<ul>\n<li>Rafael Hinojal Fonseca<\/li>\n<\/ul>\n<\/li>\n<li><strong>Tribunal<\/strong>\n<ul>\n<li>Presidente del tribunal: jos\u00e9 Mu\u00f1iz fernandez <\/li>\n<li>aurelio Luna maldonado (vocal)<\/li>\n<li>julio belarmino Bobes garcia (vocal)<\/li>\n<li>  (vocal)<\/li>\n<\/ul>\n<\/li>\n<\/ul>\n<p>&nbsp;<\/p>\n","protected":false},"excerpt":{"rendered":"<p>Tesis doctoral de Susana Rodr\u00edguez Su\u00e1rez Objetivos descripci\u00f3n de las caracter\u00edsticas sociodemogr\u00e1ficas, laborales, y la preValencia de bajas por enfermedad [&hellip;]<\/p>\n","protected":false},"author":1,"featured_media":0,"comment_status":"open","ping_status":"open","sticky":false,"template":"","format":"standard","meta":{"site-sidebar-layout":"default","site-content-layout":"","ast-site-content-layout":"","site-content-style":"default","site-sidebar-style":"default","ast-global-header-display":"","ast-banner-title-visibility":"","ast-main-header-display":"","ast-hfb-above-header-display":"","ast-hfb-below-header-display":"","ast-hfb-mobile-header-display":"","site-post-title":"","ast-breadcrumbs-content":"","ast-featured-img":"","footer-sml-layout":"","theme-transparent-header-meta":"","adv-header-id-meta":"","stick-header-meta":"","header-above-stick-meta":"","header-main-stick-meta":"","header-below-stick-meta":"","astra-migrate-meta-layouts":"default","ast-page-background-enabled":"default","ast-page-background-meta":{"desktop":{"background-color":"var(--ast-global-color-4)","background-image":"","background-repeat":"repeat","background-position":"center center","background-size":"auto","background-attachment":"scroll","background-type":"","background-media":"","overlay-type":"","overlay-color":"","overlay-gradient":""},"tablet":{"background-color":"","background-image":"","background-repeat":"repeat","background-position":"center center","background-size":"auto","background-attachment":"scroll","background-type":"","background-media":"","overlay-type":"","overlay-color":"","overlay-gradient":""},"mobile":{"background-color":"","background-image":"","background-repeat":"repeat","background-position":"center center","background-size":"auto","background-attachment":"scroll","background-type":"","background-media":"","overlay-type":"","overlay-color":"","overlay-gradient":""}},"ast-content-background-meta":{"desktop":{"background-color":"var(--ast-global-color-5)","background-image":"","background-repeat":"repeat","background-position":"center center","background-size":"auto","background-attachment":"scroll","background-type":"","background-media":"","overlay-type":"","overlay-color":"","overlay-gradient":""},"tablet":{"background-color":"var(--ast-global-color-5)","background-image":"","background-repeat":"repeat","background-position":"center center","background-size":"auto","background-attachment":"scroll","background-type":"","background-media":"","overlay-type":"","overlay-color":"","overlay-gradient":""},"mobile":{"background-color":"var(--ast-global-color-5)","background-image":"","background-repeat":"repeat","background-position":"center center","background-size":"auto","background-attachment":"scroll","background-type":"","background-media":"","overlay-type":"","overlay-color":"","overlay-gradient":""}},"footnotes":""},"categories":[9,968,8846],"tags":[3274,2997,8332,8470,41141],"class_list":["post-12594","post","type-post","status-publish","format-standard","hentry","category-ciencias-medicas","category-medicina-forense","category-oviedo","tag-aurelio-luna-maldonado","tag-jose-muniz-fernandez","tag-julio-belarmino-bobes-garcia","tag-rafael-hinojal-fonseca","tag-susana-rodriguez-suarez"],"_links":{"self":[{"href":"https:\/\/www.deberes.net\/tesis\/wp-json\/wp\/v2\/posts\/12594","targetHints":{"allow":["GET"]}}],"collection":[{"href":"https:\/\/www.deberes.net\/tesis\/wp-json\/wp\/v2\/posts"}],"about":[{"href":"https:\/\/www.deberes.net\/tesis\/wp-json\/wp\/v2\/types\/post"}],"author":[{"embeddable":true,"href":"https:\/\/www.deberes.net\/tesis\/wp-json\/wp\/v2\/users\/1"}],"replies":[{"embeddable":true,"href":"https:\/\/www.deberes.net\/tesis\/wp-json\/wp\/v2\/comments?post=12594"}],"version-history":[{"count":0,"href":"https:\/\/www.deberes.net\/tesis\/wp-json\/wp\/v2\/posts\/12594\/revisions"}],"wp:attachment":[{"href":"https:\/\/www.deberes.net\/tesis\/wp-json\/wp\/v2\/media?parent=12594"}],"wp:term":[{"taxonomy":"category","embeddable":true,"href":"https:\/\/www.deberes.net\/tesis\/wp-json\/wp\/v2\/categories?post=12594"},{"taxonomy":"post_tag","embeddable":true,"href":"https:\/\/www.deberes.net\/tesis\/wp-json\/wp\/v2\/tags?post=12594"}],"curies":[{"name":"wp","href":"https:\/\/api.w.org\/{rel}","templated":true}]}}