{"id":12632,"date":"2001-05-09T00:00:00","date_gmt":"2001-05-09T00:00:00","guid":{"rendered":"https:\/\/www.deberes.net\/tesis\/sin-categoria\/los-discursos-sobre-la-television-de-calidad-ambitos-tematicos-de-referencia-y-perspectiva-de-analisis\/"},"modified":"2001-05-09T00:00:00","modified_gmt":"2001-05-09T00:00:00","slug":"los-discursos-sobre-la-television-de-calidad-ambitos-tematicos-de-referencia-y-perspectiva-de-analisis","status":"publish","type":"post","link":"https:\/\/www.deberes.net\/tesis\/psicologia-social\/los-discursos-sobre-la-television-de-calidad-ambitos-tematicos-de-referencia-y-perspectiva-de-analisis\/","title":{"rendered":"Los discursos sobre la \u00abtelevisi\u00f3n de calidad\u00bb. \u00e1mbitos tem\u00e1ticos de referencia y perspectiva de an\u00e1lisis"},"content":{"rendered":"<h2>Tesis doctoral de <strong> Eva Pujadas Capdevila <\/strong><\/h2>\n<p>El objetivo de esta tesis doctoral ha sido el de sistematizar el contenido y los \u00e1mbitos de referencia de los discursos sobre la \u00abtelevisi\u00f3n de calidad\u00bb. Este concepto, utilizado de forma sistem\u00e1tica y a menudo poco reflexia por parte de distintos agentes sociales (pol\u00edticos, programadores, acad\u00e9micos, representantes de los telespectadores, cr\u00edticos televisivos, etc.) Esconde numerosos presupuestos sobre la naturaleza del medio y su funci\u00f3n global en las sociedades democr\u00e1ticas. Efectivamente, se trata de un concepto connotado positivamente y que por tanto, legitima a todo aquel que lo reclama y encubre numerosas tomas de partido sobre la televisi\u00f3n que no son ni neutrales ni apol\u00edticas. la \u00abtelevisi\u00f3n de calidad\u00bb como concepto se trata, desde el inicio de esta tesis, como un concepto relacional; es decir, no se consideran las distintas definiciones como propuestas estancas a validar o refutar sino que se considera en sus distintas variantes y versiones como un concepto que eval\u00faa la relaci\u00f3n entre unas determinadas caracter\u00edsticas de un objeto (programas de televisi\u00f3n, programaci\u00f3n, cadenas, sistemas televisivos) respecto a los c\u00e1nones o est\u00e1ndares que prevalecen en un determinado contexto social e hist\u00f3rico. La calidad televisiva, en este sentido, es un concepto que var\u00eda en funci\u00f3n de aquello que las distintas sociedades medi\u00e1ticas consideran como \u00abexcelencia\u00bb en el campo televisivo. la primera parte de esta tesis est\u00e1 dedicada a la exploraci\u00f3n de las distintas disciplinas que permiten evaluar el debate sobre la calidad en televisi\u00f3n y ahondar en sus distintos \u00e1mbitos y acepciones. Entre ellas, se utiliza la sociolog\u00eda que provee de instrumentos clave para comprender la existencia de las distintas versiones del concepto, insert\u00e1ndolo en el centro de un debate en el que est\u00e1n en juego estrategias sociales de legitimaci\u00f3n y de constituci\u00f3n del grupo como \u00e9lite. Dentro de la sociolog\u00eda, se explora el concepto a partir de otros conceptos y teor\u00edas de la sociolog\u00eda de la cultura y la sociolog\u00eda del conocimiento. Las otras dos disciplinas que intervienen en la construcci\u00f3n metodol\u00f3gica del objeto \u00abcalidad televisiva\u00bb son la est\u00e9tica, como continuaci\u00f3n del debate sobre la excelencia y la cultura en los medios de comunicaci\u00f3n de masas, y la \u00e9tica, que es utilizada para dar cuenta de la validez de las distintas propuestas: efectivamente, la televisi\u00f3n, estructurada y desarrollada en europa occidental como \u00abservicio p\u00fablico\u00bb, descentra el debate sobre la calidad televisiva del \u00e1mbito puramente est\u00e9tico para insertarse en el centro de un debate \u00e9tico de primer orden. contextualizado el objeto de estudio \u00abtelevisi\u00f3n de calidad\u00bb se pasa en la segunda parte al an\u00e1lisis de los distintos discursos sobre la \u00abcalidad televisiva\u00bb. Se trata de una muestra desigual, de \u00e1mbitos geogr\u00e1ficos muy diversos (principalmente del reino unido, canad\u00e1, jap\u00f3n, italia y francia) y de procedencia diversa (proyectos de ley sobre la televisi\u00f3n, informes parlamentarios, discursos acad\u00e9micos, trabajos de investigaci\u00f3n, entrevistas a profesionales del medio, simposios y conferencias, etc.). El resultado de este an\u00e1lisis permite distinguir en primer lugar cuatro grandes \u00e1mbitos de referencia del discurso sobre la \u00abcalidad televisiva\u00bb. \u00e9stos son: la calidad del sistema televisivo en su globalidad, la calidad de la programaci\u00f3n, la calidad de las cadenas de televisi\u00f3n y la calidad de los programas. Respecto a cada uno de estos \u00e1mbitos de referencia se analiza el contenido de la calidad y se ponen en relaci\u00f3n cada una de las acepciones de la calidad con las aportaciones generadas en otros \u00e1mbitos. en las conclusiones se recogen los elementos m\u00e1s recurrentes del discurso sobre la calidad televisiva en los distintos \u00e1mbitos se\u00f1alados, las tendencias en su formulaci\u00f3n, los \u00e1mbitos de responsabilidad en su ejercicio as\u00ed como su estrecha relaci\u00f3n con el desarrollo del concepto de servicio p\u00fablico presente cada vez m\u00e1s en el discurso de la uni\u00f3n europea. Efectivamente, se constata que la \u00abtelevisi\u00f3n de calidad\u00bb aparece cada vez m\u00e1s en los discursos generados por las distintas instituciones y comisiones europeas del audiovisual como la especificidad de la televisi\u00f3n p\u00fablica. De ah\u00ed el inter\u00e9s por el an\u00e1lisis y evaluaci\u00f3n de esta categor\u00eda.<\/p>\n<p>&nbsp;<\/p>\n<h3>Datos acad\u00e9micos de la tesis doctoral \u00ab<strong>Los discursos sobre la \u00abtelevisi\u00f3n de calidad\u00bb. \u00e1mbitos tem\u00e1ticos de referencia y perspectiva de an\u00e1lisis<\/strong>\u00ab<\/h3>\n<ul>\n<li><strong>T\u00edtulo de la tesis:<\/strong>\u00a0 Los discursos sobre la \u00abtelevisi\u00f3n de calidad\u00bb. \u00e1mbitos tem\u00e1ticos de referencia y perspectiva de an\u00e1lisis <\/li>\n<li><strong>Autor:<\/strong>\u00a0 Eva Pujadas Capdevila <\/li>\n<li><strong>Universidad:<\/strong>\u00a0 Pompeu fabra<\/li>\n<li><strong>Fecha de lectura de la tesis:<\/strong>\u00a0 05\/09\/2001<\/li>\n<\/ul>\n<p>&nbsp;<\/p>\n<h3>Direcci\u00f3n y tribunal<\/h3>\n<ul>\n<li><strong>Director de la tesis<\/strong>\n<ul>\n<li>Francesc Xavier Ruiz Collantes<\/li>\n<\/ul>\n<\/li>\n<li><strong>Tribunal<\/strong>\n<ul>\n<li>Presidente del tribunal: josep Gifreu pinsach <\/li>\n<li>emili Prado pico (vocal)<\/li>\n<li>joan Manuel Tresserras gaju (vocal)<\/li>\n<li>enric Saperas lapiedra (vocal)<\/li>\n<\/ul>\n<\/li>\n<\/ul>\n<p>&nbsp;<\/p>\n","protected":false},"excerpt":{"rendered":"<p>Tesis doctoral de Eva Pujadas Capdevila El objetivo de esta tesis doctoral ha sido el de sistematizar el contenido y [&hellip;]<\/p>\n","protected":false},"author":1,"featured_media":0,"comment_status":"open","ping_status":"open","sticky":false,"template":"","format":"standard","meta":{"site-sidebar-layout":"default","site-content-layout":"","ast-site-content-layout":"","site-content-style":"default","site-sidebar-style":"default","ast-global-header-display":"","ast-banner-title-visibility":"","ast-main-header-display":"","ast-hfb-above-header-display":"","ast-hfb-below-header-display":"","ast-hfb-mobile-header-display":"","site-post-title":"","ast-breadcrumbs-content":"","ast-featured-img":"","footer-sml-layout":"","theme-transparent-header-meta":"","adv-header-id-meta":"","stick-header-meta":"","header-above-stick-meta":"","header-main-stick-meta":"","header-below-stick-meta":"","astra-migrate-meta-layouts":"default","ast-page-background-enabled":"default","ast-page-background-meta":{"desktop":{"background-color":"var(--ast-global-color-4)","background-image":"","background-repeat":"repeat","background-position":"center center","background-size":"auto","background-attachment":"scroll","background-type":"","background-media":"","overlay-type":"","overlay-color":"","overlay-gradient":""},"tablet":{"background-color":"","background-image":"","background-repeat":"repeat","background-position":"center center","background-size":"auto","background-attachment":"scroll","background-type":"","background-media":"","overlay-type":"","overlay-color":"","overlay-gradient":""},"mobile":{"background-color":"","background-image":"","background-repeat":"repeat","background-position":"center center","background-size":"auto","background-attachment":"scroll","background-type":"","background-media":"","overlay-type":"","overlay-color":"","overlay-gradient":""}},"ast-content-background-meta":{"desktop":{"background-color":"var(--ast-global-color-5)","background-image":"","background-repeat":"repeat","background-position":"center center","background-size":"auto","background-attachment":"scroll","background-type":"","background-media":"","overlay-type":"","overlay-color":"","overlay-gradient":""},"tablet":{"background-color":"var(--ast-global-color-5)","background-image":"","background-repeat":"repeat","background-position":"center center","background-size":"auto","background-attachment":"scroll","background-type":"","background-media":"","overlay-type":"","overlay-color":"","overlay-gradient":""},"mobile":{"background-color":"var(--ast-global-color-5)","background-image":"","background-repeat":"repeat","background-position":"center center","background-size":"auto","background-attachment":"scroll","background-type":"","background-media":"","overlay-type":"","overlay-color":"","overlay-gradient":""}},"footnotes":""},"categories":[18712,996],"tags":[11213,13720,41252,41253,13605,41254],"class_list":["post-12632","post","type-post","status-publish","format-standard","hentry","category-pompeu-fabra","category-psicologia-social","tag-emili-prado-pico","tag-enric-saperas-lapiedra","tag-eva-pujadas-capdevila","tag-francesc-xavier-ruiz-collantes","tag-joan-manuel-tresserras-gaju","tag-josep-gifreu-pinsach"],"_links":{"self":[{"href":"https:\/\/www.deberes.net\/tesis\/wp-json\/wp\/v2\/posts\/12632","targetHints":{"allow":["GET"]}}],"collection":[{"href":"https:\/\/www.deberes.net\/tesis\/wp-json\/wp\/v2\/posts"}],"about":[{"href":"https:\/\/www.deberes.net\/tesis\/wp-json\/wp\/v2\/types\/post"}],"author":[{"embeddable":true,"href":"https:\/\/www.deberes.net\/tesis\/wp-json\/wp\/v2\/users\/1"}],"replies":[{"embeddable":true,"href":"https:\/\/www.deberes.net\/tesis\/wp-json\/wp\/v2\/comments?post=12632"}],"version-history":[{"count":0,"href":"https:\/\/www.deberes.net\/tesis\/wp-json\/wp\/v2\/posts\/12632\/revisions"}],"wp:attachment":[{"href":"https:\/\/www.deberes.net\/tesis\/wp-json\/wp\/v2\/media?parent=12632"}],"wp:term":[{"taxonomy":"category","embeddable":true,"href":"https:\/\/www.deberes.net\/tesis\/wp-json\/wp\/v2\/categories?post=12632"},{"taxonomy":"post_tag","embeddable":true,"href":"https:\/\/www.deberes.net\/tesis\/wp-json\/wp\/v2\/tags?post=12632"}],"curies":[{"name":"wp","href":"https:\/\/api.w.org\/{rel}","templated":true}]}}