{"id":126626,"date":"2026-01-12T15:33:07","date_gmt":"2026-01-12T15:33:07","guid":{"rendered":"https:\/\/www.deberes.net\/tesis\/sin-categoria\/estudio-experimental-de-la-conectividad-tectal-en-relacion-con-la-region-pretectal-y-la-comisura-posterior-aspectos-estructurales-citoquimicos-y-ontogeneticos\/"},"modified":"2026-01-12T15:33:07","modified_gmt":"2026-01-12T15:33:07","slug":"estudio-experimental-de-la-conectividad-tectal-en-relacion-con-la-region-pretectal-y-la-comisura-posterior-aspectos-estructurales-citoquimicos-y-ontogeneticos","status":"publish","type":"post","link":"https:\/\/www.deberes.net\/tesis\/ciencias-de-la-vida\/estudio-experimental-de-la-conectividad-tectal-en-relacion-con-la-region-pretectal-y-la-comisura-posterior-aspectos-estructurales-citoquimicos-y-ontogeneticos\/","title":{"rendered":"Estudio experimental de la conectividad tectal en relacion con la region pretectal y la comisura posterior: aspectos estructurales  citoquimicos y ontogeneticos."},"content":{"rendered":"<h2>Tesis doctoral de <strong> Salvador Mart\u00ednez P\u00e9rez <\/strong><\/h2>\n<p>&nbsp;<\/p>\n<h3>Datos acad\u00e9micos de la tesis doctoral \u00ab<strong>Estudio experimental de la conectividad tectal en relacion con la region pretectal y la comisura posterior: aspectos estructurales  citoquimicos y ontogeneticos.<\/strong>\u00ab<\/h3>\n<ul>\n<li><strong>T\u00edtulo de la tesis:<\/strong>\u00a0 Estudio experimental de la conectividad tectal en relacion con la region pretectal y la comisura posterior: aspectos estructurales  citoquimicos y ontogeneticos. <\/li>\n<li><strong>Autor:<\/strong>\u00a0 Salvador Mart\u00ednez P\u00e9rez <\/li>\n<li><strong>Universidad:<\/strong>\u00a0 Murcia<\/li>\n<li><strong>Fecha de lectura de la tesis:<\/strong>\u00a0 01\/01\/1988<\/li>\n<\/ul>\n<p>&nbsp;<\/p>\n<h3>Direcci\u00f3n y tribunal<\/h3>\n<ul>\n<li><strong>Director de la tesis<\/strong>\n<ul>\n<li> <\/li>\n<\/ul>\n<\/li>\n<li><strong>Tribunal<\/strong>\n<ul>\n<li>Presidente del tribunal: Gines Domenech Ratto <\/li>\n<li>Blanca Agulleiro Diaz (vocal)<\/li>\n<li>Magda Alvarado-mallart Rosa (vocal)<\/li>\n<li>Jos\u00e9 Angel Armengol Butron De Mujica (vocal)<\/li>\n<\/ul>\n<\/li>\n<\/ul>\n<p>&nbsp;<\/p>\n","protected":false},"excerpt":{"rendered":"<p>Tesis doctoral de Salvador Mart\u00ednez P\u00e9rez &nbsp; Datos acad\u00e9micos de la tesis doctoral \u00abEstudio experimental de la conectividad tectal en [&hellip;]<\/p>\n","protected":false},"author":1,"featured_media":0,"comment_status":"open","ping_status":"open","sticky":false,"template":"","format":"standard","meta":{"site-sidebar-layout":"default","site-content-layout":"","ast-site-content-layout":"","site-content-style":"default","site-sidebar-style":"default","ast-global-header-display":"","ast-banner-title-visibility":"","ast-main-header-display":"","ast-hfb-above-header-display":"","ast-hfb-below-header-display":"","ast-hfb-mobile-header-display":"","site-post-title":"","ast-breadcrumbs-content":"","ast-featured-img":"","footer-sml-layout":"","theme-transparent-header-meta":"","adv-header-id-meta":"","stick-header-meta":"","header-above-stick-meta":"","header-main-stick-meta":"","header-below-stick-meta":"","astra-migrate-meta-layouts":"default","ast-page-background-enabled":"default","ast-page-background-meta":{"desktop":{"background-color":"var(--ast-global-color-4)","background-image":"","background-repeat":"repeat","background-position":"center center","background-size":"auto","background-attachment":"scroll","background-type":"","background-media":"","overlay-type":"","overlay-color":"","overlay-gradient":""},"tablet":{"background-color":"","background-image":"","background-repeat":"repeat","background-position":"center center","background-size":"auto","background-attachment":"scroll","background-type":"","background-media":"","overlay-type":"","overlay-color":"","overlay-gradient":""},"mobile":{"background-color":"","background-image":"","background-repeat":"repeat","background-position":"center center","background-size":"auto","background-attachment":"scroll","background-type":"","background-media":"","overlay-type":"","overlay-color":"","overlay-gradient":""}},"ast-content-background-meta":{"desktop":{"background-color":"var(--ast-global-color-5)","background-image":"","background-repeat":"repeat","background-position":"center center","background-size":"auto","background-attachment":"scroll","background-type":"","background-media":"","overlay-type":"","overlay-color":"","overlay-gradient":""},"tablet":{"background-color":"var(--ast-global-color-5)","background-image":"","background-repeat":"repeat","background-position":"center center","background-size":"auto","background-attachment":"scroll","background-type":"","background-media":"","overlay-type":"","overlay-color":"","overlay-gradient":""},"mobile":{"background-color":"var(--ast-global-color-5)","background-image":"","background-repeat":"repeat","background-position":"center center","background-size":"auto","background-attachment":"scroll","background-type":"","background-media":"","overlay-type":"","overlay-color":"","overlay-gradient":""}},"footnotes":""},"categories":[6273,212,35,8235,8868,226],"tags":[8451,11972,10804,175574,33125],"class_list":["post-126626","post","type-post","status-publish","format-standard","hentry","category-anatomia-animal","category-biologia-humana","category-ciencias-de-la-vida","category-murcia","category-neuroanatomia-humana","category-zoologia","tag-blanca-agulleiro-diaz","tag-gines-domenech-ratto","tag-jose-angel-armengol-butron-de-mujica","tag-magda-alvarado-mallart-rosa","tag-salvador-Martinez-perez"],"_links":{"self":[{"href":"https:\/\/www.deberes.net\/tesis\/wp-json\/wp\/v2\/posts\/126626","targetHints":{"allow":["GET"]}}],"collection":[{"href":"https:\/\/www.deberes.net\/tesis\/wp-json\/wp\/v2\/posts"}],"about":[{"href":"https:\/\/www.deberes.net\/tesis\/wp-json\/wp\/v2\/types\/post"}],"author":[{"embeddable":true,"href":"https:\/\/www.deberes.net\/tesis\/wp-json\/wp\/v2\/users\/1"}],"replies":[{"embeddable":true,"href":"https:\/\/www.deberes.net\/tesis\/wp-json\/wp\/v2\/comments?post=126626"}],"version-history":[{"count":0,"href":"https:\/\/www.deberes.net\/tesis\/wp-json\/wp\/v2\/posts\/126626\/revisions"}],"wp:attachment":[{"href":"https:\/\/www.deberes.net\/tesis\/wp-json\/wp\/v2\/media?parent=126626"}],"wp:term":[{"taxonomy":"category","embeddable":true,"href":"https:\/\/www.deberes.net\/tesis\/wp-json\/wp\/v2\/categories?post=126626"},{"taxonomy":"post_tag","embeddable":true,"href":"https:\/\/www.deberes.net\/tesis\/wp-json\/wp\/v2\/tags?post=126626"}],"curies":[{"name":"wp","href":"https:\/\/api.w.org\/{rel}","templated":true}]}}