{"id":12675,"date":"2001-10-09T00:00:00","date_gmt":"2001-10-09T00:00:00","guid":{"rendered":"https:\/\/www.deberes.net\/tesis\/sin-categoria\/el-obispo-caixal-y-el-concilio-vaticano-i\/"},"modified":"2001-10-09T00:00:00","modified_gmt":"2001-10-09T00:00:00","slug":"el-obispo-caixal-y-el-concilio-vaticano-i","status":"publish","type":"post","link":"https:\/\/www.deberes.net\/tesis\/historia\/el-obispo-caixal-y-el-concilio-vaticano-i\/","title":{"rendered":"El obispo caixal y el concilio vaticano i"},"content":{"rendered":"<h2>Tesis doctoral de <strong> Santiago Casas Rabasa <\/strong><\/h2>\n<p>Jose caixal y estrade naci\u00f3 en vilosell (lerida) en 1803 y murio en roma en 1879. Realiz\u00f3 sus estudios en la universidad de cervera. Fue nombrado obispo de urgel en 1853, compaginando su episcopado con el cargo de co-principe de los valles de andorra. Gran amigo de san antonio m\u00aa claret, se le puede considerar ideologo de la \u00ablibrer\u00eda religiosa\u00bb y colaborador del santo en varias de sus fundaciones. Participo en las guerras carlistas; en la \u00faltima como vicario general castrense del ejercito de carlos vii.  particip\u00f3 activamente en el concilio vaticano i, a pesar de que el gobierno espa\u00f1ol le neg\u00f3 el pasaporte para viajar. Enseguida se erigi\u00f3 como el intermediario entre el grupo de la mayoria y el episcopado de habla espa\u00f1ola. Promocion\u00f3 varios postulados de diversa \u00edndole. Tuvo una importante participacion en la promoci\u00f3n de la discusi\u00f3n de la infalibilidad en el aula conciliar y en la elecci\u00f3n de las diversas diputaciones conciliares, colaborando activamente con manning, dechamps, martin, etc. Divergi\u00f3 en algunas de las lineas de actuaci\u00f3n que tomo el episcopado espa\u00f1ol desenvolviendose con una cierta independencia, siempre dentro del bando infalibilista. Sus m\u00faltiples intervenciones en los debates conciliares, que permiten seguir el trazado de la discusi\u00f3n conciliar, demuestran su gran conocimiento de las cuestiones doctrinales del momento. En la discusi\u00f3n de la pastor aeternus hizo tres aportaciones que pasaron al texto definitivo. Una vez definida la infalibilidad fue testigo de excepci\u00f3n de la toma de la ciudad por las tropas unionistas asi como del estado de animo del pontifice en los meses sucesivos a la interrupcion del concilio.<\/p>\n<p>&nbsp;<\/p>\n<h3>Datos acad\u00e9micos de la tesis doctoral \u00ab<strong>El obispo caixal y el concilio vaticano i<\/strong>\u00ab<\/h3>\n<ul>\n<li><strong>T\u00edtulo de la tesis:<\/strong>\u00a0 El obispo caixal y el concilio vaticano i <\/li>\n<li><strong>Autor:<\/strong>\u00a0 Santiago Casas Rabasa <\/li>\n<li><strong>Universidad:<\/strong>\u00a0 Navarra<\/li>\n<li><strong>Fecha de lectura de la tesis:<\/strong>\u00a0 10\/09\/2001<\/li>\n<\/ul>\n<p>&nbsp;<\/p>\n<h3>Direcci\u00f3n y tribunal<\/h3>\n<ul>\n<li><strong>Director de la tesis<\/strong>\n<ul>\n<li>Josep Ignasi Saranyana Closa<\/li>\n<\/ul>\n<\/li>\n<li><strong>Tribunal<\/strong>\n<ul>\n<li>Presidente del tribunal: josep ignasi Saranyana closa <\/li>\n<li>enrique Lama cereceda (vocal)<\/li>\n<li>cristina Diz-lois (vocal)<\/li>\n<li> Costs i blay ramon (vocal)<\/li>\n<\/ul>\n<\/li>\n<\/ul>\n<p>&nbsp;<\/p>\n","protected":false},"excerpt":{"rendered":"<p>Tesis doctoral de Santiago Casas Rabasa Jose caixal y estrade naci\u00f3 en vilosell (lerida) en 1803 y murio en roma [&hellip;]<\/p>\n","protected":false},"author":1,"featured_media":0,"comment_status":"open","ping_status":"open","sticky":false,"template":"","format":"standard","meta":{"site-sidebar-layout":"default","site-content-layout":"","ast-site-content-layout":"","site-content-style":"default","site-sidebar-style":"default","ast-global-header-display":"","ast-banner-title-visibility":"","ast-main-header-display":"","ast-hfb-above-header-display":"","ast-hfb-below-header-display":"","ast-hfb-mobile-header-display":"","site-post-title":"","ast-breadcrumbs-content":"","ast-featured-img":"","footer-sml-layout":"","theme-transparent-header-meta":"","adv-header-id-meta":"","stick-header-meta":"","header-above-stick-meta":"","header-main-stick-meta":"","header-below-stick-meta":"","astra-migrate-meta-layouts":"default","ast-page-background-enabled":"default","ast-page-background-meta":{"desktop":{"background-color":"var(--ast-global-color-4)","background-image":"","background-repeat":"repeat","background-position":"center center","background-size":"auto","background-attachment":"scroll","background-type":"","background-media":"","overlay-type":"","overlay-color":"","overlay-gradient":""},"tablet":{"background-color":"","background-image":"","background-repeat":"repeat","background-position":"center center","background-size":"auto","background-attachment":"scroll","background-type":"","background-media":"","overlay-type":"","overlay-color":"","overlay-gradient":""},"mobile":{"background-color":"","background-image":"","background-repeat":"repeat","background-position":"center center","background-size":"auto","background-attachment":"scroll","background-type":"","background-media":"","overlay-type":"","overlay-color":"","overlay-gradient":""}},"ast-content-background-meta":{"desktop":{"background-color":"var(--ast-global-color-5)","background-image":"","background-repeat":"repeat","background-position":"center center","background-size":"auto","background-attachment":"scroll","background-type":"","background-media":"","overlay-type":"","overlay-color":"","overlay-gradient":""},"tablet":{"background-color":"var(--ast-global-color-5)","background-image":"","background-repeat":"repeat","background-position":"center center","background-size":"auto","background-attachment":"scroll","background-type":"","background-media":"","overlay-type":"","overlay-color":"","overlay-gradient":""},"mobile":{"background-color":"var(--ast-global-color-5)","background-image":"","background-repeat":"repeat","background-position":"center center","background-size":"auto","background-attachment":"scroll","background-type":"","background-media":"","overlay-type":"","overlay-color":"","overlay-gradient":""}},"footnotes":""},"categories":[165,104,15343,222,17749,990,18402],"tags":[41385,41384,41383,17861,41382],"class_list":["post-12675","post","type-post","status-publish","format-standard","hentry","category-filosofia","category-historia","category-historia-de-las-relaciones-internacionales","category-historias-especializadas","category-navarra","category-sistemas-filosoficos","category-sistemas-teologico-filosoficos","tag-costs-i-blay-ramon","tag-cristina-diz-lois","tag-enrique-lama-cereceda","tag-josep-ignasi-saranyana-closa","tag-santiago-casas-rabasa"],"_links":{"self":[{"href":"https:\/\/www.deberes.net\/tesis\/wp-json\/wp\/v2\/posts\/12675","targetHints":{"allow":["GET"]}}],"collection":[{"href":"https:\/\/www.deberes.net\/tesis\/wp-json\/wp\/v2\/posts"}],"about":[{"href":"https:\/\/www.deberes.net\/tesis\/wp-json\/wp\/v2\/types\/post"}],"author":[{"embeddable":true,"href":"https:\/\/www.deberes.net\/tesis\/wp-json\/wp\/v2\/users\/1"}],"replies":[{"embeddable":true,"href":"https:\/\/www.deberes.net\/tesis\/wp-json\/wp\/v2\/comments?post=12675"}],"version-history":[{"count":0,"href":"https:\/\/www.deberes.net\/tesis\/wp-json\/wp\/v2\/posts\/12675\/revisions"}],"wp:attachment":[{"href":"https:\/\/www.deberes.net\/tesis\/wp-json\/wp\/v2\/media?parent=12675"}],"wp:term":[{"taxonomy":"category","embeddable":true,"href":"https:\/\/www.deberes.net\/tesis\/wp-json\/wp\/v2\/categories?post=12675"},{"taxonomy":"post_tag","embeddable":true,"href":"https:\/\/www.deberes.net\/tesis\/wp-json\/wp\/v2\/tags?post=12675"}],"curies":[{"name":"wp","href":"https:\/\/api.w.org\/{rel}","templated":true}]}}