{"id":12717,"date":"2018-03-09T08:58:41","date_gmt":"2018-03-09T08:58:41","guid":{"rendered":"https:\/\/www.deberes.net\/tesis\/sin-categoria\/la-psicosis-pelagrosa-revisitada\/"},"modified":"2018-03-09T08:58:41","modified_gmt":"2018-03-09T08:58:41","slug":"la-psicosis-pelagrosa-revisitada","status":"publish","type":"post","link":"https:\/\/www.deberes.net\/tesis\/psicologia\/la-psicosis-pelagrosa-revisitada\/","title":{"rendered":"La psicosis pelagrosa revisitada"},"content":{"rendered":"<h2>Tesis doctoral de <strong> Nicolas Llaneras Manresa <\/strong><\/h2>\n<p>La psicopatolog\u00eda cl\u00e1sica distingue entre trastornos psic\u00f3ticos end\u00f3genos y ex\u00f3genos y supone una nosolog\u00eda de presuntas entidades etiopat\u00f3genicas que se espera poder llegar a definir, y unas manifestaciones semiol\u00f3gicas en las cuales se distingue, categorialmente, entre los delirios, (delusiones) que cursan con una peculiar conciencia clara y el dellium categorizado por la conciencia confusa. Frente a esta manera de ver la psicopatolog\u00eda ha defendido la tesis alternativa de una psicosis unitaria o \u00fanica que muestra en su sintomatolog\u00eda un continuum en las alteraciones del proceso de la conciencia desde el delirium al delinio (delusi\u00f3n), con un &lt;&lt;trastorno fundamental&gt;&gt; que implica la confusi\u00f3n entre el sujeto y el mundo a trav\u00e9s de un proceso de introversi\u00f3n de la conciencia. Mi tesis revisa la concluyente aportaci\u00f3n a esta manera de ver a trav\u00e9s de la obra de b. Llopis que en 1946 estudi\u00f3 los trastornos mentales de las enfermas peligrosas, proponiendo en aquellos a\u00f1os una atenci\u00f3n particular al an\u00e1lisis de la estructura de la conciencia, construyendo un programa de investigaci\u00f3n desde los \u00abexperimentos de la naturaleza\u00bb que suministran las enfermedades y que es actualmente el programa inevitable de las neurociencias.<\/p>\n<p>&nbsp;<\/p>\n<h3>Datos acad\u00e9micos de la tesis doctoral \u00ab<strong>La psicosis pelagrosa revisitada<\/strong>\u00ab<\/h3>\n<ul>\n<li><strong>T\u00edtulo de la tesis:<\/strong>\u00a0 La psicosis pelagrosa revisitada <\/li>\n<li><strong>Autor:<\/strong>\u00a0 Nicolas Llaneras Manresa <\/li>\n<li><strong>Universidad:<\/strong>\u00a0 Illes balears<\/li>\n<li><strong>Fecha de lectura de la tesis:<\/strong>\u00a0 14\/09\/2001<\/li>\n<\/ul>\n<p>&nbsp;<\/p>\n<h3>Direcci\u00f3n y tribunal<\/h3>\n<ul>\n<li><strong>Director de la tesis<\/strong>\n<ul>\n<li>Miguel Roca Benn\u00e1sar<\/li>\n<\/ul>\n<\/li>\n<li><strong>Tribunal<\/strong>\n<ul>\n<li>Presidente del tribunal: carmen Leal cerc\u00f3s <\/li>\n<li>enrique Baca baldomero (vocal)<\/li>\n<li>gabriel Oliver coll (vocal)<\/li>\n<li>Manuel Valdes miyar (vocal)<\/li>\n<\/ul>\n<\/li>\n<\/ul>\n<p>&nbsp;<\/p>\n","protected":false},"excerpt":{"rendered":"<p>Tesis doctoral de Nicolas Llaneras Manresa La psicopatolog\u00eda cl\u00e1sica distingue entre trastornos psic\u00f3ticos end\u00f3genos y ex\u00f3genos y supone una nosolog\u00eda [&hellip;]<\/p>\n","protected":false},"author":1,"featured_media":0,"comment_status":"open","ping_status":"open","sticky":false,"template":"","format":"standard","meta":{"site-sidebar-layout":"default","site-content-layout":"","ast-site-content-layout":"","site-content-style":"default","site-sidebar-style":"default","ast-global-header-display":"","ast-banner-title-visibility":"","ast-main-header-display":"","ast-hfb-above-header-display":"","ast-hfb-below-header-display":"","ast-hfb-mobile-header-display":"","site-post-title":"","ast-breadcrumbs-content":"","ast-featured-img":"","footer-sml-layout":"","theme-transparent-header-meta":"","adv-header-id-meta":"","stick-header-meta":"","header-above-stick-meta":"","header-main-stick-meta":"","header-below-stick-meta":"","astra-migrate-meta-layouts":"default","ast-page-background-enabled":"default","ast-page-background-meta":{"desktop":{"background-color":"var(--ast-global-color-4)","background-image":"","background-repeat":"repeat","background-position":"center center","background-size":"auto","background-attachment":"scroll","background-type":"","background-media":"","overlay-type":"","overlay-color":"","overlay-gradient":""},"tablet":{"background-color":"","background-image":"","background-repeat":"repeat","background-position":"center center","background-size":"auto","background-attachment":"scroll","background-type":"","background-media":"","overlay-type":"","overlay-color":"","overlay-gradient":""},"mobile":{"background-color":"","background-image":"","background-repeat":"repeat","background-position":"center center","background-size":"auto","background-attachment":"scroll","background-type":"","background-media":"","overlay-type":"","overlay-color":"","overlay-gradient":""}},"ast-content-background-meta":{"desktop":{"background-color":"var(--ast-global-color-5)","background-image":"","background-repeat":"repeat","background-position":"center center","background-size":"auto","background-attachment":"scroll","background-type":"","background-media":"","overlay-type":"","overlay-color":"","overlay-gradient":""},"tablet":{"background-color":"var(--ast-global-color-5)","background-image":"","background-repeat":"repeat","background-position":"center center","background-size":"auto","background-attachment":"scroll","background-type":"","background-media":"","overlay-type":"","overlay-color":"","overlay-gradient":""},"mobile":{"background-color":"var(--ast-global-color-5)","background-image":"","background-repeat":"repeat","background-position":"center center","background-size":"auto","background-attachment":"scroll","background-type":"","background-media":"","overlay-type":"","overlay-color":"","overlay-gradient":""}},"footnotes":""},"categories":[19034,324,961,325],"tags":[6501,8331,113,13671,6502,41512],"class_list":["post-12717","post","type-post","status-publish","format-standard","hentry","category-illes-balears","category-psicologia","category-psicologia-de-la-anormalidad","category-psicopatologia","tag-carmen-leal-cercos","tag-enrique-baca-baldomero","tag-gabriel-oliver-coll","tag-manuel-valdes-miyar","tag-miguel-roca-bennasar","tag-nicolas-llaneras-manresa"],"_links":{"self":[{"href":"https:\/\/www.deberes.net\/tesis\/wp-json\/wp\/v2\/posts\/12717","targetHints":{"allow":["GET"]}}],"collection":[{"href":"https:\/\/www.deberes.net\/tesis\/wp-json\/wp\/v2\/posts"}],"about":[{"href":"https:\/\/www.deberes.net\/tesis\/wp-json\/wp\/v2\/types\/post"}],"author":[{"embeddable":true,"href":"https:\/\/www.deberes.net\/tesis\/wp-json\/wp\/v2\/users\/1"}],"replies":[{"embeddable":true,"href":"https:\/\/www.deberes.net\/tesis\/wp-json\/wp\/v2\/comments?post=12717"}],"version-history":[{"count":0,"href":"https:\/\/www.deberes.net\/tesis\/wp-json\/wp\/v2\/posts\/12717\/revisions"}],"wp:attachment":[{"href":"https:\/\/www.deberes.net\/tesis\/wp-json\/wp\/v2\/media?parent=12717"}],"wp:term":[{"taxonomy":"category","embeddable":true,"href":"https:\/\/www.deberes.net\/tesis\/wp-json\/wp\/v2\/categories?post=12717"},{"taxonomy":"post_tag","embeddable":true,"href":"https:\/\/www.deberes.net\/tesis\/wp-json\/wp\/v2\/tags?post=12717"}],"curies":[{"name":"wp","href":"https:\/\/api.w.org\/{rel}","templated":true}]}}