{"id":127171,"date":"2026-01-12T15:41:45","date_gmt":"2026-01-12T15:41:45","guid":{"rendered":"https:\/\/www.deberes.net\/tesis\/sin-categoria\/los-anos-70-en-valencia-la-consolidacion-de-esteticas-y-lenguajes-individuales-en-el-arte\/"},"modified":"2026-01-12T15:41:45","modified_gmt":"2026-01-12T15:41:45","slug":"los-anos-70-en-valencia-la-consolidacion-de-esteticas-y-lenguajes-individuales-en-el-arte","status":"publish","type":"post","link":"https:\/\/www.deberes.net\/tesis\/ciencias-de-las-artes-y-las-letras\/los-anos-70-en-valencia-la-consolidacion-de-esteticas-y-lenguajes-individuales-en-el-arte\/","title":{"rendered":"Los a\u00f1os 70 en Valencia: la consolidacion de esteticas y lenguajes individuales en el arte."},"content":{"rendered":"<h2>Tesis doctoral de <strong> Jos\u00e9 Miguel Garc\u00eda Cortes <\/strong><\/h2>\n<p>&nbsp;<\/p>\n<h3>Datos acad\u00e9micos de la tesis doctoral \u00ab<strong>Los a\u00f1os 70 en Valencia: la consolidacion de esteticas y lenguajes individuales en el arte.<\/strong>\u00ab<\/h3>\n<ul>\n<li><strong>T\u00edtulo de la tesis:<\/strong>\u00a0 Los a\u00f1os 70 en Valencia: la consolidacion de esteticas y lenguajes individuales en el arte. <\/li>\n<li><strong>Autor:<\/strong>\u00a0 Jos\u00e9 Miguel Garc\u00eda Cortes <\/li>\n<li><strong>Universidad:<\/strong>\u00a0 Universitat de val\u00e9ncia (estudi general)<\/li>\n<li><strong>Fecha de lectura de la tesis:<\/strong>\u00a0 01\/01\/1988<\/li>\n<\/ul>\n<p>&nbsp;<\/p>\n<h3>Direcci\u00f3n y tribunal<\/h3>\n<ul>\n<li><strong>Director de la tesis<\/strong>\n<ul>\n<li> <\/li>\n<\/ul>\n<\/li>\n<li><strong>Tribunal<\/strong>\n<ul>\n<li>Presidente del tribunal: Facundo Tomas Ferre <\/li>\n<li>Jos\u00e9 Saborit Viguer (vocal)<\/li>\n<li> De Soto Arandiga Ramon (vocal)<\/li>\n<li> Beguiristain Alcorta M. Teresa (vocal)<\/li>\n<\/ul>\n<\/li>\n<\/ul>\n<p>&nbsp;<\/p>\n","protected":false},"excerpt":{"rendered":"<p>Tesis doctoral de Jos\u00e9 Miguel Garc\u00eda Cortes &nbsp; Datos acad\u00e9micos de la tesis doctoral \u00abLos a\u00f1os 70 en Valencia: la [&hellip;]<\/p>\n","protected":false},"author":1,"featured_media":0,"comment_status":"open","ping_status":"open","sticky":false,"template":"","format":"standard","meta":{"site-sidebar-layout":"default","site-content-layout":"","ast-site-content-layout":"","site-content-style":"default","site-sidebar-style":"default","ast-global-header-display":"","ast-banner-title-visibility":"","ast-main-header-display":"","ast-hfb-above-header-display":"","ast-hfb-below-header-display":"","ast-hfb-mobile-header-display":"","site-post-title":"","ast-breadcrumbs-content":"","ast-featured-img":"","footer-sml-layout":"","theme-transparent-header-meta":"","adv-header-id-meta":"","stick-header-meta":"","header-above-stick-meta":"","header-main-stick-meta":"","header-below-stick-meta":"","astra-migrate-meta-layouts":"default","ast-page-background-enabled":"default","ast-page-background-meta":{"desktop":{"background-color":"var(--ast-global-color-4)","background-image":"","background-repeat":"repeat","background-position":"center center","background-size":"auto","background-attachment":"scroll","background-type":"","background-media":"","overlay-type":"","overlay-color":"","overlay-gradient":""},"tablet":{"background-color":"","background-image":"","background-repeat":"repeat","background-position":"center center","background-size":"auto","background-attachment":"scroll","background-type":"","background-media":"","overlay-type":"","overlay-color":"","overlay-gradient":""},"mobile":{"background-color":"","background-image":"","background-repeat":"repeat","background-position":"center center","background-size":"auto","background-attachment":"scroll","background-type":"","background-media":"","overlay-type":"","overlay-color":"","overlay-gradient":""}},"ast-content-background-meta":{"desktop":{"background-color":"var(--ast-global-color-5)","background-image":"","background-repeat":"repeat","background-position":"center center","background-size":"auto","background-attachment":"scroll","background-type":"","background-media":"","overlay-type":"","overlay-color":"","overlay-gradient":""},"tablet":{"background-color":"var(--ast-global-color-5)","background-image":"","background-repeat":"repeat","background-position":"center center","background-size":"auto","background-attachment":"scroll","background-type":"","background-media":"","overlay-type":"","overlay-color":"","overlay-gradient":""},"mobile":{"background-color":"var(--ast-global-color-5)","background-image":"","background-repeat":"repeat","background-position":"center center","background-size":"auto","background-attachment":"scroll","background-type":"","background-media":"","overlay-type":"","overlay-color":"","overlay-gradient":""}},"footnotes":""},"categories":[960,147,10452,4510,165,1111],"tags":[16841,48328,27046,16879,22743],"class_list":["post-127171","post","type-post","status-publish","format-standard","hentry","category-antropologia-filosofica","category-ciencias-de-las-artes-y-las-letras","category-estetica","category-estetica-de-las-bellas-artes","category-filosofia","category-teoria-analisis-y-critica-de-las-bellas-artes","tag-beguiristain-alcorta-m-teresa","tag-de-soto-arandiga-ramon","tag-facundo-tomas-ferre","tag-jose-miguel-garcia-cortes","tag-jose-saborit-viguer"],"_links":{"self":[{"href":"https:\/\/www.deberes.net\/tesis\/wp-json\/wp\/v2\/posts\/127171","targetHints":{"allow":["GET"]}}],"collection":[{"href":"https:\/\/www.deberes.net\/tesis\/wp-json\/wp\/v2\/posts"}],"about":[{"href":"https:\/\/www.deberes.net\/tesis\/wp-json\/wp\/v2\/types\/post"}],"author":[{"embeddable":true,"href":"https:\/\/www.deberes.net\/tesis\/wp-json\/wp\/v2\/users\/1"}],"replies":[{"embeddable":true,"href":"https:\/\/www.deberes.net\/tesis\/wp-json\/wp\/v2\/comments?post=127171"}],"version-history":[{"count":0,"href":"https:\/\/www.deberes.net\/tesis\/wp-json\/wp\/v2\/posts\/127171\/revisions"}],"wp:attachment":[{"href":"https:\/\/www.deberes.net\/tesis\/wp-json\/wp\/v2\/media?parent=127171"}],"wp:term":[{"taxonomy":"category","embeddable":true,"href":"https:\/\/www.deberes.net\/tesis\/wp-json\/wp\/v2\/categories?post=127171"},{"taxonomy":"post_tag","embeddable":true,"href":"https:\/\/www.deberes.net\/tesis\/wp-json\/wp\/v2\/tags?post=127171"}],"curies":[{"name":"wp","href":"https:\/\/api.w.org\/{rel}","templated":true}]}}