{"id":12727,"date":"2018-03-09T08:58:42","date_gmt":"2018-03-09T08:58:42","guid":{"rendered":"https:\/\/www.deberes.net\/tesis\/sin-categoria\/el-metodo-paranoico-critico-de-salvador-dali\/"},"modified":"2018-03-09T08:58:42","modified_gmt":"2018-03-09T08:58:42","slug":"el-metodo-paranoico-critico-de-salvador-dali","status":"publish","type":"post","link":"https:\/\/www.deberes.net\/tesis\/historia\/el-metodo-paranoico-critico-de-salvador-dali\/","title":{"rendered":"El metodo paranoico-critico de salvador dali"},"content":{"rendered":"<h2>Tesis doctoral de <strong> Jes\u00fas Lazaro Docio <\/strong><\/h2>\n<p>El objetivo de nuestra tesis es abrir una via de investigacion en torno a la relacion que une al m\u00e9todo paranoico-critico de dali con el psicoan\u00e1lisis su deuda con las lecturas fruedianas, asi como con otras influencias que clarifican el origen de su gestaci\u00f3n y desarrollo.  para ello, hemos realizado un recorrido por las fuentes primarias y secundarias, construyendo unas lentes graduadas que nos han servido para releer la principal aprotaci\u00f3n de dal\u00ed al surrealismo: su metodo paranoico-critico. Hemos devanado la madeja para poder elaborar el tejido que la conforma, siguiendo determinados pasos:  -primero nos hemos familizarizado con las influencias psicoanal\u00edticas de su entorno m\u00e1s cercano.  -segundo, hemos concretado los ecos asimilados por dal\u00ed a traves de algunos de los diferentes circulos teoricos y artisticos en los que indago.  -tercero, nos hemos concentrado en los textos de freud que m\u00e1s han podido repercutir en la conformaci\u00f3n de su m\u00e9todo paranoico-critico, aportando el testimonio in\u00e9dito de sus anotaciones a los textos freudianos.  -cuarto, hemos definido la ambiValencia del m\u00e9todo a la luz de sus diferentes componentes contradictorios entre si y complementarios en su forma.  -finalmente, hemos analizado dos ejemplos- el primero escrito y el segundo plastico- que consideramos clave para el entendimiento del metodo paranoico-critico: \u00abel angelus de millet\u00bb y \u00abla metamorfosis de narciso\u00bb.<\/p>\n<p>&nbsp;<\/p>\n<h3>Datos acad\u00e9micos de la tesis doctoral \u00ab<strong>El metodo paranoico-critico de salvador dali<\/strong>\u00ab<\/h3>\n<ul>\n<li><strong>T\u00edtulo de la tesis:<\/strong>\u00a0 El metodo paranoico-critico de salvador dali <\/li>\n<li><strong>Autor:<\/strong>\u00a0 Jes\u00fas Lazaro Docio <\/li>\n<li><strong>Universidad:<\/strong>\u00a0 Complutense de Madrid<\/li>\n<li><strong>Fecha de lectura de la tesis:<\/strong>\u00a0 14\/09\/2001<\/li>\n<\/ul>\n<p>&nbsp;<\/p>\n<h3>Direcci\u00f3n y tribunal<\/h3>\n<ul>\n<li><strong>Director de la tesis<\/strong>\n<ul>\n<li> Garcia De Carpi Lucia<\/li>\n<\/ul>\n<\/li>\n<li><strong>Tribunal<\/strong>\n<ul>\n<li>Presidente del tribunal: Ana Mar\u00eda Arias de coss\u00edo <\/li>\n<li>Juan  Antonio Ramirez dominguez (vocal)<\/li>\n<li>Jaime Brihuega sierra (vocal)<\/li>\n<li>eugenio Carmona mato (vocal)<\/li>\n<\/ul>\n<\/li>\n<\/ul>\n<p>&nbsp;<\/p>\n","protected":false},"excerpt":{"rendered":"<p>Tesis doctoral de Jes\u00fas Lazaro Docio El objetivo de nuestra tesis es abrir una via de investigacion en torno a [&hellip;]<\/p>\n","protected":false},"author":1,"featured_media":0,"comment_status":"open","ping_status":"open","sticky":false,"template":"","format":"standard","meta":{"site-sidebar-layout":"default","site-content-layout":"","ast-site-content-layout":"","site-content-style":"default","site-sidebar-style":"default","ast-global-header-display":"","ast-banner-title-visibility":"","ast-main-header-display":"","ast-hfb-above-header-display":"","ast-hfb-below-header-display":"","ast-hfb-mobile-header-display":"","site-post-title":"","ast-breadcrumbs-content":"","ast-featured-img":"","footer-sml-layout":"","theme-transparent-header-meta":"","adv-header-id-meta":"","stick-header-meta":"","header-above-stick-meta":"","header-main-stick-meta":"","header-below-stick-meta":"","astra-migrate-meta-layouts":"default","ast-page-background-enabled":"default","ast-page-background-meta":{"desktop":{"background-color":"var(--ast-global-color-4)","background-image":"","background-repeat":"repeat","background-position":"center center","background-size":"auto","background-attachment":"scroll","background-type":"","background-media":"","overlay-type":"","overlay-color":"","overlay-gradient":""},"tablet":{"background-color":"","background-image":"","background-repeat":"repeat","background-position":"center center","background-size":"auto","background-attachment":"scroll","background-type":"","background-media":"","overlay-type":"","overlay-color":"","overlay-gradient":""},"mobile":{"background-color":"","background-image":"","background-repeat":"repeat","background-position":"center center","background-size":"auto","background-attachment":"scroll","background-type":"","background-media":"","overlay-type":"","overlay-color":"","overlay-gradient":""}},"ast-content-background-meta":{"desktop":{"background-color":"var(--ast-global-color-5)","background-image":"","background-repeat":"repeat","background-position":"center center","background-size":"auto","background-attachment":"scroll","background-type":"","background-media":"","overlay-type":"","overlay-color":"","overlay-gradient":""},"tablet":{"background-color":"var(--ast-global-color-5)","background-image":"","background-repeat":"repeat","background-position":"center center","background-size":"auto","background-attachment":"scroll","background-type":"","background-media":"","overlay-type":"","overlay-color":"","overlay-gradient":""},"mobile":{"background-color":"var(--ast-global-color-5)","background-image":"","background-repeat":"repeat","background-position":"center center","background-size":"auto","background-attachment":"scroll","background-type":"","background-media":"","overlay-type":"","overlay-color":"","overlay-gradient":""}},"footnotes":""},"categories":[104,1014,2563,222],"tags":[5032,35860,37466,32473,41545,13422],"class_list":["post-12727","post","type-post","status-publish","format-standard","hentry","category-historia","category-historia-del-arte","category-historia-del-arte-de-los-siglos-xix-y-xx","category-historias-especializadas","tag-ana-maria-arias-de-cossio","tag-eugenio-carmona-mato","tag-garcia-de-carpi-lucia","tag-jaime-brihuega-sierra","tag-jesus-lazaro-docio","tag-juan-antonio-ramirez-dominguez"],"_links":{"self":[{"href":"https:\/\/www.deberes.net\/tesis\/wp-json\/wp\/v2\/posts\/12727","targetHints":{"allow":["GET"]}}],"collection":[{"href":"https:\/\/www.deberes.net\/tesis\/wp-json\/wp\/v2\/posts"}],"about":[{"href":"https:\/\/www.deberes.net\/tesis\/wp-json\/wp\/v2\/types\/post"}],"author":[{"embeddable":true,"href":"https:\/\/www.deberes.net\/tesis\/wp-json\/wp\/v2\/users\/1"}],"replies":[{"embeddable":true,"href":"https:\/\/www.deberes.net\/tesis\/wp-json\/wp\/v2\/comments?post=12727"}],"version-history":[{"count":0,"href":"https:\/\/www.deberes.net\/tesis\/wp-json\/wp\/v2\/posts\/12727\/revisions"}],"wp:attachment":[{"href":"https:\/\/www.deberes.net\/tesis\/wp-json\/wp\/v2\/media?parent=12727"}],"wp:term":[{"taxonomy":"category","embeddable":true,"href":"https:\/\/www.deberes.net\/tesis\/wp-json\/wp\/v2\/categories?post=12727"},{"taxonomy":"post_tag","embeddable":true,"href":"https:\/\/www.deberes.net\/tesis\/wp-json\/wp\/v2\/tags?post=12727"}],"curies":[{"name":"wp","href":"https:\/\/api.w.org\/{rel}","templated":true}]}}