{"id":12735,"date":"2018-03-09T08:58:43","date_gmt":"2018-03-09T08:58:43","guid":{"rendered":"https:\/\/www.deberes.net\/tesis\/sin-categoria\/evaluacion-de-los-programas-de-garanta%c2%ada-social-en-la-provincia-de-sevilla\/"},"modified":"2018-03-09T08:58:43","modified_gmt":"2018-03-09T08:58:43","slug":"evaluacion-de-los-programas-de-garanta%c2%ada-social-en-la-provincia-de-sevilla","status":"publish","type":"post","link":"https:\/\/www.deberes.net\/tesis\/pedagogia\/evaluacion-de-los-programas-de-garanta%c2%ada-social-en-la-provincia-de-sevilla\/","title":{"rendered":"Evaluaci\u00f3n de los programas de garant\u00edasocial en la provincia de sevilla"},"content":{"rendered":"<h2>Tesis doctoral de <strong> Salvador Luis Gutierrez Cerezo <\/strong><\/h2>\n<p>En esta tesis se realiza una evaluaci\u00f3n sobre los programas de garant\u00eda social que se encuentran funcionando en la actualidad en la provincia de sevilla<\/p>\n<p>&nbsp;<\/p>\n<h3>Datos acad\u00e9micos de la tesis doctoral \u00ab<strong>Evaluaci\u00f3n de los programas de garant\u00edasocial en la provincia de sevilla<\/strong>\u00ab<\/h3>\n<ul>\n<li><strong>T\u00edtulo de la tesis:<\/strong>\u00a0 Evaluaci\u00f3n de los programas de garant\u00edasocial en la provincia de sevilla <\/li>\n<li><strong>Autor:<\/strong>\u00a0 Salvador Luis Gutierrez Cerezo <\/li>\n<li><strong>Universidad:<\/strong>\u00a0 Sevilla<\/li>\n<li><strong>Fecha de lectura de la tesis:<\/strong>\u00a0 14\/09\/2001<\/li>\n<\/ul>\n<p>&nbsp;<\/p>\n<h3>Direcci\u00f3n y tribunal<\/h3>\n<ul>\n<li><strong>Director de la tesis<\/strong>\n<ul>\n<li>Blas Bermejo Campos<\/li>\n<\/ul>\n<\/li>\n<li><strong>Tribunal<\/strong>\n<ul>\n<li>Presidente del tribunal: Luis Miguel Villar angulo <\/li>\n<li>Jos\u00e9 ram\u00f3n Orcasitas Garc\u00eda (vocal)<\/li>\n<li>Jos\u00e9 Antonio Torres gonzalez (vocal)<\/li>\n<li> Le\u00f3n guerrero m. Jos\u00e9 (vocal)<\/li>\n<\/ul>\n<\/li>\n<\/ul>\n<p>&nbsp;<\/p>\n","protected":false},"excerpt":{"rendered":"<p>Tesis doctoral de Salvador Luis Gutierrez Cerezo En esta tesis se realiza una evaluaci\u00f3n sobre los programas de garant\u00eda social [&hellip;]<\/p>\n","protected":false},"author":1,"featured_media":0,"comment_status":"open","ping_status":"open","sticky":false,"template":"","format":"standard","meta":{"site-sidebar-layout":"default","site-content-layout":"","ast-site-content-layout":"","site-content-style":"default","site-sidebar-style":"default","ast-global-header-display":"","ast-banner-title-visibility":"","ast-main-header-display":"","ast-hfb-above-header-display":"","ast-hfb-below-header-display":"","ast-hfb-mobile-header-display":"","site-post-title":"","ast-breadcrumbs-content":"","ast-featured-img":"","footer-sml-layout":"","theme-transparent-header-meta":"","adv-header-id-meta":"","stick-header-meta":"","header-above-stick-meta":"","header-main-stick-meta":"","header-below-stick-meta":"","astra-migrate-meta-layouts":"default","ast-page-background-enabled":"default","ast-page-background-meta":{"desktop":{"background-color":"var(--ast-global-color-4)","background-image":"","background-repeat":"repeat","background-position":"center center","background-size":"auto","background-attachment":"scroll","background-type":"","background-media":"","overlay-type":"","overlay-color":"","overlay-gradient":""},"tablet":{"background-color":"","background-image":"","background-repeat":"repeat","background-position":"center center","background-size":"auto","background-attachment":"scroll","background-type":"","background-media":"","overlay-type":"","overlay-color":"","overlay-gradient":""},"mobile":{"background-color":"","background-image":"","background-repeat":"repeat","background-position":"center center","background-size":"auto","background-attachment":"scroll","background-type":"","background-media":"","overlay-type":"","overlay-color":"","overlay-gradient":""}},"ast-content-background-meta":{"desktop":{"background-color":"var(--ast-global-color-5)","background-image":"","background-repeat":"repeat","background-position":"center center","background-size":"auto","background-attachment":"scroll","background-type":"","background-media":"","overlay-type":"","overlay-color":"","overlay-gradient":""},"tablet":{"background-color":"var(--ast-global-color-5)","background-image":"","background-repeat":"repeat","background-position":"center center","background-size":"auto","background-attachment":"scroll","background-type":"","background-media":"","overlay-type":"","overlay-color":"","overlay-gradient":""},"mobile":{"background-color":"var(--ast-global-color-5)","background-image":"","background-repeat":"repeat","background-position":"center center","background-size":"auto","background-attachment":"scroll","background-type":"","background-media":"","overlay-type":"","overlay-color":"","overlay-gradient":""}},"footnotes":""},"categories":[2623,6020,1184,1141,10715,1341],"tags":[41568,35407,12962,41569,17209,41567],"class_list":["post-12735","post","type-post","status-publish","format-standard","hentry","category-educacion-basica","category-evaluacion-de-alumnos","category-organizacion-y-planificacion-de-la-educacion","category-pedagogia","category-sevilla","category-teoria-y-metodos-educativos","tag-blas-bermejo-campos","tag-jose-antonio-torres-gonzalez","tag-jose-ramon-orcasitas-garcia","tag-leon-guerrero-m-jose","tag-luis-miguel-villar-angulo","tag-salvador-luis-gutierrez-cerezo"],"_links":{"self":[{"href":"https:\/\/www.deberes.net\/tesis\/wp-json\/wp\/v2\/posts\/12735","targetHints":{"allow":["GET"]}}],"collection":[{"href":"https:\/\/www.deberes.net\/tesis\/wp-json\/wp\/v2\/posts"}],"about":[{"href":"https:\/\/www.deberes.net\/tesis\/wp-json\/wp\/v2\/types\/post"}],"author":[{"embeddable":true,"href":"https:\/\/www.deberes.net\/tesis\/wp-json\/wp\/v2\/users\/1"}],"replies":[{"embeddable":true,"href":"https:\/\/www.deberes.net\/tesis\/wp-json\/wp\/v2\/comments?post=12735"}],"version-history":[{"count":0,"href":"https:\/\/www.deberes.net\/tesis\/wp-json\/wp\/v2\/posts\/12735\/revisions"}],"wp:attachment":[{"href":"https:\/\/www.deberes.net\/tesis\/wp-json\/wp\/v2\/media?parent=12735"}],"wp:term":[{"taxonomy":"category","embeddable":true,"href":"https:\/\/www.deberes.net\/tesis\/wp-json\/wp\/v2\/categories?post=12735"},{"taxonomy":"post_tag","embeddable":true,"href":"https:\/\/www.deberes.net\/tesis\/wp-json\/wp\/v2\/tags?post=12735"}],"curies":[{"name":"wp","href":"https:\/\/api.w.org\/{rel}","templated":true}]}}