{"id":12756,"date":"2018-03-09T08:58:44","date_gmt":"2018-03-09T08:58:44","guid":{"rendered":"https:\/\/www.deberes.net\/tesis\/sin-categoria\/aplicacion-de-tecnicas-quimiometricas-para-el-desarrollo-de-nuevos-metodos-cineticos-espectrofotometricos-de-analisis\/"},"modified":"2018-03-09T08:58:44","modified_gmt":"2018-03-09T08:58:44","slug":"aplicacion-de-tecnicas-quimiometricas-para-el-desarrollo-de-nuevos-metodos-cineticos-espectrofotometricos-de-analisis","status":"publish","type":"post","link":"https:\/\/www.deberes.net\/tesis\/ciencias-medicas\/aplicacion-de-tecnicas-quimiometricas-para-el-desarrollo-de-nuevos-metodos-cineticos-espectrofotometricos-de-analisis\/","title":{"rendered":"Aplicaci\u00f3n de t\u00e9cnicas quimiom\u00e9tricas para el desarrollo de nuevos m\u00e9todos cin\u00e9ticos-espectrofotom\u00e9tricos de an\u00e1lisis"},"content":{"rendered":"<h2>Tesis doctoral de <strong> Marta Porcel Garc\u00eda <\/strong><\/h2>\n<p>La memoria consiste en una introducci\u00f3n que contiene una revisi\u00f3n cr\u00edtica del tema y cinco trabajos que aplican t\u00e9cnica quimiom\u00e9tricas lineales y no lineales para el desarrollo de nuevos metodos cin\u00e9tico-espectrofotom\u00e9tricos de an\u00e1lisis.  determinaci\u00f3n simult\u00e1nea de mezclas de metanol y etanol  se han resuelto mezclas de metanol y etanol utilizando un m\u00e9todo enzim\u00e1tico y anns como m\u00e9todo de calibraci\u00f3n multivariable. El sistema qu\u00edmico utiliza dos reacciones acopladas: la primera que es la enzim\u00e1tica donde la enzima alcohol oxidasa oxida los alcoholes primarios a aldeh\u00eddos, y la segunda, que es la indicadora, donde la p-fenilendiamina se transforma en una mezcla de productos por la acci\u00f3n catal\u00edtica de los aldeh\u00eddos obtenidos en la primera reacci\u00f3n.  determinaci\u00f3n simult\u00e1nea de enanti\u00f3meros utilizando m\u00e9todos cin\u00e9ticos.  se utiliza dicro\u00edsmo cirucular para la resoluci\u00f3n de las mezclas de los enanti\u00f3mero de la 1-feniletilamina. El m\u00e9todo se basa en la diferente velocidad de reacci\u00f3n de ambos enanti\u00f3meros con un rectivo quiral (-)- critronellal cuando se trabaja en condiciones lejanas a las de pseudo primer orde. La misma reacci\u00f3n ha sido monitorizada en condiciones de pseudo primer orden utilizado la t\u00e9cnica uv-vis y los resultados proporcionados por ambas t\u00e9cnicas han sido comparados utilizando pcr, pls y ann.  evaluaci\u00f3n de m\u00e9todos de calibraci\u00f3n multivariable, bi y tridimensionales, en an\u00e1lisis cin\u00e9tico diferencial  las t\u00e9cnicas bidimensionales mlr, pcr, pls y cr y algunos m\u00e9todos tridimensionales tales como parafac y n-pls son evaluados como m\u00e9todos de calibraci\u00f3n para la determinaci\u00f3n de mezclas ternarias en un sistema cin\u00e9tico de pseudo primer orden. Han sido primero aplicados a datos cin\u00e9tico-espectrofotom\u00e9tricos simulados. Posteriormente, han sido aplicadas a la resoluci\u00f3n de mezclas de co-ni y de co-ni-ga usando el reactivo complejante par y un sistema de mezcla de flujo inter<\/p>\n<p>&nbsp;<\/p>\n<h3>Datos acad\u00e9micos de la tesis doctoral \u00ab<strong>Aplicaci\u00f3n de t\u00e9cnicas quimiom\u00e9tricas para el desarrollo de nuevos m\u00e9todos cin\u00e9ticos-espectrofotom\u00e9tricos de an\u00e1lisis<\/strong>\u00ab<\/h3>\n<ul>\n<li><strong>T\u00edtulo de la tesis:<\/strong>\u00a0 Aplicaci\u00f3n de t\u00e9cnicas quimiom\u00e9tricas para el desarrollo de nuevos m\u00e9todos cin\u00e9ticos-espectrofotom\u00e9tricos de an\u00e1lisis <\/li>\n<li><strong>Autor:<\/strong>\u00a0 Marta Porcel Garc\u00eda <\/li>\n<li><strong>Universidad:<\/strong>\u00a0 Aut\u00f3noma de barcelona<\/li>\n<li><strong>Fecha de lectura de la tesis:<\/strong>\u00a0 15\/09\/2001<\/li>\n<\/ul>\n<p>&nbsp;<\/p>\n<h3>Direcci\u00f3n y tribunal<\/h3>\n<ul>\n<li><strong>Director de la tesis<\/strong>\n<ul>\n<li>Hortensia Iturriaga Martinez<\/li>\n<\/ul>\n<\/li>\n<li><strong>Tribunal<\/strong>\n<ul>\n<li>Presidente del tribunal: manuel Silva rodriguez <\/li>\n<li>xavier Tom\u00ed\u00a0s morer (vocal)<\/li>\n<li>Jos\u00e9 Carlos Ubide   sebasti\u00e1n (vocal)<\/li>\n<li> Ruisanchez capelastegui Mar\u00eda  iciar (vocal)<\/li>\n<\/ul>\n<\/li>\n<\/ul>\n<p>&nbsp;<\/p>\n","protected":false},"excerpt":{"rendered":"<p>Tesis doctoral de Marta Porcel Garc\u00eda La memoria consiste en una introducci\u00f3n que contiene una revisi\u00f3n cr\u00edtica del tema y [&hellip;]<\/p>\n","protected":false},"author":1,"featured_media":0,"comment_status":"open","ping_status":"open","sticky":false,"template":"","format":"standard","meta":{"site-sidebar-layout":"default","site-content-layout":"","ast-site-content-layout":"","site-content-style":"default","site-sidebar-style":"default","ast-global-header-display":"","ast-banner-title-visibility":"","ast-main-header-display":"","ast-hfb-above-header-display":"","ast-hfb-below-header-display":"","ast-hfb-mobile-header-display":"","site-post-title":"","ast-breadcrumbs-content":"","ast-featured-img":"","footer-sml-layout":"","theme-transparent-header-meta":"","adv-header-id-meta":"","stick-header-meta":"","header-above-stick-meta":"","header-main-stick-meta":"","header-below-stick-meta":"","astra-migrate-meta-layouts":"default","ast-page-background-enabled":"default","ast-page-background-meta":{"desktop":{"background-color":"var(--ast-global-color-4)","background-image":"","background-repeat":"repeat","background-position":"center center","background-size":"auto","background-attachment":"scroll","background-type":"","background-media":"","overlay-type":"","overlay-color":"","overlay-gradient":""},"tablet":{"background-color":"","background-image":"","background-repeat":"repeat","background-position":"center center","background-size":"auto","background-attachment":"scroll","background-type":"","background-media":"","overlay-type":"","overlay-color":"","overlay-gradient":""},"mobile":{"background-color":"","background-image":"","background-repeat":"repeat","background-position":"center center","background-size":"auto","background-attachment":"scroll","background-type":"","background-media":"","overlay-type":"","overlay-color":"","overlay-gradient":""}},"ast-content-background-meta":{"desktop":{"background-color":"var(--ast-global-color-5)","background-image":"","background-repeat":"repeat","background-position":"center center","background-size":"auto","background-attachment":"scroll","background-type":"","background-media":"","overlay-type":"","overlay-color":"","overlay-gradient":""},"tablet":{"background-color":"var(--ast-global-color-5)","background-image":"","background-repeat":"repeat","background-position":"center center","background-size":"auto","background-attachment":"scroll","background-type":"","background-media":"","overlay-type":"","overlay-color":"","overlay-gradient":""},"mobile":{"background-color":"var(--ast-global-color-5)","background-image":"","background-repeat":"repeat","background-position":"center center","background-size":"auto","background-attachment":"scroll","background-type":"","background-media":"","overlay-type":"","overlay-color":"","overlay-gradient":""}},"footnotes":""},"categories":[339,9,2745,604,957,199,17,18,457,560],"tags":[29346,41628,5258,41627,18798,33053],"class_list":["post-12756","post","type-post","status-publish","format-standard","hentry","category-analisis-de-farmacos","category-ciencias-medicas","category-cinetica-quimica","category-espectroscopia-de-absorcion","category-farmacologia","category-fisica","category-quimica","category-quimica-analitica","category-quimica-farmaceutica","category-quimica-fisica","tag-hortensia-iturriaga-Martinez","tag-jose-carlos-ubide-sebastian","tag-manuel-silva-rodriguez","tag-marta-porcel-garcia","tag-ruisanchez-capelastegui-maria-iciar","tag-xavier-tomi-s-morer"],"_links":{"self":[{"href":"https:\/\/www.deberes.net\/tesis\/wp-json\/wp\/v2\/posts\/12756","targetHints":{"allow":["GET"]}}],"collection":[{"href":"https:\/\/www.deberes.net\/tesis\/wp-json\/wp\/v2\/posts"}],"about":[{"href":"https:\/\/www.deberes.net\/tesis\/wp-json\/wp\/v2\/types\/post"}],"author":[{"embeddable":true,"href":"https:\/\/www.deberes.net\/tesis\/wp-json\/wp\/v2\/users\/1"}],"replies":[{"embeddable":true,"href":"https:\/\/www.deberes.net\/tesis\/wp-json\/wp\/v2\/comments?post=12756"}],"version-history":[{"count":0,"href":"https:\/\/www.deberes.net\/tesis\/wp-json\/wp\/v2\/posts\/12756\/revisions"}],"wp:attachment":[{"href":"https:\/\/www.deberes.net\/tesis\/wp-json\/wp\/v2\/media?parent=12756"}],"wp:term":[{"taxonomy":"category","embeddable":true,"href":"https:\/\/www.deberes.net\/tesis\/wp-json\/wp\/v2\/categories?post=12756"},{"taxonomy":"post_tag","embeddable":true,"href":"https:\/\/www.deberes.net\/tesis\/wp-json\/wp\/v2\/tags?post=12756"}],"curies":[{"name":"wp","href":"https:\/\/api.w.org\/{rel}","templated":true}]}}