{"id":12781,"date":"2018-03-09T08:58:46","date_gmt":"2018-03-09T08:58:46","guid":{"rendered":"https:\/\/www.deberes.net\/tesis\/sin-categoria\/las-publicaciones-periodicas-de-arquitectura-espana-1897-1937\/"},"modified":"2018-03-09T08:58:46","modified_gmt":"2018-03-09T08:58:46","slug":"las-publicaciones-periodicas-de-arquitectura-espana-1897-1937","status":"publish","type":"post","link":"https:\/\/www.deberes.net\/tesis\/linguistica\/las-publicaciones-periodicas-de-arquitectura-espana-1897-1937\/","title":{"rendered":"Las publicaciones peri\u00f3dicas de arquitectura. espa\u00f1a 1897-1937"},"content":{"rendered":"<h2>Tesis doctoral de <strong> Eva Hurtado Toran <\/strong><\/h2>\n<p>Las publicaciones peri\u00f3dicas de arquitectura en espa\u00f1a, desde su inicio a mediados del siglo xix, hasta la guerra civil, se estudian en comparaci\u00f3n con las publicaciones extranjeras.  se analizan por su relaci\u00f3n respecto del espiritu de contemporaneidad e internacionalismo que caracteriza el llamado movimiento moderno para la arquitectura.  con las revistas literarias y las de arte como antecedentes, y gracias a la evoluci\u00f3n de la fotograf\u00eda y los medios de reproducci\u00f3n, la importancia de estos medios para la difusi\u00f3n de la arquitectura introduce un aspecto fundamental ppara el propio desarrollo de la arquitectura, as\u00ed como para la historiograf\u00eda.  los rostros del periodismo arquitect\u00f3nico y los contenidos de unas cincuenta revistas que se editan en espa\u00f1a durante este periodo, pone de manifiesto las existencia de actitudes de renovaci\u00f3n, no obstante nuestra posici\u00f3n perif\u00e9rica respecto de los centros de las vanguardias, as\u00ed como la conexi\u00f3n con los acontecimientos del exterior.  la mitolog\u00eda que compone los ismos del arte, as\u00ed como el racionalismo arquitect\u00f3nico, se configura en referencia directa a lo que las revistas de arquitectura difunden, cuya revisi\u00f3n permite matizar lo que conocemos a trav\u00e9s de otras indagaciones.  es una narraci\u00f3n cronol\u00f3gica no estricta, que busca la agrupaci\u00f3n de publicaciones por sus caracter\u00edsticas (pioneras, ingenier\u00eda y construcci\u00f3n, arte, tradicionales, oficiales, ismos, vanguardias, racionalismo, y exilio), el trabajo prtende iniciar una catalogaci\u00f3n, de ning\u00fan modo exhaustiva ni cerrada.<\/p>\n<p>&nbsp;<\/p>\n<h3>Datos acad\u00e9micos de la tesis doctoral \u00ab<strong>Las publicaciones peri\u00f3dicas de arquitectura. espa\u00f1a 1897-1937<\/strong>\u00ab<\/h3>\n<ul>\n<li><strong>T\u00edtulo de la tesis:<\/strong>\u00a0 Las publicaciones peri\u00f3dicas de arquitectura. espa\u00f1a 1897-1937 <\/li>\n<li><strong>Autor:<\/strong>\u00a0 Eva Hurtado Toran <\/li>\n<li><strong>Universidad:<\/strong>\u00a0 Polit\u00e9cnica de Madrid<\/li>\n<li><strong>Fecha de lectura de la tesis:<\/strong>\u00a0 17\/09\/2001<\/li>\n<\/ul>\n<p>&nbsp;<\/p>\n<h3>Direcci\u00f3n y tribunal<\/h3>\n<ul>\n<li><strong>Director de la tesis<\/strong>\n<ul>\n<li>Miguel Angel Baldellou Santolaria<\/li>\n<\/ul>\n<\/li>\n<li><strong>Tribunal<\/strong>\n<ul>\n<li>Presidente del tribunal: Carlos Sambricio rivera de echegaray <\/li>\n<li>Jos\u00e9 m. Torres nadal (vocal)<\/li>\n<li>Mar\u00eda teresa Mu\u00f1oz jim\u00e9nez (vocal)<\/li>\n<li> Navarro segura Mar\u00eda  isabel (vocal)<\/li>\n<\/ul>\n<\/li>\n<\/ul>\n<p>&nbsp;<\/p>\n","protected":false},"excerpt":{"rendered":"<p>Tesis doctoral de Eva Hurtado Toran Las publicaciones peri\u00f3dicas de arquitectura en espa\u00f1a, desde su inicio a mediados del siglo [&hellip;]<\/p>\n","protected":false},"author":1,"featured_media":0,"comment_status":"open","ping_status":"open","sticky":false,"template":"","format":"standard","meta":{"site-sidebar-layout":"default","site-content-layout":"","ast-site-content-layout":"","site-content-style":"default","site-sidebar-style":"default","ast-global-header-display":"","ast-banner-title-visibility":"","ast-main-header-display":"","ast-hfb-above-header-display":"","ast-hfb-below-header-display":"","ast-hfb-mobile-header-display":"","site-post-title":"","ast-breadcrumbs-content":"","ast-featured-img":"","footer-sml-layout":"","theme-transparent-header-meta":"","adv-header-id-meta":"","stick-header-meta":"","header-above-stick-meta":"","header-main-stick-meta":"","header-below-stick-meta":"","astra-migrate-meta-layouts":"default","ast-page-background-enabled":"default","ast-page-background-meta":{"desktop":{"background-color":"var(--ast-global-color-4)","background-image":"","background-repeat":"repeat","background-position":"center center","background-size":"auto","background-attachment":"scroll","background-type":"","background-media":"","overlay-type":"","overlay-color":"","overlay-gradient":""},"tablet":{"background-color":"","background-image":"","background-repeat":"repeat","background-position":"center center","background-size":"auto","background-attachment":"scroll","background-type":"","background-media":"","overlay-type":"","overlay-color":"","overlay-gradient":""},"mobile":{"background-color":"","background-image":"","background-repeat":"repeat","background-position":"center center","background-size":"auto","background-attachment":"scroll","background-type":"","background-media":"","overlay-type":"","overlay-color":"","overlay-gradient":""}},"ast-content-background-meta":{"desktop":{"background-color":"var(--ast-global-color-5)","background-image":"","background-repeat":"repeat","background-position":"center center","background-size":"auto","background-attachment":"scroll","background-type":"","background-media":"","overlay-type":"","overlay-color":"","overlay-gradient":""},"tablet":{"background-color":"var(--ast-global-color-5)","background-image":"","background-repeat":"repeat","background-position":"center center","background-size":"auto","background-attachment":"scroll","background-type":"","background-media":"","overlay-type":"","overlay-color":"","overlay-gradient":""},"mobile":{"background-color":"var(--ast-global-color-5)","background-image":"","background-repeat":"repeat","background-position":"center center","background-size":"auto","background-attachment":"scroll","background-type":"","background-media":"","overlay-type":"","overlay-color":"","overlay-gradient":""}},"footnotes":""},"categories":[4509,33050,147,12564,59,60,16008],"tags":[10444,41706,41707,15715,16076,41708],"class_list":["post-12781","post","type-post","status-publish","format-standard","hentry","category-arquitectura","category-bibliometria","category-ciencias-de-las-artes-y-las-letras","category-diseno-arquitectonico","category-linguistica","category-linguistica-aplicada","category-politecnica-de-madrid","tag-carlos-sambricio-rivera-de-echegaray","tag-eva-hurtado-toran","tag-jose-m-torres-nadal","tag-maria-teresa-munoz-jimenez","tag-miguel-angel-baldellou-santolaria","tag-navarro-segura-maria-isabel"],"_links":{"self":[{"href":"https:\/\/www.deberes.net\/tesis\/wp-json\/wp\/v2\/posts\/12781","targetHints":{"allow":["GET"]}}],"collection":[{"href":"https:\/\/www.deberes.net\/tesis\/wp-json\/wp\/v2\/posts"}],"about":[{"href":"https:\/\/www.deberes.net\/tesis\/wp-json\/wp\/v2\/types\/post"}],"author":[{"embeddable":true,"href":"https:\/\/www.deberes.net\/tesis\/wp-json\/wp\/v2\/users\/1"}],"replies":[{"embeddable":true,"href":"https:\/\/www.deberes.net\/tesis\/wp-json\/wp\/v2\/comments?post=12781"}],"version-history":[{"count":0,"href":"https:\/\/www.deberes.net\/tesis\/wp-json\/wp\/v2\/posts\/12781\/revisions"}],"wp:attachment":[{"href":"https:\/\/www.deberes.net\/tesis\/wp-json\/wp\/v2\/media?parent=12781"}],"wp:term":[{"taxonomy":"category","embeddable":true,"href":"https:\/\/www.deberes.net\/tesis\/wp-json\/wp\/v2\/categories?post=12781"},{"taxonomy":"post_tag","embeddable":true,"href":"https:\/\/www.deberes.net\/tesis\/wp-json\/wp\/v2\/tags?post=12781"}],"curies":[{"name":"wp","href":"https:\/\/api.w.org\/{rel}","templated":true}]}}