{"id":12789,"date":"2018-03-09T08:58:47","date_gmt":"2018-03-09T08:58:47","guid":{"rendered":"https:\/\/www.deberes.net\/tesis\/sin-categoria\/cuadernos-para-el-dialogo-un-modelo-de-periodismo-cra%c2%adtico\/"},"modified":"2018-03-09T08:58:47","modified_gmt":"2018-03-09T08:58:47","slug":"cuadernos-para-el-dialogo-un-modelo-de-periodismo-cra%c2%adtico","status":"publish","type":"post","link":"https:\/\/www.deberes.net\/tesis\/ciencia-politica\/cuadernos-para-el-dialogo-un-modelo-de-periodismo-cra%c2%adtico\/","title":{"rendered":"Cuadernos para el dialogo: un modelo de periodismo cr\u00edtico"},"content":{"rendered":"<h2>Tesis doctoral de <strong> Francisco Javier Davara Torrego <\/strong><\/h2>\n<p>La tesis doctoral, trata de un estudio diacr\u00f3nico hemerogr\u00e1fico, y tem\u00e1tico de los distintos n\u00fameros de la colecci\u00f3n de la citada revista. En primer lugar se formula un marco te\u00f3rico y conceptual basado en las mas modernas teor\u00edas del periodismo y de la comunicaci\u00f3n, para llegar a definir el denominado periodismo cr\u00edtico. A continuaci\u00f3n se aborda las referencias b\u00e1sicas, tanto hist\u00f3ricas, normativas y period\u00edsticas de los a\u00f1os de publicaci\u00f3n de la citada revista, con especial incidencia en el estudio de la figura de joaqu\u00edn ru\u00edz-gim\u00e9nez, pol\u00edtico fundador de la publicaci\u00f3n estudiada.  desde estas perspectivas metodol\u00f3gicas se aborda el an\u00e1lisis de la revista, dividiendo la \u00e9poca de publicaci\u00f3n en tres etapas perfectamente definidas a las cuales se aplican las t\u00e9cnicas metodol\u00f3gicas y anal\u00edticas propias del an\u00e1lisis de los mensajes period\u00edsticos mas recientes. La revista analziada es un ejemplo muy claro de periodismo cr\u00edtico al cumplir las condiciones definidas en este concepto y desarrolladas en la investigaci\u00f3n.<\/p>\n<p>&nbsp;<\/p>\n<h3>Datos acad\u00e9micos de la tesis doctoral \u00ab<strong>Cuadernos para el dialogo: un modelo de periodismo cr\u00edtico<\/strong>\u00ab<\/h3>\n<ul>\n<li><strong>T\u00edtulo de la tesis:<\/strong>\u00a0 Cuadernos para el dialogo: un modelo de periodismo cr\u00edtico <\/li>\n<li><strong>Autor:<\/strong>\u00a0 Francisco Javier Davara Torrego <\/li>\n<li><strong>Universidad:<\/strong>\u00a0 Complutense de Madrid<\/li>\n<li><strong>Fecha de lectura de la tesis:<\/strong>\u00a0 18\/09\/2001<\/li>\n<\/ul>\n<p>&nbsp;<\/p>\n<h3>Direcci\u00f3n y tribunal<\/h3>\n<ul>\n<li><strong>Director de la tesis<\/strong>\n<ul>\n<li>Jos\u00e9 Luis Martinez Albertos<\/li>\n<\/ul>\n<\/li>\n<li><strong>Tribunal<\/strong>\n<ul>\n<li>Presidente del tribunal: Luisa Santamaria suarez <\/li>\n<li>Juan Cantavella blasco (vocal)<\/li>\n<li>pedro Farias garcia (vocal)<\/li>\n<li>pedro Paniagua santamar\u00eda (vocal)<\/li>\n<\/ul>\n<\/li>\n<\/ul>\n<p>&nbsp;<\/p>\n","protected":false},"excerpt":{"rendered":"<p>Tesis doctoral de Francisco Javier Davara Torrego La tesis doctoral, trata de un estudio diacr\u00f3nico hemerogr\u00e1fico, y tem\u00e1tico de los [&hellip;]<\/p>\n","protected":false},"author":1,"featured_media":0,"comment_status":"open","ping_status":"open","sticky":false,"template":"","format":"standard","meta":{"site-sidebar-layout":"default","site-content-layout":"","ast-site-content-layout":"","site-content-style":"default","site-sidebar-style":"default","ast-global-header-display":"","ast-banner-title-visibility":"","ast-main-header-display":"","ast-hfb-above-header-display":"","ast-hfb-below-header-display":"","ast-hfb-mobile-header-display":"","site-post-title":"","ast-breadcrumbs-content":"","ast-featured-img":"","footer-sml-layout":"","theme-transparent-header-meta":"","adv-header-id-meta":"","stick-header-meta":"","header-above-stick-meta":"","header-main-stick-meta":"","header-below-stick-meta":"","astra-migrate-meta-layouts":"default","ast-page-background-enabled":"default","ast-page-background-meta":{"desktop":{"background-color":"var(--ast-global-color-4)","background-image":"","background-repeat":"repeat","background-position":"center center","background-size":"auto","background-attachment":"scroll","background-type":"","background-media":"","overlay-type":"","overlay-color":"","overlay-gradient":""},"tablet":{"background-color":"","background-image":"","background-repeat":"repeat","background-position":"center center","background-size":"auto","background-attachment":"scroll","background-type":"","background-media":"","overlay-type":"","overlay-color":"","overlay-gradient":""},"mobile":{"background-color":"","background-image":"","background-repeat":"repeat","background-position":"center center","background-size":"auto","background-attachment":"scroll","background-type":"","background-media":"","overlay-type":"","overlay-color":"","overlay-gradient":""}},"ast-content-background-meta":{"desktop":{"background-color":"var(--ast-global-color-5)","background-image":"","background-repeat":"repeat","background-position":"center center","background-size":"auto","background-attachment":"scroll","background-type":"","background-media":"","overlay-type":"","overlay-color":"","overlay-gradient":""},"tablet":{"background-color":"var(--ast-global-color-5)","background-image":"","background-repeat":"repeat","background-position":"center center","background-size":"auto","background-attachment":"scroll","background-type":"","background-media":"","overlay-type":"","overlay-color":"","overlay-gradient":""},"mobile":{"background-color":"var(--ast-global-color-5)","background-image":"","background-repeat":"repeat","background-position":"center center","background-size":"auto","background-attachment":"scroll","background-type":"","background-media":"","overlay-type":"","overlay-color":"","overlay-gradient":""}},"footnotes":""},"categories":[838,4840,4841],"tags":[41723,5208,5207,5209,4830,41724],"class_list":["post-12789","post","type-post","status-publish","format-standard","hentry","category-ciencia-politica","category-opinion-publica","category-prensa","tag-francisco-javier-davara-torrego","tag-jose-luis-Martinez-albertos","tag-juan-cantavella-blasco","tag-luisa-santamaria-suarez","tag-pedro-farias-garcia","tag-pedro-paniagua-santamaria"],"_links":{"self":[{"href":"https:\/\/www.deberes.net\/tesis\/wp-json\/wp\/v2\/posts\/12789","targetHints":{"allow":["GET"]}}],"collection":[{"href":"https:\/\/www.deberes.net\/tesis\/wp-json\/wp\/v2\/posts"}],"about":[{"href":"https:\/\/www.deberes.net\/tesis\/wp-json\/wp\/v2\/types\/post"}],"author":[{"embeddable":true,"href":"https:\/\/www.deberes.net\/tesis\/wp-json\/wp\/v2\/users\/1"}],"replies":[{"embeddable":true,"href":"https:\/\/www.deberes.net\/tesis\/wp-json\/wp\/v2\/comments?post=12789"}],"version-history":[{"count":0,"href":"https:\/\/www.deberes.net\/tesis\/wp-json\/wp\/v2\/posts\/12789\/revisions"}],"wp:attachment":[{"href":"https:\/\/www.deberes.net\/tesis\/wp-json\/wp\/v2\/media?parent=12789"}],"wp:term":[{"taxonomy":"category","embeddable":true,"href":"https:\/\/www.deberes.net\/tesis\/wp-json\/wp\/v2\/categories?post=12789"},{"taxonomy":"post_tag","embeddable":true,"href":"https:\/\/www.deberes.net\/tesis\/wp-json\/wp\/v2\/tags?post=12789"}],"curies":[{"name":"wp","href":"https:\/\/api.w.org\/{rel}","templated":true}]}}