{"id":12807,"date":"2018-03-09T08:58:49","date_gmt":"2018-03-09T08:58:49","guid":{"rendered":"https:\/\/www.deberes.net\/tesis\/sin-categoria\/la-fallida-insitucionalizacion-del-regimen-de-franco-la-operacion-arrese-de-1956\/"},"modified":"2018-03-09T08:58:49","modified_gmt":"2018-03-09T08:58:49","slug":"la-fallida-insitucionalizacion-del-regimen-de-franco-la-operacion-arrese-de-1956","status":"publish","type":"post","link":"https:\/\/www.deberes.net\/tesis\/historia\/la-fallida-insitucionalizacion-del-regimen-de-franco-la-operacion-arrese-de-1956\/","title":{"rendered":"La fallida insitucionalizaci\u00f3n del r\u00e9gimen de franco: la operaci\u00f3n arrese de 1956"},"content":{"rendered":"<h2>Tesis doctoral de <strong> Alvaro Diego De Gonzalez <\/strong><\/h2>\n<p>En 1956 jos\u00e9 luis de arresem ninistro secretario general del movimiento, trat\u00f3 de disciplinar tres leyes fundamentales que aseguran las superivencia del estado surgido de la guerra civil a la desaparaci\u00f3n de franco.Atacado desde diferentes frentes, con la acusaci\u00f3n de querer reverdecer el totalitarismo. arrese hubo de interrumpir finalmente la tramitaci\u00f3n de sus proyectos legales.  la presente tesis doctoral analiza esta operaci\u00f3n constitucional, que tuvo doble virtualidad. En primer lugar, decidi\u00f3, por reacci\u00f3n, la l\u00ednea pol\u00edtica cuasi defintiiva del estado de franco, esto es, una \u00abtecnocracia\u00bb que desarroll\u00f3 econ\u00f3micamente espa\u00f1a y previ\u00f3 un rey en la m\u00e1xima magistratura del estado, ampliamente facultado como para poder desmontar el r\u00e9gimen personalista derivado del conflicto cainita.  adem\u00e1, demostr\u00f3, con un debate pol\u00edtico (en torno a las leyes fundamentales) hasta entonces in\u00e9dito en el franquismo, que las \u00abfamilias\u00bb sustentadoras del sistema no estban de acuerdo en la manera de sotenerlo a la muerte del general franco.<\/p>\n<p>&nbsp;<\/p>\n<h3>Datos acad\u00e9micos de la tesis doctoral \u00ab<strong>La fallida insitucionalizaci\u00f3n del r\u00e9gimen de franco: la operaci\u00f3n arrese de 1956<\/strong>\u00ab<\/h3>\n<ul>\n<li><strong>T\u00edtulo de la tesis:<\/strong>\u00a0 La fallida insitucionalizaci\u00f3n del r\u00e9gimen de franco: la operaci\u00f3n arrese de 1956 <\/li>\n<li><strong>Autor:<\/strong>\u00a0 Alvaro Diego De Gonzalez <\/li>\n<li><strong>Universidad:<\/strong>\u00a0 San pablo-ceu<\/li>\n<li><strong>Fecha de lectura de la tesis:<\/strong>\u00a0 18\/09\/2001<\/li>\n<\/ul>\n<p>&nbsp;<\/p>\n<h3>Direcci\u00f3n y tribunal<\/h3>\n<ul>\n<li><strong>Director de la tesis<\/strong>\n<ul>\n<li>Alfonso Bull\u00f3n De Mendoza G\u00f3mez De Valugera<\/li>\n<\/ul>\n<\/li>\n<li><strong>Tribunal<\/strong>\n<ul>\n<li>Presidente del tribunal: Luis Su\u00e1rez fern\u00e1ndez <\/li>\n<li>Juan  pablo Fusi aizpurua (vocal)<\/li>\n<li>Antonio Fern\u00e1ndez Garc\u00eda (vocal)<\/li>\n<li>Emilio Lamo de espinosa (vocal)<\/li>\n<\/ul>\n<\/li>\n<\/ul>\n<p>&nbsp;<\/p>\n","protected":false},"excerpt":{"rendered":"<p>Tesis doctoral de Alvaro Diego De Gonzalez En 1956 jos\u00e9 luis de arresem ninistro secretario general del movimiento, trat\u00f3 de [&hellip;]<\/p>\n","protected":false},"author":1,"featured_media":0,"comment_status":"open","ping_status":"open","sticky":false,"template":"","format":"standard","meta":{"site-sidebar-layout":"default","site-content-layout":"","ast-site-content-layout":"","site-content-style":"default","site-sidebar-style":"default","ast-global-header-display":"","ast-banner-title-visibility":"","ast-main-header-display":"","ast-hfb-above-header-display":"","ast-hfb-below-header-display":"","ast-hfb-mobile-header-display":"","site-post-title":"","ast-breadcrumbs-content":"","ast-featured-img":"","footer-sml-layout":"","theme-transparent-header-meta":"","adv-header-id-meta":"","stick-header-meta":"","header-above-stick-meta":"","header-main-stick-meta":"","header-below-stick-meta":"","astra-migrate-meta-layouts":"default","ast-page-background-enabled":"default","ast-page-background-meta":{"desktop":{"background-color":"var(--ast-global-color-4)","background-image":"","background-repeat":"repeat","background-position":"center center","background-size":"auto","background-attachment":"scroll","background-type":"","background-media":"","overlay-type":"","overlay-color":"","overlay-gradient":""},"tablet":{"background-color":"","background-image":"","background-repeat":"repeat","background-position":"center center","background-size":"auto","background-attachment":"scroll","background-type":"","background-media":"","overlay-type":"","overlay-color":"","overlay-gradient":""},"mobile":{"background-color":"","background-image":"","background-repeat":"repeat","background-position":"center center","background-size":"auto","background-attachment":"scroll","background-type":"","background-media":"","overlay-type":"","overlay-color":"","overlay-gradient":""}},"ast-content-background-meta":{"desktop":{"background-color":"var(--ast-global-color-5)","background-image":"","background-repeat":"repeat","background-position":"center center","background-size":"auto","background-attachment":"scroll","background-type":"","background-media":"","overlay-type":"","overlay-color":"","overlay-gradient":""},"tablet":{"background-color":"var(--ast-global-color-5)","background-image":"","background-repeat":"repeat","background-position":"center center","background-size":"auto","background-attachment":"scroll","background-type":"","background-media":"","overlay-type":"","overlay-color":"","overlay-gradient":""},"mobile":{"background-color":"var(--ast-global-color-5)","background-image":"","background-repeat":"repeat","background-position":"center center","background-size":"auto","background-attachment":"scroll","background-type":"","background-media":"","overlay-type":"","overlay-color":"","overlay-gradient":""}},"footnotes":""},"categories":[104,1816,220,39800],"tags":[41773,41772,5185,7323,6662,12715],"class_list":["post-12807","post","type-post","status-publish","format-standard","hentry","category-historia","category-historia-contemporanea","category-historia-por-epocas","category-san-pablo-ceu","tag-alfonso-bullon-de-mendoza-gomez-de-valugera","tag-alvaro-diego-de-gonzalez","tag-antonio-fernandez-garcia","tag-emilio-lamo-de-espinosa","tag-juan-pablo-fusi-aizpurua","tag-luis-suarez-fernandez"],"_links":{"self":[{"href":"https:\/\/www.deberes.net\/tesis\/wp-json\/wp\/v2\/posts\/12807","targetHints":{"allow":["GET"]}}],"collection":[{"href":"https:\/\/www.deberes.net\/tesis\/wp-json\/wp\/v2\/posts"}],"about":[{"href":"https:\/\/www.deberes.net\/tesis\/wp-json\/wp\/v2\/types\/post"}],"author":[{"embeddable":true,"href":"https:\/\/www.deberes.net\/tesis\/wp-json\/wp\/v2\/users\/1"}],"replies":[{"embeddable":true,"href":"https:\/\/www.deberes.net\/tesis\/wp-json\/wp\/v2\/comments?post=12807"}],"version-history":[{"count":0,"href":"https:\/\/www.deberes.net\/tesis\/wp-json\/wp\/v2\/posts\/12807\/revisions"}],"wp:attachment":[{"href":"https:\/\/www.deberes.net\/tesis\/wp-json\/wp\/v2\/media?parent=12807"}],"wp:term":[{"taxonomy":"category","embeddable":true,"href":"https:\/\/www.deberes.net\/tesis\/wp-json\/wp\/v2\/categories?post=12807"},{"taxonomy":"post_tag","embeddable":true,"href":"https:\/\/www.deberes.net\/tesis\/wp-json\/wp\/v2\/tags?post=12807"}],"curies":[{"name":"wp","href":"https:\/\/api.w.org\/{rel}","templated":true}]}}