{"id":12812,"date":"2018-03-09T08:58:49","date_gmt":"2018-03-09T08:58:49","guid":{"rendered":"https:\/\/www.deberes.net\/tesis\/sin-categoria\/la-problematica-fa%c2%adsica-psicologica-y-social-en-mujeres-va%c2%adctimas-de-violencia\/"},"modified":"2018-03-09T08:58:49","modified_gmt":"2018-03-09T08:58:49","slug":"la-problematica-fa%c2%adsica-psicologica-y-social-en-mujeres-va%c2%adctimas-de-violencia","status":"publish","type":"post","link":"https:\/\/www.deberes.net\/tesis\/sociologia\/la-problematica-fa%c2%adsica-psicologica-y-social-en-mujeres-va%c2%adctimas-de-violencia\/","title":{"rendered":"La problem\u00e1tica f\u00edsica, psicol\u00f3gica y social en mujeres v\u00edctimas de violencia"},"content":{"rendered":"<h2>Tesis doctoral de <strong> Elena Soler Herreros <\/strong><\/h2>\n<p>Entre los efectos de la violencia dom\u00e9stica y sexual contra la mujer en su salud, la literatura se\u00f1ala que a nivel f\u00edsico, las m\u00e1s frecuentes son las asociadas al dolor y las alteraciones gastrointestinales.A nivel psicol\u00f3gico la depresi\u00f3n, la ansiedad y el trastorno de estr\u00e9s postraum\u00e1tico son las m\u00e1s prevalentes. Cabe se\u00f1alar, que la literatura m\u00e1s reciente se\u00f1ala la importancia de clarificar los aspectos conceptuales de las definiciones de las diversas formas de violencia ante la falta de consenso de las definiciones, as\u00ed como la necesidad de resultados con instrumentos adecuados y estandarizados.  dentro de este marco, el siguiente trabajo tuvo como princiaples objetivos, la elaboraci\u00f3n de un protocolo de evaluaci\u00f3n breve, sencillo y concreto que valorara, en una primera entrevista, el estado emocional de la mujer v\u00edctima de violencia dom\u00e9stica y sexual, as\u00ed como el estudio de las variables sociodemogr\u00e1ficas, f\u00edsicas y psicol\u00f3gicas asociadas a dicha violencia. la muestra est\u00e1 formada por 861 mujeres v\u00edctimas de violencia dom\u00e9stica y sexual que hab\u00edan sido antendidas en el centro mujer 24 horas de la direcci\u00f3n general de Valencia, dependiente de la generalitat Valenciana.  los an\u00e1lisis estad\u00edsticos realizados (an\u00e1lisis factorial de componentes principales y an\u00e1lisis factorial confirmatorio) para estudiar la estructura factorial del protocolo de evaluaci\u00f3n psicol\u00f3gica (centro mujer 24 horas. direcci\u00f3n general de la mujer), han dado como resultado un instrumento de evaluaci\u00f3n de la respuesta emocional a la violencia (rev), que a trav\u00e9s de 22 \u00edtems, ofrece indicadores de depresi\u00f3n, de ansiedad, de ajuste psicosocial y de humor irritable, con buenos \u00edndices de fiabilidad. Los resultados obtenidos a trav\u00e9s del rev. Han puesto de manifiesto los niveles depresi\u00f3n, ansiedad, desajustes psicosociales y humor irritable en las mujeres v\u00edctimas de maltrato f\u00edsico\/ps\u00edquico, maltrato psicol\u00f3gico, abuso sexu<\/p>\n<p>&nbsp;<\/p>\n<h3>Datos acad\u00e9micos de la tesis doctoral \u00ab<strong>La problem\u00e1tica f\u00edsica, psicol\u00f3gica y social en mujeres v\u00edctimas de violencia<\/strong>\u00ab<\/h3>\n<ul>\n<li><strong>T\u00edtulo de la tesis:<\/strong>\u00a0 La problem\u00e1tica f\u00edsica, psicol\u00f3gica y social en mujeres v\u00edctimas de violencia <\/li>\n<li><strong>Autor:<\/strong>\u00a0 Elena Soler Herreros <\/li>\n<li><strong>Universidad:<\/strong>\u00a0 Universitat de val\u00e9ncia (estudi general)<\/li>\n<li><strong>Fecha de lectura de la tesis:<\/strong>\u00a0 19\/09\/2001<\/li>\n<\/ul>\n<p>&nbsp;<\/p>\n<h3>Direcci\u00f3n y tribunal<\/h3>\n<ul>\n<li><strong>Director de la tesis<\/strong>\n<ul>\n<li>Mar\u00eda  Del Remedio Gonz\u00e1lez Barron<\/li>\n<\/ul>\n<\/li>\n<li><strong>Tribunal<\/strong>\n<ul>\n<li>Presidente del tribunal: enrique Echeburua odriozola <\/li>\n<li>victoria Ferrer p\u00e9rez (vocal)<\/li>\n<li> Del corral gargallo paz (vocal)<\/li>\n<li>carmen Mateu marqu\u00e9s (vocal)<\/li>\n<\/ul>\n<\/li>\n<\/ul>\n<p>&nbsp;<\/p>\n","protected":false},"excerpt":{"rendered":"<p>Tesis doctoral de Elena Soler Herreros Entre los efectos de la violencia dom\u00e9stica y sexual contra la mujer en su [&hellip;]<\/p>\n","protected":false},"author":1,"featured_media":0,"comment_status":"open","ping_status":"open","sticky":false,"template":"","format":"standard","meta":{"site-sidebar-layout":"default","site-content-layout":"","ast-site-content-layout":"","site-content-style":"default","site-sidebar-style":"default","ast-global-header-display":"","ast-banner-title-visibility":"","ast-main-header-display":"","ast-hfb-above-header-display":"","ast-hfb-below-header-display":"","ast-hfb-mobile-header-display":"","site-post-title":"","ast-breadcrumbs-content":"","ast-featured-img":"","footer-sml-layout":"","theme-transparent-header-meta":"","adv-header-id-meta":"","stick-header-meta":"","header-above-stick-meta":"","header-main-stick-meta":"","header-below-stick-meta":"","astra-migrate-meta-layouts":"default","ast-page-background-enabled":"default","ast-page-background-meta":{"desktop":{"background-color":"var(--ast-global-color-4)","background-image":"","background-repeat":"repeat","background-position":"center center","background-size":"auto","background-attachment":"scroll","background-type":"","background-media":"","overlay-type":"","overlay-color":"","overlay-gradient":""},"tablet":{"background-color":"","background-image":"","background-repeat":"repeat","background-position":"center center","background-size":"auto","background-attachment":"scroll","background-type":"","background-media":"","overlay-type":"","overlay-color":"","overlay-gradient":""},"mobile":{"background-color":"","background-image":"","background-repeat":"repeat","background-position":"center center","background-size":"auto","background-attachment":"scroll","background-type":"","background-media":"","overlay-type":"","overlay-color":"","overlay-gradient":""}},"ast-content-background-meta":{"desktop":{"background-color":"var(--ast-global-color-5)","background-image":"","background-repeat":"repeat","background-position":"center center","background-size":"auto","background-attachment":"scroll","background-type":"","background-media":"","overlay-type":"","overlay-color":"","overlay-gradient":""},"tablet":{"background-color":"var(--ast-global-color-5)","background-image":"","background-repeat":"repeat","background-position":"center center","background-size":"auto","background-attachment":"scroll","background-type":"","background-media":"","overlay-type":"","overlay-color":"","overlay-gradient":""},"mobile":{"background-color":"var(--ast-global-color-5)","background-image":"","background-repeat":"repeat","background-position":"center center","background-size":"auto","background-attachment":"scroll","background-type":"","background-media":"","overlay-type":"","overlay-color":"","overlay-gradient":""}},"footnotes":""},"categories":[22018,17382,1175,1295,324,961,996,325,21119,269],"tags":[41787,41786,41784,5288,40514,41785],"class_list":["post-12812","post","type-post","status-publish","format-standard","hentry","category-bienestar-social","category-construccion-del-test","category-evaluacion-y-diagnostico-en-psicologia","category-problemas-y-conflictos-sociales","category-psicologia","category-psicologia-de-la-anormalidad","category-psicologia-social","category-psicopatologia","category-resolucion-de-conflictos","category-sociologia","tag-carmen-mateu-marques","tag-del-corral-gargallo-paz","tag-elena-soler-herreros","tag-enrique-echeburua-odriozola","tag-maria-del-remedio-gonzalez-barron","tag-victoria-ferrer-perez"],"_links":{"self":[{"href":"https:\/\/www.deberes.net\/tesis\/wp-json\/wp\/v2\/posts\/12812","targetHints":{"allow":["GET"]}}],"collection":[{"href":"https:\/\/www.deberes.net\/tesis\/wp-json\/wp\/v2\/posts"}],"about":[{"href":"https:\/\/www.deberes.net\/tesis\/wp-json\/wp\/v2\/types\/post"}],"author":[{"embeddable":true,"href":"https:\/\/www.deberes.net\/tesis\/wp-json\/wp\/v2\/users\/1"}],"replies":[{"embeddable":true,"href":"https:\/\/www.deberes.net\/tesis\/wp-json\/wp\/v2\/comments?post=12812"}],"version-history":[{"count":0,"href":"https:\/\/www.deberes.net\/tesis\/wp-json\/wp\/v2\/posts\/12812\/revisions"}],"wp:attachment":[{"href":"https:\/\/www.deberes.net\/tesis\/wp-json\/wp\/v2\/media?parent=12812"}],"wp:term":[{"taxonomy":"category","embeddable":true,"href":"https:\/\/www.deberes.net\/tesis\/wp-json\/wp\/v2\/categories?post=12812"},{"taxonomy":"post_tag","embeddable":true,"href":"https:\/\/www.deberes.net\/tesis\/wp-json\/wp\/v2\/tags?post=12812"}],"curies":[{"name":"wp","href":"https:\/\/api.w.org\/{rel}","templated":true}]}}