{"id":12818,"date":"2018-03-09T08:58:50","date_gmt":"2018-03-09T08:58:50","guid":{"rendered":"https:\/\/www.deberes.net\/tesis\/sin-categoria\/la-forma-dramatica-de-la-revelacion-cristiana-segun-h-u-von-balthasar\/"},"modified":"2018-03-09T08:58:50","modified_gmt":"2018-03-09T08:58:50","slug":"la-forma-dramatica-de-la-revelacion-cristiana-segun-h-u-von-balthasar","status":"publish","type":"post","link":"https:\/\/www.deberes.net\/tesis\/filosofia\/la-forma-dramatica-de-la-revelacion-cristiana-segun-h-u-von-balthasar\/","title":{"rendered":"La forma dram\u00e1tica de la revelaci\u00f3n cristiana seg\u00fan h.u von balthasar"},"content":{"rendered":"<h2>Tesis doctoral de <strong> Piotr Rossa <\/strong><\/h2>\n<p>El objeto de este estudio ha sido la teolog\u00eda de la revelaci\u00f3n de h.U. von balthasar (1905-1988). Se ha analizado el problema de la revelaci\u00f3n como el problema de la libertad, desarrollado en la &lt;&lt;dram\u00e1tica teol\u00f3gica&gt;&gt;.  el primer cap\u00edtulo, \u00abel instrumental dram\u00e1tico\u00bb, arranca desde la filosof\u00eda del ser y de los transcendentales, que est\u00e1n en la base misma de la forma dram\u00e1tica la revelaci\u00f3n seg\u00fan balthasar. En los cap\u00edtulos segundo, \u00abel teodrama original\u00bb, tercer \u00abla alianza como marco de la historia humana\u00bb, y cuarto, \u00abla nueva alianza como centro y culmen del drama universal\u00bb, se trata de verificar la hip\u00f3tesis del trabajo, mediante un an\u00e1lisis de la teolog\u00eda de la revelaci\u00f3n de balthasar, evidenciando y acentuando los &lt;&lt;acontecimientos dram\u00e1ticos&gt;&gt; expresados en la revelaci\u00f3n. Y en el cap\u00edtulo v, \u00abuna s\u00edntesis de la teolog\u00eda de la revelaci\u00f3n seg\u00fan h.U. Von balthasar\u00bb, se ha sintetizado y mostrado a base de los anteriores cap\u00edtulos, en qu\u00e9 consiste &lt;&lt;el teodrama cristiano&gt;&gt;, indicando, a la vez, sus dinamismos internos. Las \u00abconclusiones\u00bb y la \u00abbibliograf\u00eda\u00bb cierran el trabajo.  en esta tesis se subraya el di\u00e1logo que la teolog\u00eda de la revelaci\u00f3n de balthasar en tabla con la (post-) modernidad, guardando, a la vez, la autenticidad del cristianismo. El pensamiento balthasariano responde a la situaci\u00f3n del pensamiento filos\u00f3fico contempor\u00e1neo con una intenci\u00f3n cr\u00edtica que o abre a la fe.<\/p>\n<p>&nbsp;<\/p>\n<h3>Datos acad\u00e9micos de la tesis doctoral \u00ab<strong>La forma dram\u00e1tica de la revelaci\u00f3n cristiana seg\u00fan h.u von balthasar<\/strong>\u00ab<\/h3>\n<ul>\n<li><strong>T\u00edtulo de la tesis:<\/strong>\u00a0 La forma dram\u00e1tica de la revelaci\u00f3n cristiana seg\u00fan h.u von balthasar <\/li>\n<li><strong>Autor:<\/strong>\u00a0 Piotr Rossa <\/li>\n<li><strong>Universidad:<\/strong>\u00a0 Navarra<\/li>\n<li><strong>Fecha de lectura de la tesis:<\/strong>\u00a0 19\/09\/2001<\/li>\n<\/ul>\n<p>&nbsp;<\/p>\n<h3>Direcci\u00f3n y tribunal<\/h3>\n<ul>\n<li><strong>Director de la tesis<\/strong>\n<ul>\n<li> Lorda I\u00f1arra Juan  Luis<\/li>\n<\/ul>\n<\/li>\n<li><strong>Tribunal<\/strong>\n<ul>\n<li>Presidente del tribunal: Francisco Mateo-seco Lucas <\/li>\n<li>Jutta Burggraf (vocal)<\/li>\n<li> Lorda I\u00f1arra Juan  Luis (vocal)<\/li>\n<li>Miguel Lluch Baixauli (vocal)<\/li>\n<\/ul>\n<\/li>\n<\/ul>\n<p>&nbsp;<\/p>\n","protected":false},"excerpt":{"rendered":"<p>Tesis doctoral de Piotr Rossa El objeto de este estudio ha sido la teolog\u00eda de la revelaci\u00f3n de h.U. von [&hellip;]<\/p>\n","protected":false},"author":1,"featured_media":0,"comment_status":"open","ping_status":"open","sticky":false,"template":"","format":"standard","meta":{"site-sidebar-layout":"default","site-content-layout":"","ast-site-content-layout":"","site-content-style":"default","site-sidebar-style":"default","ast-global-header-display":"","ast-banner-title-visibility":"","ast-main-header-display":"","ast-hfb-above-header-display":"","ast-hfb-below-header-display":"","ast-hfb-mobile-header-display":"","site-post-title":"","ast-breadcrumbs-content":"","ast-featured-img":"","footer-sml-layout":"","theme-transparent-header-meta":"","adv-header-id-meta":"","stick-header-meta":"","header-above-stick-meta":"","header-main-stick-meta":"","header-below-stick-meta":"","astra-migrate-meta-layouts":"default","ast-page-background-enabled":"default","ast-page-background-meta":{"desktop":{"background-color":"var(--ast-global-color-4)","background-image":"","background-repeat":"repeat","background-position":"center center","background-size":"auto","background-attachment":"scroll","background-type":"","background-media":"","overlay-type":"","overlay-color":"","overlay-gradient":""},"tablet":{"background-color":"","background-image":"","background-repeat":"repeat","background-position":"center center","background-size":"auto","background-attachment":"scroll","background-type":"","background-media":"","overlay-type":"","overlay-color":"","overlay-gradient":""},"mobile":{"background-color":"","background-image":"","background-repeat":"repeat","background-position":"center center","background-size":"auto","background-attachment":"scroll","background-type":"","background-media":"","overlay-type":"","overlay-color":"","overlay-gradient":""}},"ast-content-background-meta":{"desktop":{"background-color":"var(--ast-global-color-5)","background-image":"","background-repeat":"repeat","background-position":"center center","background-size":"auto","background-attachment":"scroll","background-type":"","background-media":"","overlay-type":"","overlay-color":"","overlay-gradient":""},"tablet":{"background-color":"var(--ast-global-color-5)","background-image":"","background-repeat":"repeat","background-position":"center center","background-size":"auto","background-attachment":"scroll","background-type":"","background-media":"","overlay-type":"","overlay-color":"","overlay-gradient":""},"mobile":{"background-color":"var(--ast-global-color-5)","background-image":"","background-repeat":"repeat","background-position":"center center","background-size":"auto","background-attachment":"scroll","background-type":"","background-media":"","overlay-type":"","overlay-color":"","overlay-gradient":""}},"footnotes":""},"categories":[165,956,17749,990,18402,13455],"tags":[18076,38567,18077,32366,41801],"class_list":["post-12818","post","type-post","status-publish","format-standard","hentry","category-filosofia","category-filosofia-del-conocimiento","category-navarra","category-sistemas-filosoficos","category-sistemas-teologico-filosoficos","category-teoria-de-la-razon","tag-francisco-mateo-seco-lucas","tag-jutta-burggraf","tag-lorda-inarra-juan-luis","tag-miguel-lluch-baixauli","tag-piotr-rossa"],"_links":{"self":[{"href":"https:\/\/www.deberes.net\/tesis\/wp-json\/wp\/v2\/posts\/12818","targetHints":{"allow":["GET"]}}],"collection":[{"href":"https:\/\/www.deberes.net\/tesis\/wp-json\/wp\/v2\/posts"}],"about":[{"href":"https:\/\/www.deberes.net\/tesis\/wp-json\/wp\/v2\/types\/post"}],"author":[{"embeddable":true,"href":"https:\/\/www.deberes.net\/tesis\/wp-json\/wp\/v2\/users\/1"}],"replies":[{"embeddable":true,"href":"https:\/\/www.deberes.net\/tesis\/wp-json\/wp\/v2\/comments?post=12818"}],"version-history":[{"count":0,"href":"https:\/\/www.deberes.net\/tesis\/wp-json\/wp\/v2\/posts\/12818\/revisions"}],"wp:attachment":[{"href":"https:\/\/www.deberes.net\/tesis\/wp-json\/wp\/v2\/media?parent=12818"}],"wp:term":[{"taxonomy":"category","embeddable":true,"href":"https:\/\/www.deberes.net\/tesis\/wp-json\/wp\/v2\/categories?post=12818"},{"taxonomy":"post_tag","embeddable":true,"href":"https:\/\/www.deberes.net\/tesis\/wp-json\/wp\/v2\/tags?post=12818"}],"curies":[{"name":"wp","href":"https:\/\/api.w.org\/{rel}","templated":true}]}}