{"id":12825,"date":"2018-03-09T08:58:51","date_gmt":"2018-03-09T08:58:51","guid":{"rendered":"https:\/\/www.deberes.net\/tesis\/sin-categoria\/programacion-y-servicios-de-television-digital\/"},"modified":"2018-03-09T08:58:51","modified_gmt":"2018-03-09T08:58:51","slug":"programacion-y-servicios-de-television-digital","status":"publish","type":"post","link":"https:\/\/www.deberes.net\/tesis\/ciencia-politica\/programacion-y-servicios-de-television-digital\/","title":{"rendered":"Programaci\u00f3n y servicios de televisi\u00f3n digital"},"content":{"rendered":"<h2>Tesis doctoral de <strong>  Quiros Macanas Juan  Jos\u00e9 <\/strong><\/h2>\n<p>La tesis trata de la implantaci\u00f3n y el desarrollo de la televisi\u00f3n digital.  dividida en tres partes, la primera aborda la tecnolog\u00eda que hace posible el servicio: modelos tecnol\u00f3gicos, principios b\u00e1sicos, est\u00e1ndar europeo, interconexi\u00f3n de los nuevos equipos digitales y los anteriores equipos anal\u00f3gicos.  la segunda parte es un estudio de situaci\u00f3n del servicio digital de televisi\u00f3n en los diferentes mercados y zonas geogr\u00e1ficas. Servicios de televisi\u00f3n digital en los pa\u00edses con servicios de televisi\u00f3n m\u00e1s desarrollados y factores gen\u00e9ricos para la implantaci\u00f3n y desarrollo del servicio. En la \u00faltima parte se analiza el servicio en espa\u00f1a: antecedentes, legislaci\u00f3n, programaci\u00f3n, los servicios implantados por v\u00eda sat\u00e9lite, situaci\u00f3n de los servicios por cable y por v\u00eda terrena. La tesis finaliza con una encuesta a profesionales del medio que pron\u00f3stica sobre el futuro a corto plazo del sector, la oferta program\u00e1tica y los contenidos del servicio digital en nuestro mercado.<\/p>\n<p>&nbsp;<\/p>\n<h3>Datos acad\u00e9micos de la tesis doctoral \u00ab<strong>Programaci\u00f3n y servicios de televisi\u00f3n digital<\/strong>\u00ab<\/h3>\n<ul>\n<li><strong>T\u00edtulo de la tesis:<\/strong>\u00a0 Programaci\u00f3n y servicios de televisi\u00f3n digital <\/li>\n<li><strong>Autor:<\/strong>\u00a0  Quiros Macanas Juan  Jos\u00e9 <\/li>\n<li><strong>Universidad:<\/strong>\u00a0 Complutense de Madrid<\/li>\n<li><strong>Fecha de lectura de la tesis:<\/strong>\u00a0 20\/09\/2001<\/li>\n<\/ul>\n<p>&nbsp;<\/p>\n<h3>Direcci\u00f3n y tribunal<\/h3>\n<ul>\n<li><strong>Director de la tesis<\/strong>\n<ul>\n<li>Mar\u00eda no Cebrian Herreros<\/li>\n<\/ul>\n<\/li>\n<li><strong>Tribunal<\/strong>\n<ul>\n<li>Presidente del tribunal:  Fern\u00e1ndez del moral alfonso javier <\/li>\n<li> Pablos coello Jos\u00e9 Manuel de (vocal)<\/li>\n<li>Francisco Sanabria martin (vocal)<\/li>\n<li>Jos\u00e9 Manuel Gomez y mendez (vocal)<\/li>\n<\/ul>\n<\/li>\n<\/ul>\n<p>&nbsp;<\/p>\n","protected":false},"excerpt":{"rendered":"<p>Tesis doctoral de Quiros Macanas Juan Jos\u00e9 La tesis trata de la implantaci\u00f3n y el desarrollo de la televisi\u00f3n digital. [&hellip;]<\/p>\n","protected":false},"author":1,"featured_media":0,"comment_status":"open","ping_status":"open","sticky":false,"template":"","format":"standard","meta":{"site-sidebar-layout":"default","site-content-layout":"","ast-site-content-layout":"","site-content-style":"default","site-sidebar-style":"default","ast-global-header-display":"","ast-banner-title-visibility":"","ast-main-header-display":"","ast-hfb-above-header-display":"","ast-hfb-below-header-display":"","ast-hfb-mobile-header-display":"","site-post-title":"","ast-breadcrumbs-content":"","ast-featured-img":"","footer-sml-layout":"","theme-transparent-header-meta":"","adv-header-id-meta":"","stick-header-meta":"","header-above-stick-meta":"","header-main-stick-meta":"","header-below-stick-meta":"","astra-migrate-meta-layouts":"default","ast-page-background-enabled":"default","ast-page-background-meta":{"desktop":{"background-color":"var(--ast-global-color-4)","background-image":"","background-repeat":"repeat","background-position":"center center","background-size":"auto","background-attachment":"scroll","background-type":"","background-media":"","overlay-type":"","overlay-color":"","overlay-gradient":""},"tablet":{"background-color":"","background-image":"","background-repeat":"repeat","background-position":"center center","background-size":"auto","background-attachment":"scroll","background-type":"","background-media":"","overlay-type":"","overlay-color":"","overlay-gradient":""},"mobile":{"background-color":"","background-image":"","background-repeat":"repeat","background-position":"center center","background-size":"auto","background-attachment":"scroll","background-type":"","background-media":"","overlay-type":"","overlay-color":"","overlay-gradient":""}},"ast-content-background-meta":{"desktop":{"background-color":"var(--ast-global-color-5)","background-image":"","background-repeat":"repeat","background-position":"center center","background-size":"auto","background-attachment":"scroll","background-type":"","background-media":"","overlay-type":"","overlay-color":"","overlay-gradient":""},"tablet":{"background-color":"var(--ast-global-color-5)","background-image":"","background-repeat":"repeat","background-position":"center center","background-size":"auto","background-attachment":"scroll","background-type":"","background-media":"","overlay-type":"","overlay-color":"","overlay-gradient":""},"mobile":{"background-color":"var(--ast-global-color-5)","background-image":"","background-repeat":"repeat","background-position":"center center","background-size":"auto","background-attachment":"scroll","background-type":"","background-media":"","overlay-type":"","overlay-color":"","overlay-gradient":""}},"footnotes":""},"categories":[838,5051,4840],"tags":[5054,41822,5232,4909,22892,41821],"class_list":["post-12825","post","type-post","status-publish","format-standard","hentry","category-ciencia-politica","category-medios-de-comunicacion-de-masas","category-opinion-publica","tag-fernandez-del-moral-alfonso-javier","tag-francisco-sanabria-martin","tag-jose-manuel-gomez-y-mendez","tag-maria-no-cebrian-herreros","tag-pablos-coello-jose-manuel-de","tag-quiros-macanas-juan-jose"],"_links":{"self":[{"href":"https:\/\/www.deberes.net\/tesis\/wp-json\/wp\/v2\/posts\/12825","targetHints":{"allow":["GET"]}}],"collection":[{"href":"https:\/\/www.deberes.net\/tesis\/wp-json\/wp\/v2\/posts"}],"about":[{"href":"https:\/\/www.deberes.net\/tesis\/wp-json\/wp\/v2\/types\/post"}],"author":[{"embeddable":true,"href":"https:\/\/www.deberes.net\/tesis\/wp-json\/wp\/v2\/users\/1"}],"replies":[{"embeddable":true,"href":"https:\/\/www.deberes.net\/tesis\/wp-json\/wp\/v2\/comments?post=12825"}],"version-history":[{"count":0,"href":"https:\/\/www.deberes.net\/tesis\/wp-json\/wp\/v2\/posts\/12825\/revisions"}],"wp:attachment":[{"href":"https:\/\/www.deberes.net\/tesis\/wp-json\/wp\/v2\/media?parent=12825"}],"wp:term":[{"taxonomy":"category","embeddable":true,"href":"https:\/\/www.deberes.net\/tesis\/wp-json\/wp\/v2\/categories?post=12825"},{"taxonomy":"post_tag","embeddable":true,"href":"https:\/\/www.deberes.net\/tesis\/wp-json\/wp\/v2\/tags?post=12825"}],"curies":[{"name":"wp","href":"https:\/\/api.w.org\/{rel}","templated":true}]}}