{"id":12841,"date":"2018-03-09T08:58:52","date_gmt":"2018-03-09T08:58:52","guid":{"rendered":"https:\/\/www.deberes.net\/tesis\/sin-categoria\/estudio-de-prevalencia-y-de-factores-psicosociales-asociados-a-la-violencia-domestica-y-familiar\/"},"modified":"2018-03-09T08:58:52","modified_gmt":"2018-03-09T08:58:52","slug":"estudio-de-prevalencia-y-de-factores-psicosociales-asociados-a-la-violencia-domestica-y-familiar","status":"publish","type":"post","link":"https:\/\/www.deberes.net\/tesis\/psicologia\/estudio-de-prevalencia-y-de-factores-psicosociales-asociados-a-la-violencia-domestica-y-familiar\/","title":{"rendered":"Estudio de preValencia y de factores psicosociales asociados a la violencia dom\u00e9stica y familiar"},"content":{"rendered":"<h2>Tesis doctoral de <strong> M. Josefa Zarza Gonz\u00e1lez <\/strong><\/h2>\n<p>Estudio exploratorio de los factores psicosociales asociados a la violencia dom\u00e9stica y familiar y confirmatorio de la alta preValencia de abuso a mujeres y ni\u00f1os en la comunidad latina. Se han estudiado variables demogr\u00e1ficas (nivel educativo, el estatus de residencia, el nivel econ\u00f3mico, n\u00famero de hijos,etc.) Y variables psicosociales (actitudes hacia la violencia dentro de la familia, actitudes hacia la mujer, emociones de miedo, h\u00e1bito de violencia en la familia de referencia, abuso sexual en la infancia, nivel de autoestima y percepci\u00f3n de la pareja, percepci\u00f3n de p\u00e9rdida de control, etc.) Con una muestra de 46 mujeres latinas en new jersey. Se realizaron an\u00e1lisis de correlaci\u00f3n, regresi\u00f3n y un an\u00e1lisis diferencial para diferentes grupos de mujeres seg\u00fan su rol en el conflicto (v= v\u00edctimas, nv= no v\u00edctimas y a= v\u00edctimas que agreden a su vez), no se encontr\u00f3 un grupo de mujeres que agreden a la pareja sin que el var\u00f3n fuera violento con ellas.  los resultados confirman los datos de la alta preValencia de violencia contra la mujer latina encontrados en anteriores estudios y adem\u00e1s, muestran \u00edndices altos de abuso sexual en la infancia de las mujeres, as\u00ed como un alto \u00edndice de violencia infantil (por parte de ambos padres) y violencia extrema contra las mujeres.  la violencia del var\u00f3n contra los hijos est\u00e1 relacionada con el grado de violencia en su infancia y otras variables como el n\u00famero de hijos y el grado de violencia de la madre contra ellos. La violencia del var\u00f3n contra la mujer es de niveles superiores y est\u00e1 relacionada a otras variables como el nivel educativo y el grado de violencia sufrida en la infancia. por el contrario, la violencia de la mujer contral el var\u00f3n est\u00e1 asociada a una estrategia defensiva, al no verse relacionada con ninguna variable, excepto la que se asocian al grado de abuso del var\u00f3n, el sufrido por el var\u00f3n en la infancia y el grado de miedo a \u00e9ste.  los resultados<\/p>\n<p>&nbsp;<\/p>\n<h3>Datos acad\u00e9micos de la tesis doctoral \u00ab<strong>Estudio de preValencia y de factores psicosociales asociados a la violencia dom\u00e9stica y familiar<\/strong>\u00ab<\/h3>\n<ul>\n<li><strong>T\u00edtulo de la tesis:<\/strong>\u00a0 Estudio de preValencia y de factores psicosociales asociados a la violencia dom\u00e9stica y familiar <\/li>\n<li><strong>Autor:<\/strong>\u00a0 M. Josefa Zarza Gonz\u00e1lez <\/li>\n<li><strong>Universidad:<\/strong>\u00a0 Aut\u00f3noma de Madrid<\/li>\n<li><strong>Fecha de lectura de la tesis:<\/strong>\u00a0 20\/09\/2001<\/li>\n<\/ul>\n<p>&nbsp;<\/p>\n<h3>Direcci\u00f3n y tribunal<\/h3>\n<ul>\n<li><strong>Director de la tesis<\/strong>\n<ul>\n<li> Froj\u00e1n Parga M. Xes\u00fas<\/li>\n<\/ul>\n<\/li>\n<li><strong>Tribunal<\/strong>\n<ul>\n<li>Presidente del tribunal: jos\u00e9 Santacreu mas <\/li>\n<li>silvia Gismera neuberger (vocal)<\/li>\n<li>amalio Blanco abarca (vocal)<\/li>\n<li>  (vocal)<\/li>\n<\/ul>\n<\/li>\n<\/ul>\n<p>&nbsp;<\/p>\n","protected":false},"excerpt":{"rendered":"<p>Tesis doctoral de M. Josefa Zarza Gonz\u00e1lez Estudio exploratorio de los factores psicosociales asociados a la violencia dom\u00e9stica y familiar [&hellip;]<\/p>\n","protected":false},"author":1,"featured_media":0,"comment_status":"open","ping_status":"open","sticky":false,"template":"","format":"standard","meta":{"site-sidebar-layout":"default","site-content-layout":"","ast-site-content-layout":"","site-content-style":"default","site-sidebar-style":"default","ast-global-header-display":"","ast-banner-title-visibility":"","ast-main-header-display":"","ast-hfb-above-header-display":"","ast-hfb-below-header-display":"","ast-hfb-mobile-header-display":"","site-post-title":"","ast-breadcrumbs-content":"","ast-featured-img":"","footer-sml-layout":"","theme-transparent-header-meta":"","adv-header-id-meta":"","stick-header-meta":"","header-above-stick-meta":"","header-main-stick-meta":"","header-below-stick-meta":"","astra-migrate-meta-layouts":"default","ast-page-background-enabled":"default","ast-page-background-meta":{"desktop":{"background-color":"var(--ast-global-color-4)","background-image":"","background-repeat":"repeat","background-position":"center center","background-size":"auto","background-attachment":"scroll","background-type":"","background-media":"","overlay-type":"","overlay-color":"","overlay-gradient":""},"tablet":{"background-color":"","background-image":"","background-repeat":"repeat","background-position":"center center","background-size":"auto","background-attachment":"scroll","background-type":"","background-media":"","overlay-type":"","overlay-color":"","overlay-gradient":""},"mobile":{"background-color":"","background-image":"","background-repeat":"repeat","background-position":"center center","background-size":"auto","background-attachment":"scroll","background-type":"","background-media":"","overlay-type":"","overlay-color":"","overlay-gradient":""}},"ast-content-background-meta":{"desktop":{"background-color":"var(--ast-global-color-5)","background-image":"","background-repeat":"repeat","background-position":"center center","background-size":"auto","background-attachment":"scroll","background-type":"","background-media":"","overlay-type":"","overlay-color":"","overlay-gradient":""},"tablet":{"background-color":"var(--ast-global-color-5)","background-image":"","background-repeat":"repeat","background-position":"center center","background-size":"auto","background-attachment":"scroll","background-type":"","background-media":"","overlay-type":"","overlay-color":"","overlay-gradient":""},"mobile":{"background-color":"var(--ast-global-color-5)","background-image":"","background-repeat":"repeat","background-position":"center center","background-size":"auto","background-attachment":"scroll","background-type":"","background-media":"","overlay-type":"","overlay-color":"","overlay-gradient":""}},"footnotes":""},"categories":[7757,7071,324,961,996],"tags":[7128,41868,41869,41867,41870],"class_list":["post-12841","post","type-post","status-publish","format-standard","hentry","category-actitudes-sociales","category-desordenes-del-comportamiento","category-psicologia","category-psicologia-de-la-anormalidad","category-psicologia-social","tag-amalio-blanco-abarca","tag-frojan-parga-m-xesus","tag-jose-santacreu-mas","tag-m-josefa-zarza-gonzalez","tag-silvia-gismera-neuberger"],"_links":{"self":[{"href":"https:\/\/www.deberes.net\/tesis\/wp-json\/wp\/v2\/posts\/12841","targetHints":{"allow":["GET"]}}],"collection":[{"href":"https:\/\/www.deberes.net\/tesis\/wp-json\/wp\/v2\/posts"}],"about":[{"href":"https:\/\/www.deberes.net\/tesis\/wp-json\/wp\/v2\/types\/post"}],"author":[{"embeddable":true,"href":"https:\/\/www.deberes.net\/tesis\/wp-json\/wp\/v2\/users\/1"}],"replies":[{"embeddable":true,"href":"https:\/\/www.deberes.net\/tesis\/wp-json\/wp\/v2\/comments?post=12841"}],"version-history":[{"count":0,"href":"https:\/\/www.deberes.net\/tesis\/wp-json\/wp\/v2\/posts\/12841\/revisions"}],"wp:attachment":[{"href":"https:\/\/www.deberes.net\/tesis\/wp-json\/wp\/v2\/media?parent=12841"}],"wp:term":[{"taxonomy":"category","embeddable":true,"href":"https:\/\/www.deberes.net\/tesis\/wp-json\/wp\/v2\/categories?post=12841"},{"taxonomy":"post_tag","embeddable":true,"href":"https:\/\/www.deberes.net\/tesis\/wp-json\/wp\/v2\/tags?post=12841"}],"curies":[{"name":"wp","href":"https:\/\/api.w.org\/{rel}","templated":true}]}}