{"id":12846,"date":"2018-03-09T08:58:53","date_gmt":"2018-03-09T08:58:53","guid":{"rendered":"https:\/\/www.deberes.net\/tesis\/sin-categoria\/las-pensiones-no-contributivas-en-el-sistema-asistencial-espanol\/"},"modified":"2018-03-09T08:58:53","modified_gmt":"2018-03-09T08:58:53","slug":"las-pensiones-no-contributivas-en-el-sistema-asistencial-espanol","status":"publish","type":"post","link":"https:\/\/www.deberes.net\/tesis\/ciencias-juridicas-y-derecho\/las-pensiones-no-contributivas-en-el-sistema-asistencial-espanol\/","title":{"rendered":"Las pensiones no contributivas en el sistema asistencial espa\u00f1ol"},"content":{"rendered":"<h2>Tesis doctoral de <strong> Francisco Javier Fern\u00e1ndez Orrico <\/strong><\/h2>\n<p>El objetivo de la tesis consite en estudiar este tipo de pensiones desde su aparici\u00f3n en espa\u00f1a en 1990 hasta nuestros d\u00edas. Para ello se ha dividio el trabajo en dos partes perfectamente diferenciadas.  en la primera de ellas, se estudia el fundamento constitucional de la existencia de las pensiones no contributivas, su pertenencia al sistema de la seguridad social, la relaci\u00f3n existente con las prestaciones asistenciales de la comunidades aut\u00f3nomas. Adem\u00e1s por tratarse de prestaciones e car\u00e1cter asistencial, se ha querido estudiar el marco asistencial existente con anterioridad a su aparici\u00f3n.  igualmente se ha intentado distinguir entre las diversas asistencia sociales: la extrema al sistema, haciendo hincapi\u00e9, por otro lado, en la importancia de rescatar del olvido a la asistencia social \u00abinterna\u00bb de la seguridad social. La primera parte finaliza con dos cap\u00edtulos, en donde se delimitan las prestaciones contributivas, de las no contributivas y se realiza una valoraci\u00f3n cr\u00edtica sobre la forma en que se incorporaron las pensiones no contributivas al sistema de la seguridad social.  la segunda parte trata directamente del contenido central de las pensiones no contributiva, su r\u00e9gimen jur\u00eddico, interpretaci\u00f3n realizada por la jurisprudencia y la doctrina cient\u00edfica y jurisprudencial, acerca de diversos aspectos concretos. Todo ha servido para llevar a cabo los diversos comentarios que el autor ha plasmado en la obra con el objetivo de mejorar la aplicaci\u00f3n de las pensiones objeto de investigaci\u00f3n.<\/p>\n<p>&nbsp;<\/p>\n<h3>Datos acad\u00e9micos de la tesis doctoral \u00ab<strong>Las pensiones no contributivas en el sistema asistencial espa\u00f1ol<\/strong>\u00ab<\/h3>\n<ul>\n<li><strong>T\u00edtulo de la tesis:<\/strong>\u00a0 Las pensiones no contributivas en el sistema asistencial espa\u00f1ol <\/li>\n<li><strong>Autor:<\/strong>\u00a0 Francisco Javier Fern\u00e1ndez Orrico <\/li>\n<li><strong>Universidad:<\/strong>\u00a0 Navarra<\/li>\n<li><strong>Fecha de lectura de la tesis:<\/strong>\u00a0 20\/09\/2001<\/li>\n<\/ul>\n<p>&nbsp;<\/p>\n<h3>Direcci\u00f3n y tribunal<\/h3>\n<ul>\n<li><strong>Director de la tesis<\/strong>\n<ul>\n<li>Antonio  Vicente Sempere Navarro<\/li>\n<\/ul>\n<\/li>\n<li><strong>Tribunal<\/strong>\n<ul>\n<li>Presidente del tribunal: alfredo Montoya melgar <\/li>\n<li>Juan  Andr\u00e9s Mu\u00f1oz arnau (vocal)<\/li>\n<li>Jos\u00e9 ignacio Garcia ninet (vocal)<\/li>\n<li>Miguel Cardenal carro (vocal)<\/li>\n<\/ul>\n<\/li>\n<\/ul>\n<p>&nbsp;<\/p>\n","protected":false},"excerpt":{"rendered":"<p>Tesis doctoral de Francisco Javier Fern\u00e1ndez Orrico El objetivo de la tesis consite en estudiar este tipo de pensiones desde [&hellip;]<\/p>\n","protected":false},"author":1,"featured_media":0,"comment_status":"open","ping_status":"open","sticky":false,"template":"","format":"standard","meta":{"site-sidebar-layout":"default","site-content-layout":"","ast-site-content-layout":"","site-content-style":"default","site-sidebar-style":"default","ast-global-header-display":"","ast-banner-title-visibility":"","ast-main-header-display":"","ast-hfb-above-header-display":"","ast-hfb-below-header-display":"","ast-hfb-mobile-header-display":"","site-post-title":"","ast-breadcrumbs-content":"","ast-featured-img":"","footer-sml-layout":"","theme-transparent-header-meta":"","adv-header-id-meta":"","stick-header-meta":"","header-above-stick-meta":"","header-main-stick-meta":"","header-below-stick-meta":"","astra-migrate-meta-layouts":"default","ast-page-background-enabled":"default","ast-page-background-meta":{"desktop":{"background-color":"var(--ast-global-color-4)","background-image":"","background-repeat":"repeat","background-position":"center center","background-size":"auto","background-attachment":"scroll","background-type":"","background-media":"","overlay-type":"","overlay-color":"","overlay-gradient":""},"tablet":{"background-color":"","background-image":"","background-repeat":"repeat","background-position":"center center","background-size":"auto","background-attachment":"scroll","background-type":"","background-media":"","overlay-type":"","overlay-color":"","overlay-gradient":""},"mobile":{"background-color":"","background-image":"","background-repeat":"repeat","background-position":"center center","background-size":"auto","background-attachment":"scroll","background-type":"","background-media":"","overlay-type":"","overlay-color":"","overlay-gradient":""}},"ast-content-background-meta":{"desktop":{"background-color":"var(--ast-global-color-5)","background-image":"","background-repeat":"repeat","background-position":"center center","background-size":"auto","background-attachment":"scroll","background-type":"","background-media":"","overlay-type":"","overlay-color":"","overlay-gradient":""},"tablet":{"background-color":"var(--ast-global-color-5)","background-image":"","background-repeat":"repeat","background-position":"center center","background-size":"auto","background-attachment":"scroll","background-type":"","background-media":"","overlay-type":"","overlay-color":"","overlay-gradient":""},"mobile":{"background-color":"var(--ast-global-color-5)","background-image":"","background-repeat":"repeat","background-position":"center center","background-size":"auto","background-attachment":"scroll","background-type":"","background-media":"","overlay-type":"","overlay-color":"","overlay-gradient":""}},"footnotes":""},"categories":[612,2170,979,17749],"tags":[5169,24532,41887,26862,17396,32067],"class_list":["post-12846","post","type-post","status-publish","format-standard","hentry","category-ciencias-juridicas-y-derecho","category-derecho-del-trabajo-y-de-la-seguridad-social","category-derecho-y-legislacion-nacionales","category-navarra","tag-alfredo-montoya-melgar","tag-antonio-vicente-sempere-navarro","tag-francisco-javier-fernandez-orrico","tag-jose-ignacio-garcia-ninet","tag-juan-andres-munoz-arnau","tag-miguel-cardenal-carro"],"_links":{"self":[{"href":"https:\/\/www.deberes.net\/tesis\/wp-json\/wp\/v2\/posts\/12846","targetHints":{"allow":["GET"]}}],"collection":[{"href":"https:\/\/www.deberes.net\/tesis\/wp-json\/wp\/v2\/posts"}],"about":[{"href":"https:\/\/www.deberes.net\/tesis\/wp-json\/wp\/v2\/types\/post"}],"author":[{"embeddable":true,"href":"https:\/\/www.deberes.net\/tesis\/wp-json\/wp\/v2\/users\/1"}],"replies":[{"embeddable":true,"href":"https:\/\/www.deberes.net\/tesis\/wp-json\/wp\/v2\/comments?post=12846"}],"version-history":[{"count":0,"href":"https:\/\/www.deberes.net\/tesis\/wp-json\/wp\/v2\/posts\/12846\/revisions"}],"wp:attachment":[{"href":"https:\/\/www.deberes.net\/tesis\/wp-json\/wp\/v2\/media?parent=12846"}],"wp:term":[{"taxonomy":"category","embeddable":true,"href":"https:\/\/www.deberes.net\/tesis\/wp-json\/wp\/v2\/categories?post=12846"},{"taxonomy":"post_tag","embeddable":true,"href":"https:\/\/www.deberes.net\/tesis\/wp-json\/wp\/v2\/tags?post=12846"}],"curies":[{"name":"wp","href":"https:\/\/api.w.org\/{rel}","templated":true}]}}