{"id":128491,"date":"1996-01-01T00:00:00","date_gmt":"1996-01-01T00:00:00","guid":{"rendered":"https:\/\/www.deberes.net\/tesis\/sin-categoria\/cambios-cefalometricos-al-corregir-la-sobremordida-interincisiva-en-pacientes-jovenes-con-la-tecnica-de-ricketts\/"},"modified":"1996-01-01T00:00:00","modified_gmt":"1996-01-01T00:00:00","slug":"cambios-cefalometricos-al-corregir-la-sobremordida-interincisiva-en-pacientes-jovenes-con-la-tecnica-de-ricketts","status":"publish","type":"post","link":"https:\/\/www.deberes.net\/tesis\/ciencias-medicas\/cambios-cefalometricos-al-corregir-la-sobremordida-interincisiva-en-pacientes-jovenes-con-la-tecnica-de-ricketts\/","title":{"rendered":"Cambios cefalometricos al corregir la sobremordida interincisiva en pacientes jovenes con la tecnica de ricketts."},"content":{"rendered":"<h2>Tesis doctoral de <strong> Manuel Echave Krutwig <\/strong><\/h2>\n<p>El objetivo de este estudio fue conocer las modificaciones craneomaxilares y dentales tras el tratamiento de la sobremordida interincisiva con la tecnica de ricketts. Tambien se pretende conocer a partir de que modificaciones se efectuaba dicha correccion.  se estudiaron 58 ni\u00f1os (32 ni\u00f1as y ni\u00f1os), de 10, 7 a\u00f1os al inicio del tratamiento y una duracion del mismo de 38,7 meses. Se encontro que apenas hubo modificaciones en los parametros craneomaxilares, que la sobremordida se corrigio a expensas de un movimiento combinado de intrusion incisiva y extrusion molar. No se encontraron diferencias con respecto al sexo.  en el tipo facial, habia mayor correccion de la sobremordida en los braquifaciales, mayor vestibulizacion de los incisivos inferiores en los mesofaciales y braquifaciales, existiendo asimismo una mayor retrusion labial en los mesofaciales y dolicofaciales.<\/p>\n<p>&nbsp;<\/p>\n<h3>Datos acad\u00e9micos de la tesis doctoral \u00ab<strong>Cambios cefalometricos al corregir la sobremordida interincisiva en pacientes jovenes con la tecnica de ricketts.<\/strong>\u00ab<\/h3>\n<ul>\n<li><strong>T\u00edtulo de la tesis:<\/strong>\u00a0 Cambios cefalometricos al corregir la sobremordida interincisiva en pacientes jovenes con la tecnica de ricketts. <\/li>\n<li><strong>Autor:<\/strong>\u00a0 Manuel Echave Krutwig <\/li>\n<li><strong>Universidad:<\/strong>\u00a0 Complutense de Madrid<\/li>\n<li><strong>Fecha de lectura de la tesis:<\/strong>\u00a0 01\/01\/1996<\/li>\n<\/ul>\n<p>&nbsp;<\/p>\n<h3>Direcci\u00f3n y tribunal<\/h3>\n<ul>\n<li><strong>Director de la tesis<\/strong>\n<ul>\n<li>Jes\u00fas Calatayud Sierra<\/li>\n<\/ul>\n<\/li>\n<li><strong>Tribunal<\/strong>\n<ul>\n<li>Presidente del tribunal: Rafael Rioboo Garcia <\/li>\n<li>Eduardo Estefania Cundin (vocal)<\/li>\n<li>Juan  Jos\u00e9 Ali\u00f3 Sanz (vocal)<\/li>\n<li>Rodrigo Triana Triana (vocal)<\/li>\n<\/ul>\n<\/li>\n<\/ul>\n<p>&nbsp;<\/p>\n","protected":false},"excerpt":{"rendered":"<p>Tesis doctoral de Manuel Echave Krutwig El objetivo de este estudio fue conocer las modificaciones craneomaxilares y dentales tras el [&hellip;]<\/p>\n","protected":false},"author":1,"featured_media":0,"comment_status":"open","ping_status":"open","sticky":false,"template":"","format":"standard","meta":{"site-sidebar-layout":"default","site-content-layout":"","ast-site-content-layout":"","site-content-style":"default","site-sidebar-style":"default","ast-global-header-display":"","ast-banner-title-visibility":"","ast-main-header-display":"","ast-hfb-above-header-display":"","ast-hfb-below-header-display":"","ast-hfb-mobile-header-display":"","site-post-title":"","ast-breadcrumbs-content":"","ast-featured-img":"","footer-sml-layout":"","theme-transparent-header-meta":"","adv-header-id-meta":"","stick-header-meta":"","header-above-stick-meta":"","header-main-stick-meta":"","header-below-stick-meta":"","astra-migrate-meta-layouts":"default","ast-page-background-enabled":"default","ast-page-background-meta":{"desktop":{"background-color":"var(--ast-global-color-4)","background-image":"","background-repeat":"repeat","background-position":"center center","background-size":"auto","background-attachment":"scroll","background-type":"","background-media":"","overlay-type":"","overlay-color":"","overlay-gradient":""},"tablet":{"background-color":"","background-image":"","background-repeat":"repeat","background-position":"center center","background-size":"auto","background-attachment":"scroll","background-type":"","background-media":"","overlay-type":"","overlay-color":"","overlay-gradient":""},"mobile":{"background-color":"","background-image":"","background-repeat":"repeat","background-position":"center center","background-size":"auto","background-attachment":"scroll","background-type":"","background-media":"","overlay-type":"","overlay-color":"","overlay-gradient":""}},"ast-content-background-meta":{"desktop":{"background-color":"var(--ast-global-color-5)","background-image":"","background-repeat":"repeat","background-position":"center center","background-size":"auto","background-attachment":"scroll","background-type":"","background-media":"","overlay-type":"","overlay-color":"","overlay-gradient":""},"tablet":{"background-color":"var(--ast-global-color-5)","background-image":"","background-repeat":"repeat","background-position":"center center","background-size":"auto","background-attachment":"scroll","background-type":"","background-media":"","overlay-type":"","overlay-color":"","overlay-gradient":""},"mobile":{"background-color":"var(--ast-global-color-5)","background-image":"","background-repeat":"repeat","background-position":"center center","background-size":"auto","background-attachment":"scroll","background-type":"","background-media":"","overlay-type":"","overlay-color":"","overlay-gradient":""}},"footnotes":""},"categories":[9,141,986,140],"tags":[104469,41955,72877,241739,23399,37903],"class_list":["post-128491","post","type-post","status-publish","format-standard","hentry","category-ciencias-medicas","category-cirugia","category-complutense-de-madrid","category-estomatologia-y-ortodoncia","tag-eduardo-estefania-cundin","tag-jesus-calatayud-sierra","tag-juan-jose-alio-sanz","tag-manuel-echave-krutwig","tag-rafael-rioboo-garcia","tag-rodrigo-triana-triana"],"_links":{"self":[{"href":"https:\/\/www.deberes.net\/tesis\/wp-json\/wp\/v2\/posts\/128491","targetHints":{"allow":["GET"]}}],"collection":[{"href":"https:\/\/www.deberes.net\/tesis\/wp-json\/wp\/v2\/posts"}],"about":[{"href":"https:\/\/www.deberes.net\/tesis\/wp-json\/wp\/v2\/types\/post"}],"author":[{"embeddable":true,"href":"https:\/\/www.deberes.net\/tesis\/wp-json\/wp\/v2\/users\/1"}],"replies":[{"embeddable":true,"href":"https:\/\/www.deberes.net\/tesis\/wp-json\/wp\/v2\/comments?post=128491"}],"version-history":[{"count":0,"href":"https:\/\/www.deberes.net\/tesis\/wp-json\/wp\/v2\/posts\/128491\/revisions"}],"wp:attachment":[{"href":"https:\/\/www.deberes.net\/tesis\/wp-json\/wp\/v2\/media?parent=128491"}],"wp:term":[{"taxonomy":"category","embeddable":true,"href":"https:\/\/www.deberes.net\/tesis\/wp-json\/wp\/v2\/categories?post=128491"},{"taxonomy":"post_tag","embeddable":true,"href":"https:\/\/www.deberes.net\/tesis\/wp-json\/wp\/v2\/tags?post=128491"}],"curies":[{"name":"wp","href":"https:\/\/api.w.org\/{rel}","templated":true}]}}