{"id":128778,"date":"1996-01-01T00:00:00","date_gmt":"1996-01-01T00:00:00","guid":{"rendered":"https:\/\/www.deberes.net\/tesis\/sin-categoria\/ciencia-y-milicia-en-el-siglo-xix-el-general-ibanez-e-ibanez-de-ibero\/"},"modified":"1996-01-01T00:00:00","modified_gmt":"1996-01-01T00:00:00","slug":"ciencia-y-milicia-en-el-siglo-xix-el-general-ibanez-e-ibanez-de-ibero","status":"publish","type":"post","link":"https:\/\/www.deberes.net\/tesis\/historia\/ciencia-y-milicia-en-el-siglo-xix-el-general-ibanez-e-ibanez-de-ibero\/","title":{"rendered":"Ciencia y milicia en el siglo xix: el general iba\u00f1ez e iba\u00f1ez de ibero."},"content":{"rendered":"<h2>Tesis doctoral de <strong>  Martinez Utesa M. Carmen <\/strong><\/h2>\n<p>D. Carlos iba\u00f1ez e iba\u00f1ez de ibero, marques de mulhacen, general del cuerpo de ingenieros, fue el creador de la moderna geodesia espa\u00f1ola. Nacio en barcelona, en 1825 y murio en niza, en 1891. Su formacion en la prestigiosa academia militar de ingenieros, en guadalajara, donde ingreso muy joven, en 1839, le dio una gran profundidad de conocimientos cientificos y tecnicos y una solida formacion personal. Su trayectoria castrense no fue lo mas destacado de su proyeccion historica, puesto que despues de unos a\u00f1os en su regimiento pasa, en 1854, a la direccion de la carta geografica de espa\u00f1a. En 1855 presenta el llamado \u00abaparato iba\u00f1ez\u00bb, instrumento de gran precision para medir bases geodesicas, con el se midio, 1858, la base de Madridejos (toledo) que constituyo un hito en el campo de la topografia. En 1861 se le nombro academico de numero de la real academia de ciencias exactas, fisicas y naturales. En 1870 se crea, bajo sus directrices, el instituto geografico, del que fue su director hasta 1889 consiguiendo, en esos a\u00f1os, poner a espa\u00f1a a una gran altura en temas de geodesia, topografia, metrolog\u00eda y estadistica. Uno de esos exitos fue la union geodesica de europa con africa, en 1879.  desde 1873 el instituto se denomina geografico y estadistico, gozando de una gran autonomia.<\/p>\n<p>&nbsp;<\/p>\n<h3>Datos acad\u00e9micos de la tesis doctoral \u00ab<strong>Ciencia y milicia en el siglo xix: el general iba\u00f1ez e iba\u00f1ez de ibero.<\/strong>\u00ab<\/h3>\n<ul>\n<li><strong>T\u00edtulo de la tesis:<\/strong>\u00a0 Ciencia y milicia en el siglo xix: el general iba\u00f1ez e iba\u00f1ez de ibero. <\/li>\n<li><strong>Autor:<\/strong>\u00a0  Martinez Utesa M. Carmen <\/li>\n<li><strong>Universidad:<\/strong>\u00a0 Complutense de Madrid<\/li>\n<li><strong>Fecha de lectura de la tesis:<\/strong>\u00a0 01\/01\/1996<\/li>\n<\/ul>\n<p>&nbsp;<\/p>\n<h3>Direcci\u00f3n y tribunal<\/h3>\n<ul>\n<li><strong>Director de la tesis<\/strong>\n<ul>\n<li>Jose Cepeda Gomez<\/li>\n<\/ul>\n<\/li>\n<li><strong>Tribunal<\/strong>\n<ul>\n<li>Presidente del tribunal: Octavio Ruiz-manj\u00f3n Cabeza <\/li>\n<li>Serafin Lopez Cuervo Medina (vocal)<\/li>\n<li> Marcet Roig Jos\u00e9 Ramon (vocal)<\/li>\n<li>Antonio Lafuente Garcia (vocal)<\/li>\n<\/ul>\n<\/li>\n<\/ul>\n<p>&nbsp;<\/p>\n","protected":false},"excerpt":{"rendered":"<p>Tesis doctoral de Martinez Utesa M. Carmen D. Carlos iba\u00f1ez e iba\u00f1ez de ibero, marques de mulhacen, general del cuerpo [&hellip;]<\/p>\n","protected":false},"author":1,"featured_media":0,"comment_status":"open","ping_status":"open","sticky":false,"template":"","format":"standard","meta":{"site-sidebar-layout":"default","site-content-layout":"","ast-site-content-layout":"","site-content-style":"default","site-sidebar-style":"default","ast-global-header-display":"","ast-banner-title-visibility":"","ast-main-header-display":"","ast-hfb-above-header-display":"","ast-hfb-below-header-display":"","ast-hfb-mobile-header-display":"","site-post-title":"","ast-breadcrumbs-content":"","ast-featured-img":"","footer-sml-layout":"","theme-transparent-header-meta":"","adv-header-id-meta":"","stick-header-meta":"","header-above-stick-meta":"","header-main-stick-meta":"","header-below-stick-meta":"","astra-migrate-meta-layouts":"default","ast-page-background-enabled":"default","ast-page-background-meta":{"desktop":{"background-color":"var(--ast-global-color-4)","background-image":"","background-repeat":"repeat","background-position":"center center","background-size":"auto","background-attachment":"scroll","background-type":"","background-media":"","overlay-type":"","overlay-color":"","overlay-gradient":""},"tablet":{"background-color":"","background-image":"","background-repeat":"repeat","background-position":"center center","background-size":"auto","background-attachment":"scroll","background-type":"","background-media":"","overlay-type":"","overlay-color":"","overlay-gradient":""},"mobile":{"background-color":"","background-image":"","background-repeat":"repeat","background-position":"center center","background-size":"auto","background-attachment":"scroll","background-type":"","background-media":"","overlay-type":"","overlay-color":"","overlay-gradient":""}},"ast-content-background-meta":{"desktop":{"background-color":"var(--ast-global-color-5)","background-image":"","background-repeat":"repeat","background-position":"center center","background-size":"auto","background-attachment":"scroll","background-type":"","background-media":"","overlay-type":"","overlay-color":"","overlay-gradient":""},"tablet":{"background-color":"var(--ast-global-color-5)","background-image":"","background-repeat":"repeat","background-position":"center center","background-size":"auto","background-attachment":"scroll","background-type":"","background-media":"","overlay-type":"","overlay-color":"","overlay-gradient":""},"mobile":{"background-color":"var(--ast-global-color-5)","background-image":"","background-repeat":"repeat","background-position":"center center","background-size":"auto","background-attachment":"scroll","background-type":"","background-media":"","overlay-type":"","overlay-color":"","overlay-gradient":""}},"footnotes":""},"categories":[954,986,104,353,220],"tags":[7177,4938,16462,242091,6900,2254],"class_list":["post-128778","post","type-post","status-publish","format-standard","hentry","category-biografias","category-complutense-de-madrid","category-historia","category-historia-contemporanea-del-area-europea","category-historia-por-epocas","tag-antonio-lafuente-garcia","tag-jose-cepeda-gomez","tag-marcet-roig-jose-ramon","tag-Martinez-utesa-m-carmen","tag-octavio-ruiz-manjon-cabeza","tag-serafin-lopez-cuervo-medina"],"_links":{"self":[{"href":"https:\/\/www.deberes.net\/tesis\/wp-json\/wp\/v2\/posts\/128778","targetHints":{"allow":["GET"]}}],"collection":[{"href":"https:\/\/www.deberes.net\/tesis\/wp-json\/wp\/v2\/posts"}],"about":[{"href":"https:\/\/www.deberes.net\/tesis\/wp-json\/wp\/v2\/types\/post"}],"author":[{"embeddable":true,"href":"https:\/\/www.deberes.net\/tesis\/wp-json\/wp\/v2\/users\/1"}],"replies":[{"embeddable":true,"href":"https:\/\/www.deberes.net\/tesis\/wp-json\/wp\/v2\/comments?post=128778"}],"version-history":[{"count":0,"href":"https:\/\/www.deberes.net\/tesis\/wp-json\/wp\/v2\/posts\/128778\/revisions"}],"wp:attachment":[{"href":"https:\/\/www.deberes.net\/tesis\/wp-json\/wp\/v2\/media?parent=128778"}],"wp:term":[{"taxonomy":"category","embeddable":true,"href":"https:\/\/www.deberes.net\/tesis\/wp-json\/wp\/v2\/categories?post=128778"},{"taxonomy":"post_tag","embeddable":true,"href":"https:\/\/www.deberes.net\/tesis\/wp-json\/wp\/v2\/tags?post=128778"}],"curies":[{"name":"wp","href":"https:\/\/api.w.org\/{rel}","templated":true}]}}