{"id":12882,"date":"2018-03-09T08:58:56","date_gmt":"2018-03-09T08:58:56","guid":{"rendered":"https:\/\/www.deberes.net\/tesis\/sin-categoria\/los-pastores-de-la-poblacion-de-cavernas-de-atapuerca-y-de-la-meseta-durante-bronce-final\/"},"modified":"2018-03-09T08:58:56","modified_gmt":"2018-03-09T08:58:56","slug":"los-pastores-de-la-poblacion-de-cavernas-de-atapuerca-y-de-la-meseta-durante-bronce-final","status":"publish","type":"post","link":"https:\/\/www.deberes.net\/tesis\/historia\/los-pastores-de-la-poblacion-de-cavernas-de-atapuerca-y-de-la-meseta-durante-bronce-final\/","title":{"rendered":"Los pastores de la poblaci\u00f3n de cavernas de atapuerca y de la meseta durante bronce final"},"content":{"rendered":"<h2>Tesis doctoral de <strong>  Minguez \u00c1lvaro M. Teresa <\/strong><\/h2>\n<p>Esta tesis doctoral, que comenzamos en el a\u00f1o 1988, est\u00e1 basada en los materiales de la excavaci\u00f3n de cueva mayor de atapuerca que el departamento de prehistoria de esta universidad llev\u00f3 a cabo al frente del profesor apell\u00e1niz entre los a\u00f1os 1974 y 1983. El objetivo fundamental de este trabajo es la reconstrucci\u00f3n del modo de vida del grupo humano que habita cueva mayor durante el bronce final. Es \u00e9sta una poblaci\u00f3n eminentemente pastoril, que sigue habitando en cuevas a pesar de la presi\u00f3n de las nuevas formas de vida que se desarrollan con gran \u00e9xito a partir del proceso de neolitizaci\u00f3n (asentamientos en peque\u00f1os n\u00facleos donde empieza a imponerse la pr\u00e1ctica de la agricultura). Esta poblaci\u00f3n de pastores, a pesar de ser residual, sigue resistiendo a lo largo del tiempo y es precisamente en el momento del bronce final cuando desaparecer\u00e1 definitivamente. Nuestro trabajo pretende por lo tanto reivindicar su firme presencia, aunque escasa,c uando por lo general en la pr\u00e1ctica de las obras existentes aparece totalmente obviada. eppur, si muove. En este apartado quisiera se\u00f1alar, a la hora de determinar su sistema econ\u00f3mico nuestras matizaciones a los t\u00e9rminos siguientes: domesticaci\u00f3n, trashumancia y pastores versus ganaderos. Especialmente interesante tambi\u00e9n la determinaci\u00f3n de su dieta alimenticia a partir de los restos de flora y fauna. Para poder definir sus relaciones sociales, seguimos la propuesta del profesor lull (1983): a trav\u00e9s de determinados patrones de asentamiento, habitaci\u00f3n y necr\u00f3polis, pueden llegar a establecerse aquellas. Para determinar su sistema pol\u00edtico, el modelo establecido por service (1962). El punto de partida de nuestro trabajo fue la divisi\u00f3n de grupos en el pa\u00eds vasco durante la prehistoria con cer\u00e1mica, establecida por apell\u00e1niz (1973): grupo santimami\u00f1\u00e9 y grupo de los husos. En funci\u00f3n de las variables establecidas: formas econ\u00f3micas, manifestaciones religiosas, dependen<\/p>\n<p>&nbsp;<\/p>\n<h3>Datos acad\u00e9micos de la tesis doctoral \u00ab<strong>Los pastores de la poblaci\u00f3n de cavernas de atapuerca y de la meseta durante bronce final<\/strong>\u00ab<\/h3>\n<ul>\n<li><strong>T\u00edtulo de la tesis:<\/strong>\u00a0 Los pastores de la poblaci\u00f3n de cavernas de atapuerca y de la meseta durante bronce final <\/li>\n<li><strong>Autor:<\/strong>\u00a0  Minguez \u00c1lvaro M. Teresa <\/li>\n<li><strong>Universidad:<\/strong>\u00a0 Deusto<\/li>\n<li><strong>Fecha de lectura de la tesis:<\/strong>\u00a0 21\/09\/2001<\/li>\n<\/ul>\n<p>&nbsp;<\/p>\n<h3>Direcci\u00f3n y tribunal<\/h3>\n<ul>\n<li><strong>Director de la tesis<\/strong>\n<ul>\n<li>Juan  Mar\u00eda Apellaniz  Castroviejo<\/li>\n<\/ul>\n<\/li>\n<li><strong>Tribunal<\/strong>\n<ul>\n<li>Presidente del tribunal: german Delibes de castro <\/li>\n<li>Jos\u00e9 Miguel Carretero d\u00edaz (vocal)<\/li>\n<li> Mugica alustiza Jos\u00e9 Antonio (vocal)<\/li>\n<li> Villar Garc\u00eda Luis Miguel (vocal)<\/li>\n<\/ul>\n<\/li>\n<\/ul>\n<p>&nbsp;<\/p>\n","protected":false},"excerpt":{"rendered":"<p>Tesis doctoral de Minguez \u00c1lvaro M. Teresa Esta tesis doctoral, que comenzamos en el a\u00f1o 1988, est\u00e1 basada en los [&hellip;]<\/p>\n","protected":false},"author":1,"featured_media":0,"comment_status":"open","ping_status":"open","sticky":false,"template":"","format":"standard","meta":{"site-sidebar-layout":"default","site-content-layout":"","ast-site-content-layout":"","site-content-style":"default","site-sidebar-style":"default","ast-global-header-display":"","ast-banner-title-visibility":"","ast-main-header-display":"","ast-hfb-above-header-display":"","ast-hfb-below-header-display":"","ast-hfb-mobile-header-display":"","site-post-title":"","ast-breadcrumbs-content":"","ast-featured-img":"","footer-sml-layout":"","theme-transparent-header-meta":"","adv-header-id-meta":"","stick-header-meta":"","header-above-stick-meta":"","header-main-stick-meta":"","header-below-stick-meta":"","astra-migrate-meta-layouts":"default","ast-page-background-enabled":"default","ast-page-background-meta":{"desktop":{"background-color":"var(--ast-global-color-4)","background-image":"","background-repeat":"repeat","background-position":"center center","background-size":"auto","background-attachment":"scroll","background-type":"","background-media":"","overlay-type":"","overlay-color":"","overlay-gradient":""},"tablet":{"background-color":"","background-image":"","background-repeat":"repeat","background-position":"center center","background-size":"auto","background-attachment":"scroll","background-type":"","background-media":"","overlay-type":"","overlay-color":"","overlay-gradient":""},"mobile":{"background-color":"","background-image":"","background-repeat":"repeat","background-position":"center center","background-size":"auto","background-attachment":"scroll","background-type":"","background-media":"","overlay-type":"","overlay-color":"","overlay-gradient":""}},"ast-content-background-meta":{"desktop":{"background-color":"var(--ast-global-color-5)","background-image":"","background-repeat":"repeat","background-position":"center center","background-size":"auto","background-attachment":"scroll","background-type":"","background-media":"","overlay-type":"","overlay-color":"","overlay-gradient":""},"tablet":{"background-color":"var(--ast-global-color-5)","background-image":"","background-repeat":"repeat","background-position":"center center","background-size":"auto","background-attachment":"scroll","background-type":"","background-media":"","overlay-type":"","overlay-color":"","overlay-gradient":""},"mobile":{"background-color":"var(--ast-global-color-5)","background-image":"","background-repeat":"repeat","background-position":"center center","background-size":"auto","background-attachment":"scroll","background-type":"","background-media":"","overlay-type":"","overlay-color":"","overlay-gradient":""}},"footnotes":""},"categories":[31910,104,220,2635],"tags":[2640,22963,41993,41992,41994,41995],"class_list":["post-12882","post","type-post","status-publish","format-standard","hentry","category-deusto","category-historia","category-historia-por-epocas","category-prehistoria","tag-german-delibes-de-castro","tag-jose-miguel-carretero-diaz","tag-juan-maria-apellaniz-castroviejo","tag-minguez-alvaro-m-teresa","tag-mugica-alustiza-jose-antonio","tag-villar-garcia-luis-miguel"],"_links":{"self":[{"href":"https:\/\/www.deberes.net\/tesis\/wp-json\/wp\/v2\/posts\/12882","targetHints":{"allow":["GET"]}}],"collection":[{"href":"https:\/\/www.deberes.net\/tesis\/wp-json\/wp\/v2\/posts"}],"about":[{"href":"https:\/\/www.deberes.net\/tesis\/wp-json\/wp\/v2\/types\/post"}],"author":[{"embeddable":true,"href":"https:\/\/www.deberes.net\/tesis\/wp-json\/wp\/v2\/users\/1"}],"replies":[{"embeddable":true,"href":"https:\/\/www.deberes.net\/tesis\/wp-json\/wp\/v2\/comments?post=12882"}],"version-history":[{"count":0,"href":"https:\/\/www.deberes.net\/tesis\/wp-json\/wp\/v2\/posts\/12882\/revisions"}],"wp:attachment":[{"href":"https:\/\/www.deberes.net\/tesis\/wp-json\/wp\/v2\/media?parent=12882"}],"wp:term":[{"taxonomy":"category","embeddable":true,"href":"https:\/\/www.deberes.net\/tesis\/wp-json\/wp\/v2\/categories?post=12882"},{"taxonomy":"post_tag","embeddable":true,"href":"https:\/\/www.deberes.net\/tesis\/wp-json\/wp\/v2\/tags?post=12882"}],"curies":[{"name":"wp","href":"https:\/\/api.w.org\/{rel}","templated":true}]}}