{"id":128824,"date":"1996-01-01T00:00:00","date_gmt":"1996-01-01T00:00:00","guid":{"rendered":"https:\/\/www.deberes.net\/tesis\/sin-categoria\/la-cooperacion-hispano-francesa-en-la-lucha-contra-eta\/"},"modified":"1996-01-01T00:00:00","modified_gmt":"1996-01-01T00:00:00","slug":"la-cooperacion-hispano-francesa-en-la-lucha-contra-eta","status":"publish","type":"post","link":"https:\/\/www.deberes.net\/tesis\/sociologia\/la-cooperacion-hispano-francesa-en-la-lucha-contra-eta\/","title":{"rendered":"La cooperacion hispano-francesa en la lucha contra eta."},"content":{"rendered":"<h2>Tesis doctoral de <strong> Sagrario Moran Blanco <\/strong><\/h2>\n<p>En esta tesis se analiza la evolucion de la cooperacion hispano-francesa en la lucha contra eta desde el nacimiento de esta organizacion terrorista hasta nuestros dias. Se ha examinado por que y como lograron superarse los obstaculos iniciales hasta llegar a una cooperacion propia de 2 estados vecinos, europeos, con intereses comunes y con un problema que, aunque afecte mas directamente a espa\u00f1a, en la medida en que las victimas de eta son de nacionalidad espa\u00f1ola, sus miembros vienen refugiandose desde principios de los a\u00f1os 60 en el pais vasco-frances. Durante el franquismo los gobiernos espa\u00f1ol y frances no demostraron ningun interes por mejorar sus relaciones politicas y de vecindad, y la cooperacion en la lucha contra eta fue practicamente nula. En la transicion democratica espa\u00f1ola la situacion mejoro relativamente poco. Con el inicio de gobiernos entre supuestos camaradas socialistas entre espa\u00f1a y francia se produjo un viraje en la actitud de paris. En el trabajo se analizan la incidencia de diversos elementos que hicieron cambiar a paris. Entre ellos la aparicion de los gal, la compra de armas a francia, el ingreso de espa\u00f1a en organizaciones internacionales como la ce, el aumento de la violencia terrorista en francia, la institucionalizacion de los seminarios internacionales.<\/p>\n<p>&nbsp;<\/p>\n<h3>Datos acad\u00e9micos de la tesis doctoral \u00ab<strong>La cooperacion hispano-francesa en la lucha contra eta.<\/strong>\u00ab<\/h3>\n<ul>\n<li><strong>T\u00edtulo de la tesis:<\/strong>\u00a0 La cooperacion hispano-francesa en la lucha contra eta. <\/li>\n<li><strong>Autor:<\/strong>\u00a0 Sagrario Moran Blanco <\/li>\n<li><strong>Universidad:<\/strong>\u00a0 Complutense de Madrid<\/li>\n<li><strong>Fecha de lectura de la tesis:<\/strong>\u00a0 01\/01\/1996<\/li>\n<\/ul>\n<p>&nbsp;<\/p>\n<h3>Direcci\u00f3n y tribunal<\/h3>\n<ul>\n<li><strong>Director de la tesis<\/strong>\n<ul>\n<li>Felipe Mara\u00f1a Marcos<\/li>\n<\/ul>\n<\/li>\n<li><strong>Tribunal<\/strong>\n<ul>\n<li>Presidente del tribunal: Celestino Del Arenal  Y Moya <\/li>\n<li>M. Garmendia Jose (vocal)<\/li>\n<li>Angel Garcia Fraile (vocal)<\/li>\n<li>Fernando Reinares Nestares (vocal)<\/li>\n<\/ul>\n<\/li>\n<\/ul>\n<p>&nbsp;<\/p>\n","protected":false},"excerpt":{"rendered":"<p>Tesis doctoral de Sagrario Moran Blanco En esta tesis se analiza la evolucion de la cooperacion hispano-francesa en la lucha [&hellip;]<\/p>\n","protected":false},"author":1,"featured_media":0,"comment_status":"open","ping_status":"open","sticky":false,"template":"","format":"standard","meta":{"site-sidebar-layout":"default","site-content-layout":"","ast-site-content-layout":"","site-content-style":"default","site-sidebar-style":"default","ast-global-header-display":"","ast-banner-title-visibility":"","ast-main-header-display":"","ast-hfb-above-header-display":"","ast-hfb-below-header-display":"","ast-hfb-mobile-header-display":"","site-post-title":"","ast-breadcrumbs-content":"","ast-featured-img":"","footer-sml-layout":"","theme-transparent-header-meta":"","adv-header-id-meta":"","stick-header-meta":"","header-above-stick-meta":"","header-main-stick-meta":"","header-below-stick-meta":"","astra-migrate-meta-layouts":"default","ast-page-background-enabled":"default","ast-page-background-meta":{"desktop":{"background-color":"var(--ast-global-color-4)","background-image":"","background-repeat":"repeat","background-position":"center center","background-size":"auto","background-attachment":"scroll","background-type":"","background-media":"","overlay-type":"","overlay-color":"","overlay-gradient":""},"tablet":{"background-color":"","background-image":"","background-repeat":"repeat","background-position":"center center","background-size":"auto","background-attachment":"scroll","background-type":"","background-media":"","overlay-type":"","overlay-color":"","overlay-gradient":""},"mobile":{"background-color":"","background-image":"","background-repeat":"repeat","background-position":"center center","background-size":"auto","background-attachment":"scroll","background-type":"","background-media":"","overlay-type":"","overlay-color":"","overlay-gradient":""}},"ast-content-background-meta":{"desktop":{"background-color":"var(--ast-global-color-5)","background-image":"","background-repeat":"repeat","background-position":"center center","background-size":"auto","background-attachment":"scroll","background-type":"","background-media":"","overlay-type":"","overlay-color":"","overlay-gradient":""},"tablet":{"background-color":"var(--ast-global-color-5)","background-image":"","background-repeat":"repeat","background-position":"center center","background-size":"auto","background-attachment":"scroll","background-type":"","background-media":"","overlay-type":"","overlay-color":"","overlay-gradient":""},"mobile":{"background-color":"var(--ast-global-color-5)","background-image":"","background-repeat":"repeat","background-position":"center center","background-size":"auto","background-attachment":"scroll","background-type":"","background-media":"","overlay-type":"","overlay-color":"","overlay-gradient":""}},"footnotes":""},"categories":[838,986,4075,1295,4073,269,48665],"tags":[242149,66671,24354,7377,242148,120949],"class_list":["post-128824","post","type-post","status-publish","format-standard","hentry","category-ciencia-politica","category-complutense-de-madrid","category-cooperacion-internacional","category-problemas-y-conflictos-sociales","category-relaciones-internacionales","category-sociologia","category-terrorismo","tag-angel-garcia-fraile","tag-celestino-del-arenal-y-moya","tag-felipe-marana-marcos","tag-fernando-reinares-nestares","tag-m-garmendia-jose","tag-sagrario-moran-blanco"],"_links":{"self":[{"href":"https:\/\/www.deberes.net\/tesis\/wp-json\/wp\/v2\/posts\/128824","targetHints":{"allow":["GET"]}}],"collection":[{"href":"https:\/\/www.deberes.net\/tesis\/wp-json\/wp\/v2\/posts"}],"about":[{"href":"https:\/\/www.deberes.net\/tesis\/wp-json\/wp\/v2\/types\/post"}],"author":[{"embeddable":true,"href":"https:\/\/www.deberes.net\/tesis\/wp-json\/wp\/v2\/users\/1"}],"replies":[{"embeddable":true,"href":"https:\/\/www.deberes.net\/tesis\/wp-json\/wp\/v2\/comments?post=128824"}],"version-history":[{"count":0,"href":"https:\/\/www.deberes.net\/tesis\/wp-json\/wp\/v2\/posts\/128824\/revisions"}],"wp:attachment":[{"href":"https:\/\/www.deberes.net\/tesis\/wp-json\/wp\/v2\/media?parent=128824"}],"wp:term":[{"taxonomy":"category","embeddable":true,"href":"https:\/\/www.deberes.net\/tesis\/wp-json\/wp\/v2\/categories?post=128824"},{"taxonomy":"post_tag","embeddable":true,"href":"https:\/\/www.deberes.net\/tesis\/wp-json\/wp\/v2\/tags?post=128824"}],"curies":[{"name":"wp","href":"https:\/\/api.w.org\/{rel}","templated":true}]}}