{"id":128828,"date":"1996-01-01T00:00:00","date_gmt":"1996-01-01T00:00:00","guid":{"rendered":"https:\/\/www.deberes.net\/tesis\/sin-categoria\/la-tipoblibliografia-en-espana-y-la-guerra-vii-1936-xii-1939-y-sus-antecedentes\/"},"modified":"1996-01-01T00:00:00","modified_gmt":"1996-01-01T00:00:00","slug":"la-tipoblibliografia-en-espana-y-la-guerra-vii-1936-xii-1939-y-sus-antecedentes","status":"publish","type":"post","link":"https:\/\/www.deberes.net\/tesis\/historia\/la-tipoblibliografia-en-espana-y-la-guerra-vii-1936-xii-1939-y-sus-antecedentes\/","title":{"rendered":"La tipoblibliografia en espa\u00f1a y la guerra: vii-1936\/xii-1939 y sus antecedentes."},"content":{"rendered":"<h2>Tesis doctoral de <strong> Luis Moreno Herrero <\/strong><\/h2>\n<p>La ingente produccion tipografica generada en espa\u00f1a y sus antiguas posesiones, de julio de 1936 a diciembre de 1939, a pesar de que el 18 de julio del presente a\u00f1o se cumpliran 60 a\u00f1os de su comienzo, es algo, que aun nos queda por conocer integramente, pues en plena guerra no era el momento mas adecuado para el coleccionismo bibliografico, y despues de ella, los vencedores suprimieron la de los vencidos en las dos primeras decadas, en los a\u00f1os sesenta, se publico una peque\u00f1a parte de lo publicado en barcelona y Madrid durante epoca republicana. En el corto periodo que va de 1966-1968, se publicaron las tres primeras bibliografias generales, luego se han publicado mas trabajos parciales sobre dicho tema, pero la regla general es la dispersion, el presente trabajo pretende, reduciendo en el tiempo y espacio indicado, reunir en un catalogo colectivo de caracter local, provincial y regional indicando que existe y en donde, no solo en archivos y bibliotecas espa\u00f1olas sino tambien extranjeras, de ahi su importancia.<\/p>\n<p>&nbsp;<\/p>\n<h3>Datos acad\u00e9micos de la tesis doctoral \u00ab<strong>La tipoblibliografia en espa\u00f1a y la guerra: vii-1936\/xii-1939 y sus antecedentes.<\/strong>\u00ab<\/h3>\n<ul>\n<li><strong>T\u00edtulo de la tesis:<\/strong>\u00a0 La tipoblibliografia en espa\u00f1a y la guerra: vii-1936\/xii-1939 y sus antecedentes. <\/li>\n<li><strong>Autor:<\/strong>\u00a0 Luis Moreno Herrero <\/li>\n<li><strong>Universidad:<\/strong>\u00a0 Complutense de Madrid<\/li>\n<li><strong>Fecha de lectura de la tesis:<\/strong>\u00a0 01\/01\/1996<\/li>\n<\/ul>\n<p>&nbsp;<\/p>\n<h3>Direcci\u00f3n y tribunal<\/h3>\n<ul>\n<li><strong>Director de la tesis<\/strong>\n<ul>\n<li>Jose Simon Diaz<\/li>\n<\/ul>\n<\/li>\n<li><strong>Tribunal<\/strong>\n<ul>\n<li>Presidente del tribunal: Jos\u00e9 L\u00f3pez Yepes <\/li>\n<li> Cierva Y Hoces Ricardo De La (vocal)<\/li>\n<li>Antonio Fernandez Garcia (vocal)<\/li>\n<li>Luis Palacios Ba\u00f1uelos (vocal)<\/li>\n<\/ul>\n<\/li>\n<\/ul>\n<p>&nbsp;<\/p>\n","protected":false},"excerpt":{"rendered":"<p>Tesis doctoral de Luis Moreno Herrero La ingente produccion tipografica generada en espa\u00f1a y sus antiguas posesiones, de julio de [&hellip;]<\/p>\n","protected":false},"author":1,"featured_media":0,"comment_status":"open","ping_status":"open","sticky":false,"template":"","format":"standard","meta":{"site-sidebar-layout":"default","site-content-layout":"","ast-site-content-layout":"","site-content-style":"default","site-sidebar-style":"default","ast-global-header-display":"","ast-banner-title-visibility":"","ast-main-header-display":"","ast-hfb-above-header-display":"","ast-hfb-below-header-display":"","ast-hfb-mobile-header-display":"","site-post-title":"","ast-breadcrumbs-content":"","ast-featured-img":"","footer-sml-layout":"","theme-transparent-header-meta":"","adv-header-id-meta":"","stick-header-meta":"","header-above-stick-meta":"","header-main-stick-meta":"","header-below-stick-meta":"","astra-migrate-meta-layouts":"default","ast-page-background-enabled":"default","ast-page-background-meta":{"desktop":{"background-color":"var(--ast-global-color-4)","background-image":"","background-repeat":"repeat","background-position":"center center","background-size":"auto","background-attachment":"scroll","background-type":"","background-media":"","overlay-type":"","overlay-color":"","overlay-gradient":""},"tablet":{"background-color":"","background-image":"","background-repeat":"repeat","background-position":"center center","background-size":"auto","background-attachment":"scroll","background-type":"","background-media":"","overlay-type":"","overlay-color":"","overlay-gradient":""},"mobile":{"background-color":"","background-image":"","background-repeat":"repeat","background-position":"center center","background-size":"auto","background-attachment":"scroll","background-type":"","background-media":"","overlay-type":"","overlay-color":"","overlay-gradient":""}},"ast-content-background-meta":{"desktop":{"background-color":"var(--ast-global-color-5)","background-image":"","background-repeat":"repeat","background-position":"center center","background-size":"auto","background-attachment":"scroll","background-type":"","background-media":"","overlay-type":"","overlay-color":"","overlay-gradient":""},"tablet":{"background-color":"var(--ast-global-color-5)","background-image":"","background-repeat":"repeat","background-position":"center center","background-size":"auto","background-attachment":"scroll","background-type":"","background-media":"","overlay-type":"","overlay-color":"","overlay-gradient":""},"mobile":{"background-color":"var(--ast-global-color-5)","background-image":"","background-repeat":"repeat","background-position":"center center","background-size":"auto","background-attachment":"scroll","background-type":"","background-media":"","overlay-type":"","overlay-color":"","overlay-gradient":""}},"footnotes":""},"categories":[986,104,353,220],"tags":[5185,23496,5528,718,242156,2227],"class_list":["post-128828","post","type-post","status-publish","format-standard","hentry","category-complutense-de-madrid","category-historia","category-historia-contemporanea-del-area-europea","category-historia-por-epocas","tag-antonio-fernandez-garcia","tag-cierva-y-hoces-ricardo-de-la","tag-jose-lopez-yepes","tag-jose-simon-diaz","tag-luis-moreno-herrero","tag-luis-palacios-banuelos"],"_links":{"self":[{"href":"https:\/\/www.deberes.net\/tesis\/wp-json\/wp\/v2\/posts\/128828","targetHints":{"allow":["GET"]}}],"collection":[{"href":"https:\/\/www.deberes.net\/tesis\/wp-json\/wp\/v2\/posts"}],"about":[{"href":"https:\/\/www.deberes.net\/tesis\/wp-json\/wp\/v2\/types\/post"}],"author":[{"embeddable":true,"href":"https:\/\/www.deberes.net\/tesis\/wp-json\/wp\/v2\/users\/1"}],"replies":[{"embeddable":true,"href":"https:\/\/www.deberes.net\/tesis\/wp-json\/wp\/v2\/comments?post=128828"}],"version-history":[{"count":0,"href":"https:\/\/www.deberes.net\/tesis\/wp-json\/wp\/v2\/posts\/128828\/revisions"}],"wp:attachment":[{"href":"https:\/\/www.deberes.net\/tesis\/wp-json\/wp\/v2\/media?parent=128828"}],"wp:term":[{"taxonomy":"category","embeddable":true,"href":"https:\/\/www.deberes.net\/tesis\/wp-json\/wp\/v2\/categories?post=128828"},{"taxonomy":"post_tag","embeddable":true,"href":"https:\/\/www.deberes.net\/tesis\/wp-json\/wp\/v2\/tags?post=128828"}],"curies":[{"name":"wp","href":"https:\/\/api.w.org\/{rel}","templated":true}]}}