{"id":129042,"date":"1996-01-01T00:00:00","date_gmt":"1996-01-01T00:00:00","guid":{"rendered":"https:\/\/www.deberes.net\/tesis\/sin-categoria\/las-politicas-linguisticas-y-la-insercion-de-las-lenguas-minoritarias-en-el-proceso-de-construccion-de-europa\/"},"modified":"1996-01-01T00:00:00","modified_gmt":"1996-01-01T00:00:00","slug":"las-politicas-linguisticas-y-la-insercion-de-las-lenguas-minoritarias-en-el-proceso-de-construccion-de-europa","status":"publish","type":"post","link":"https:\/\/www.deberes.net\/tesis\/ciencia-politica\/las-politicas-linguisticas-y-la-insercion-de-las-lenguas-minoritarias-en-el-proceso-de-construccion-de-europa\/","title":{"rendered":"Las politicas linguisticas y la insercion de las lenguas minoritarias en el proceso de construccion de europa."},"content":{"rendered":"<h2>Tesis doctoral de <strong> Jos\u00e9 Mar\u00eda Sanmart\u00ed Roset <\/strong><\/h2>\n<p>?Es posible completar el proceso de construccion europea con una sociedad que utiliza no menos de 70 lenguas? historicamente los estados que protagonizan la union europea han solventado este problema privilegiando una de sus lenguas y reduciendo a las otras a la categoria de lenguas minoritarias, muchas de las cuales a duras penas han sobrevivido.  sin embargo, las instituciones europeas, como el consejo de europa y muy especialmente la union europea, ha optado por la formula del \u00abmultilinguismo integral\u00bb, es decir la adopcion de todas las lenguas de estado de todos los paises miembros.  a partir de esta diferencia substancial, las instituciones europeas han ido desarrollando una doctrina linguistica, que culmina en la carta europea de las lenguas regionales y minoritarias, segun la cual no existe una jerarquia de lenguas, todas forman parte de la identidad europea, y por ello, los europeos deben tender al plurilinguismo a traves del sistema educativo y de los intercambios entre culturas distintas.<\/p>\n<p>&nbsp;<\/p>\n<h3>Datos acad\u00e9micos de la tesis doctoral \u00ab<strong>Las politicas linguisticas y la insercion de las lenguas minoritarias en el proceso de construccion de europa.<\/strong>\u00ab<\/h3>\n<ul>\n<li><strong>T\u00edtulo de la tesis:<\/strong>\u00a0 Las politicas linguisticas y la insercion de las lenguas minoritarias en el proceso de construccion de europa. <\/li>\n<li><strong>Autor:<\/strong>\u00a0 Jos\u00e9 Mar\u00eda Sanmart\u00ed Roset <\/li>\n<li><strong>Universidad:<\/strong>\u00a0 Complutense de Madrid<\/li>\n<li><strong>Fecha de lectura de la tesis:<\/strong>\u00a0 01\/01\/1996<\/li>\n<\/ul>\n<p>&nbsp;<\/p>\n<h3>Direcci\u00f3n y tribunal<\/h3>\n<ul>\n<li><strong>Director de la tesis<\/strong>\n<ul>\n<li>Santiago Petschen Verdaguer<\/li>\n<\/ul>\n<\/li>\n<li><strong>Tribunal<\/strong>\n<ul>\n<li>Presidente del tribunal: Antonio Truyol Serra <\/li>\n<li>Josu Ercoreka Gervasio (vocal)<\/li>\n<li>Miguel Siguan Soler (vocal)<\/li>\n<li>Paloma Garcia Picazo (vocal)<\/li>\n<\/ul>\n<\/li>\n<\/ul>\n<p>&nbsp;<\/p>\n","protected":false},"excerpt":{"rendered":"<p>Tesis doctoral de Jos\u00e9 Mar\u00eda Sanmart\u00ed Roset ?Es posible completar el proceso de construccion europea con una sociedad que utiliza [&hellip;]<\/p>\n","protected":false},"author":1,"featured_media":0,"comment_status":"open","ping_status":"open","sticky":false,"template":"","format":"standard","meta":{"site-sidebar-layout":"default","site-content-layout":"","ast-site-content-layout":"","site-content-style":"default","site-sidebar-style":"default","ast-global-header-display":"","ast-banner-title-visibility":"","ast-main-header-display":"","ast-hfb-above-header-display":"","ast-hfb-below-header-display":"","ast-hfb-mobile-header-display":"","site-post-title":"","ast-breadcrumbs-content":"","ast-featured-img":"","footer-sml-layout":"","theme-transparent-header-meta":"","adv-header-id-meta":"","stick-header-meta":"","header-above-stick-meta":"","header-main-stick-meta":"","header-below-stick-meta":"","astra-migrate-meta-layouts":"default","ast-page-background-enabled":"default","ast-page-background-meta":{"desktop":{"background-color":"var(--ast-global-color-4)","background-image":"","background-repeat":"repeat","background-position":"center center","background-size":"auto","background-attachment":"scroll","background-type":"","background-media":"","overlay-type":"","overlay-color":"","overlay-gradient":""},"tablet":{"background-color":"","background-image":"","background-repeat":"repeat","background-position":"center center","background-size":"auto","background-attachment":"scroll","background-type":"","background-media":"","overlay-type":"","overlay-color":"","overlay-gradient":""},"mobile":{"background-color":"","background-image":"","background-repeat":"repeat","background-position":"center center","background-size":"auto","background-attachment":"scroll","background-type":"","background-media":"","overlay-type":"","overlay-color":"","overlay-gradient":""}},"ast-content-background-meta":{"desktop":{"background-color":"var(--ast-global-color-5)","background-image":"","background-repeat":"repeat","background-position":"center center","background-size":"auto","background-attachment":"scroll","background-type":"","background-media":"","overlay-type":"","overlay-color":"","overlay-gradient":""},"tablet":{"background-color":"var(--ast-global-color-5)","background-image":"","background-repeat":"repeat","background-position":"center center","background-size":"auto","background-attachment":"scroll","background-type":"","background-media":"","overlay-type":"","overlay-color":"","overlay-gradient":""},"mobile":{"background-color":"var(--ast-global-color-5)","background-image":"","background-repeat":"repeat","background-position":"center center","background-size":"auto","background-attachment":"scroll","background-type":"","background-media":"","overlay-type":"","overlay-color":"","overlay-gradient":""}},"footnotes":""},"categories":[838,986,19868,31934,6408],"tags":[4618,55947,242413,319,41604,5648],"class_list":["post-129042","post","type-post","status-publish","format-standard","hentry","category-ciencia-politica","category-complutense-de-madrid","category-lenguas","category-minorias","category-sociologia-politica","tag-antonio-truyol-serra","tag-jose-maria-sanmarti-roset","tag-josu-ercoreka-gervasio","tag-miguel-siguan-soler","tag-paloma-garcia-picazo","tag-santiago-petschen-verdaguer"],"_links":{"self":[{"href":"https:\/\/www.deberes.net\/tesis\/wp-json\/wp\/v2\/posts\/129042","targetHints":{"allow":["GET"]}}],"collection":[{"href":"https:\/\/www.deberes.net\/tesis\/wp-json\/wp\/v2\/posts"}],"about":[{"href":"https:\/\/www.deberes.net\/tesis\/wp-json\/wp\/v2\/types\/post"}],"author":[{"embeddable":true,"href":"https:\/\/www.deberes.net\/tesis\/wp-json\/wp\/v2\/users\/1"}],"replies":[{"embeddable":true,"href":"https:\/\/www.deberes.net\/tesis\/wp-json\/wp\/v2\/comments?post=129042"}],"version-history":[{"count":0,"href":"https:\/\/www.deberes.net\/tesis\/wp-json\/wp\/v2\/posts\/129042\/revisions"}],"wp:attachment":[{"href":"https:\/\/www.deberes.net\/tesis\/wp-json\/wp\/v2\/media?parent=129042"}],"wp:term":[{"taxonomy":"category","embeddable":true,"href":"https:\/\/www.deberes.net\/tesis\/wp-json\/wp\/v2\/categories?post=129042"},{"taxonomy":"post_tag","embeddable":true,"href":"https:\/\/www.deberes.net\/tesis\/wp-json\/wp\/v2\/tags?post=129042"}],"curies":[{"name":"wp","href":"https:\/\/api.w.org\/{rel}","templated":true}]}}