{"id":129057,"date":"1996-01-01T00:00:00","date_gmt":"1996-01-01T00:00:00","guid":{"rendered":"https:\/\/www.deberes.net\/tesis\/sin-categoria\/estudio-y-analisis-de-el-diario-de-avila-y-sus-antecedentes\/"},"modified":"1996-01-01T00:00:00","modified_gmt":"1996-01-01T00:00:00","slug":"estudio-y-analisis-de-el-diario-de-avila-y-sus-antecedentes","status":"publish","type":"post","link":"https:\/\/www.deberes.net\/tesis\/historia\/estudio-y-analisis-de-el-diario-de-avila-y-sus-antecedentes\/","title":{"rendered":"Estudio y analisis de \u00abel diario de avila\u00bb y sus antecedentes."},"content":{"rendered":"<h2>Tesis doctoral de <strong>  Serrano Alvarez Jos\u00e9 Manuel <\/strong><\/h2>\n<p>Aborda los aspectos historicos, empresariales, tecnicos e informativos de tres periodicos abulenses: el eco de la verdad, nacido en 1888 y cerrado por el gobierno el 17 de noviembre de 1898, su sucesor a todos los efectos el diario de avila, nacido el 24 de noviembre de 1898, cabecera actualmente existente, y el eco de castilla, nacido en abril de 1904 y fusionado en mayo de 1905 con el diario de avila para hacer frente a la crisis economica que afectaba a ambos.Las tres publicaciones forman parte de una misma historia periodistica, que es la de el diario de avila, porque las vinculaciones existentes entre ellas son muchas: defendieron identicos planteamientos ideologicos, compartieron equipos directivos, empresariales y redaccionales y se propusieron servir a avila.A lo largo de su existencia, como se demuestra en el trabajo investigador, el diario de avila ha sido un periodico de ideolog\u00eda catolica e independiente de toda formacion politica concreta, salvo un parentesis de poco mas de cuatro a\u00f1os en que fue organo del partido conservador abulense. Ha defendido con empe\u00f1o los intereses de la provincia, motivo por el que le fue concedida la medalla de oro de la diputacion provincial.  en un analisis prospectivo se estudian las respuestas de los lectores sobre los contenidos del periodico estudiado y se ofrece un estudio comparativo de la prensa diaria que se edita en castilla y leon.<\/p>\n<p>&nbsp;<\/p>\n<h3>Datos acad\u00e9micos de la tesis doctoral \u00ab<strong>Estudio y analisis de \u00abel diario de avila\u00bb y sus antecedentes.<\/strong>\u00ab<\/h3>\n<ul>\n<li><strong>T\u00edtulo de la tesis:<\/strong>\u00a0 Estudio y analisis de \u00abel diario de avila\u00bb y sus antecedentes. <\/li>\n<li><strong>Autor:<\/strong>\u00a0  Serrano Alvarez Jos\u00e9 Manuel <\/li>\n<li><strong>Universidad:<\/strong>\u00a0 Complutense de Madrid<\/li>\n<li><strong>Fecha de lectura de la tesis:<\/strong>\u00a0 01\/01\/1996<\/li>\n<\/ul>\n<p>&nbsp;<\/p>\n<h3>Direcci\u00f3n y tribunal<\/h3>\n<ul>\n<li><strong>Director de la tesis<\/strong>\n<ul>\n<li>Donaciano Bartolome Crespo<\/li>\n<\/ul>\n<\/li>\n<li><strong>Tribunal<\/strong>\n<ul>\n<li>Presidente del tribunal:  Garcia Fernandez Emilio Carlos <\/li>\n<li> Pascual Sevillano M. Angeles (vocal)<\/li>\n<li>Carmelo Luis L\u00f3pez (vocal)<\/li>\n<li>Antonio Garcia Martinez (vocal)<\/li>\n<\/ul>\n<\/li>\n<\/ul>\n<p>&nbsp;<\/p>\n","protected":false},"excerpt":{"rendered":"<p>Tesis doctoral de Serrano Alvarez Jos\u00e9 Manuel Aborda los aspectos historicos, empresariales, tecnicos e informativos de tres periodicos abulenses: el [&hellip;]<\/p>\n","protected":false},"author":1,"featured_media":0,"comment_status":"open","ping_status":"open","sticky":false,"template":"","format":"standard","meta":{"site-sidebar-layout":"default","site-content-layout":"","ast-site-content-layout":"","site-content-style":"default","site-sidebar-style":"default","ast-global-header-display":"","ast-banner-title-visibility":"","ast-main-header-display":"","ast-hfb-above-header-display":"","ast-hfb-below-header-display":"","ast-hfb-mobile-header-display":"","site-post-title":"","ast-breadcrumbs-content":"","ast-featured-img":"","footer-sml-layout":"","theme-transparent-header-meta":"","adv-header-id-meta":"","stick-header-meta":"","header-above-stick-meta":"","header-main-stick-meta":"","header-below-stick-meta":"","astra-migrate-meta-layouts":"default","ast-page-background-enabled":"default","ast-page-background-meta":{"desktop":{"background-color":"var(--ast-global-color-4)","background-image":"","background-repeat":"repeat","background-position":"center center","background-size":"auto","background-attachment":"scroll","background-type":"","background-media":"","overlay-type":"","overlay-color":"","overlay-gradient":""},"tablet":{"background-color":"","background-image":"","background-repeat":"repeat","background-position":"center center","background-size":"auto","background-attachment":"scroll","background-type":"","background-media":"","overlay-type":"","overlay-color":"","overlay-gradient":""},"mobile":{"background-color":"","background-image":"","background-repeat":"repeat","background-position":"center center","background-size":"auto","background-attachment":"scroll","background-type":"","background-media":"","overlay-type":"","overlay-color":"","overlay-gradient":""}},"ast-content-background-meta":{"desktop":{"background-color":"var(--ast-global-color-5)","background-image":"","background-repeat":"repeat","background-position":"center center","background-size":"auto","background-attachment":"scroll","background-type":"","background-media":"","overlay-type":"","overlay-color":"","overlay-gradient":""},"tablet":{"background-color":"var(--ast-global-color-5)","background-image":"","background-repeat":"repeat","background-position":"center center","background-size":"auto","background-attachment":"scroll","background-type":"","background-media":"","overlay-type":"","overlay-color":"","overlay-gradient":""},"mobile":{"background-color":"var(--ast-global-color-5)","background-image":"","background-repeat":"repeat","background-position":"center center","background-size":"auto","background-attachment":"scroll","background-type":"","background-media":"","overlay-type":"","overlay-color":"","overlay-gradient":""}},"footnotes":""},"categories":[986,104,5812,222],"tags":[6828,52298,65261,44251,31565,55288],"class_list":["post-129057","post","type-post","status-publish","format-standard","hentry","category-complutense-de-madrid","category-historia","category-historia-del-periodismo","category-historias-especializadas","tag-antonio-garcia-Martinez","tag-carmelo-luis-lopez","tag-donaciano-bartolome-crespo","tag-garcia-fernandez-emilio-carlos","tag-pascual-sevillano-m-angeles","tag-serrano-alvarez-jose-manuel"],"_links":{"self":[{"href":"https:\/\/www.deberes.net\/tesis\/wp-json\/wp\/v2\/posts\/129057","targetHints":{"allow":["GET"]}}],"collection":[{"href":"https:\/\/www.deberes.net\/tesis\/wp-json\/wp\/v2\/posts"}],"about":[{"href":"https:\/\/www.deberes.net\/tesis\/wp-json\/wp\/v2\/types\/post"}],"author":[{"embeddable":true,"href":"https:\/\/www.deberes.net\/tesis\/wp-json\/wp\/v2\/users\/1"}],"replies":[{"embeddable":true,"href":"https:\/\/www.deberes.net\/tesis\/wp-json\/wp\/v2\/comments?post=129057"}],"version-history":[{"count":0,"href":"https:\/\/www.deberes.net\/tesis\/wp-json\/wp\/v2\/posts\/129057\/revisions"}],"wp:attachment":[{"href":"https:\/\/www.deberes.net\/tesis\/wp-json\/wp\/v2\/media?parent=129057"}],"wp:term":[{"taxonomy":"category","embeddable":true,"href":"https:\/\/www.deberes.net\/tesis\/wp-json\/wp\/v2\/categories?post=129057"},{"taxonomy":"post_tag","embeddable":true,"href":"https:\/\/www.deberes.net\/tesis\/wp-json\/wp\/v2\/tags?post=129057"}],"curies":[{"name":"wp","href":"https:\/\/api.w.org\/{rel}","templated":true}]}}