{"id":129068,"date":"1996-01-01T00:00:00","date_gmt":"1996-01-01T00:00:00","guid":{"rendered":"https:\/\/www.deberes.net\/tesis\/sin-categoria\/estilo-de-vida-hacia-una-teoria-psicosocial-de-la-accion\/"},"modified":"1996-01-01T00:00:00","modified_gmt":"1996-01-01T00:00:00","slug":"estilo-de-vida-hacia-una-teoria-psicosocial-de-la-accion","status":"publish","type":"post","link":"https:\/\/www.deberes.net\/tesis\/psicologia\/estilo-de-vida-hacia-una-teoria-psicosocial-de-la-accion\/","title":{"rendered":"Estilo de vida: hacia una teoria psicosocial de la accion."},"content":{"rendered":"<h2>Tesis doctoral de <strong>  Soldevilla Perez Luis Carlos <\/strong><\/h2>\n<p>Partiendo del objetivo de dar razon y cuenta de las actuales relaciones entre cultura\/estructura social y personalidad en las sociedades tardomodernas, y en como estas relaciones se focalizan en la paradigmatica categoria de \u00abaccion\u00bb, hemos seleccionado el concepto de \u00abestilo de vida\u00bb como constructo idoneo para el estudio psicosocial de la accion.Tras efectuar una rigurosa y profunda revision bibliografica sobre el empleo de dicho constructo por parte de las diferentes ciencias sociales (epidemiolog\u00eda, sociolog\u00eda, psicolog\u00eda y psicolog\u00eda social) y detectar un tratamiento meramente descriptivo y, mayoritariamente falto de provision teorica, hemos procedido a la reconstruccion hermeneutico-genealogica de los fundamentos sustantivos y metodologicos del constructo \u00abestilo de vida\u00bb, en las obras de sus progenitores: m. Weber, j. Ortega y gasset, a. Adler y a.  giddens.  los resultados de dicho estudio nos permitieron desarrollar tres lineas de trabajo, con las que concluimos esta tesis doctoral: en un primer lugar fundamentar teorica y psicosocialmente el constructo \u00abestilo de vida\u00bb. En segundo lugar, aproximarnos a una teoria psicosocial de la \u00abaccion\u00bb y, por ultimo, dejar incoada una concepcion operativa y aplicada del constructo objeto de estudio.<\/p>\n<p>&nbsp;<\/p>\n<h3>Datos acad\u00e9micos de la tesis doctoral \u00ab<strong>Estilo de vida: hacia una teoria psicosocial de la accion.<\/strong>\u00ab<\/h3>\n<ul>\n<li><strong>T\u00edtulo de la tesis:<\/strong>\u00a0 Estilo de vida: hacia una teoria psicosocial de la accion. <\/li>\n<li><strong>Autor:<\/strong>\u00a0  Soldevilla Perez Luis Carlos <\/li>\n<li><strong>Universidad:<\/strong>\u00a0 Complutense de Madrid<\/li>\n<li><strong>Fecha de lectura de la tesis:<\/strong>\u00a0 01\/01\/1996<\/li>\n<\/ul>\n<p>&nbsp;<\/p>\n<h3>Direcci\u00f3n y tribunal<\/h3>\n<ul>\n<li><strong>Director de la tesis<\/strong>\n<ul>\n<li>Concepcion Fernandez Villanueva<\/li>\n<\/ul>\n<\/li>\n<li><strong>Tribunal<\/strong>\n<ul>\n<li>Presidente del tribunal:  Torregrosa Peris Jos\u00e9 Ramon <\/li>\n<li>Tomas Iba\u00f1ez Gracia (vocal)<\/li>\n<li>Florencio Jim\u00e9nez Burillo (vocal)<\/li>\n<li>Octavio U\u00f1a Juarez (vocal)<\/li>\n<\/ul>\n<\/li>\n<\/ul>\n<p>&nbsp;<\/p>\n","protected":false},"excerpt":{"rendered":"<p>Tesis doctoral de Soldevilla Perez Luis Carlos Partiendo del objetivo de dar razon y cuenta de las actuales relaciones entre [&hellip;]<\/p>\n","protected":false},"author":1,"featured_media":0,"comment_status":"open","ping_status":"open","sticky":false,"template":"","format":"standard","meta":{"site-sidebar-layout":"default","site-content-layout":"","ast-site-content-layout":"","site-content-style":"default","site-sidebar-style":"default","ast-global-header-display":"","ast-banner-title-visibility":"","ast-main-header-display":"","ast-hfb-above-header-display":"","ast-hfb-below-header-display":"","ast-hfb-mobile-header-display":"","site-post-title":"","ast-breadcrumbs-content":"","ast-featured-img":"","footer-sml-layout":"","theme-transparent-header-meta":"","adv-header-id-meta":"","stick-header-meta":"","header-above-stick-meta":"","header-main-stick-meta":"","header-below-stick-meta":"","astra-migrate-meta-layouts":"default","ast-page-background-enabled":"default","ast-page-background-meta":{"desktop":{"background-color":"var(--ast-global-color-4)","background-image":"","background-repeat":"repeat","background-position":"center center","background-size":"auto","background-attachment":"scroll","background-type":"","background-media":"","overlay-type":"","overlay-color":"","overlay-gradient":""},"tablet":{"background-color":"","background-image":"","background-repeat":"repeat","background-position":"center center","background-size":"auto","background-attachment":"scroll","background-type":"","background-media":"","overlay-type":"","overlay-color":"","overlay-gradient":""},"mobile":{"background-color":"","background-image":"","background-repeat":"repeat","background-position":"center center","background-size":"auto","background-attachment":"scroll","background-type":"","background-media":"","overlay-type":"","overlay-color":"","overlay-gradient":""}},"ast-content-background-meta":{"desktop":{"background-color":"var(--ast-global-color-5)","background-image":"","background-repeat":"repeat","background-position":"center center","background-size":"auto","background-attachment":"scroll","background-type":"","background-media":"","overlay-type":"","overlay-color":"","overlay-gradient":""},"tablet":{"background-color":"var(--ast-global-color-5)","background-image":"","background-repeat":"repeat","background-position":"center center","background-size":"auto","background-attachment":"scroll","background-type":"","background-media":"","overlay-type":"","overlay-color":"","overlay-gradient":""},"mobile":{"background-color":"var(--ast-global-color-5)","background-image":"","background-repeat":"repeat","background-position":"center center","background-size":"auto","background-attachment":"scroll","background-type":"","background-media":"","overlay-type":"","overlay-color":"","overlay-gradient":""}},"footnotes":""},"categories":[986,1393,324,996],"tags":[47089,6709,6558,242441,6711,7343],"class_list":["post-129068","post","type-post","status-publish","format-standard","hentry","category-complutense-de-madrid","category-nivel-cultural-y-personalidad","category-psicologia","category-psicologia-social","tag-concepcion-fernandez-villanueva","tag-florencio-jimenez-burillo","tag-octavio-una-juarez","tag-soldevilla-perez-luis-carlos","tag-tomas-ibanez-gracia","tag-torregrosa-peris-jose-ramon"],"_links":{"self":[{"href":"https:\/\/www.deberes.net\/tesis\/wp-json\/wp\/v2\/posts\/129068","targetHints":{"allow":["GET"]}}],"collection":[{"href":"https:\/\/www.deberes.net\/tesis\/wp-json\/wp\/v2\/posts"}],"about":[{"href":"https:\/\/www.deberes.net\/tesis\/wp-json\/wp\/v2\/types\/post"}],"author":[{"embeddable":true,"href":"https:\/\/www.deberes.net\/tesis\/wp-json\/wp\/v2\/users\/1"}],"replies":[{"embeddable":true,"href":"https:\/\/www.deberes.net\/tesis\/wp-json\/wp\/v2\/comments?post=129068"}],"version-history":[{"count":0,"href":"https:\/\/www.deberes.net\/tesis\/wp-json\/wp\/v2\/posts\/129068\/revisions"}],"wp:attachment":[{"href":"https:\/\/www.deberes.net\/tesis\/wp-json\/wp\/v2\/media?parent=129068"}],"wp:term":[{"taxonomy":"category","embeddable":true,"href":"https:\/\/www.deberes.net\/tesis\/wp-json\/wp\/v2\/categories?post=129068"},{"taxonomy":"post_tag","embeddable":true,"href":"https:\/\/www.deberes.net\/tesis\/wp-json\/wp\/v2\/tags?post=129068"}],"curies":[{"name":"wp","href":"https:\/\/api.w.org\/{rel}","templated":true}]}}