{"id":129206,"date":"1996-01-01T00:00:00","date_gmt":"1996-01-01T00:00:00","guid":{"rendered":"https:\/\/www.deberes.net\/tesis\/sin-categoria\/interaccion-de-las-leyes-gestalticas-en-la-estructuracion-jerarquica-y-configuracion-holistica-de-la-informacion-visual\/"},"modified":"1996-01-01T00:00:00","modified_gmt":"1996-01-01T00:00:00","slug":"interaccion-de-las-leyes-gestalticas-en-la-estructuracion-jerarquica-y-configuracion-holistica-de-la-informacion-visual","status":"publish","type":"post","link":"https:\/\/www.deberes.net\/tesis\/psicologia\/interaccion-de-las-leyes-gestalticas-en-la-estructuracion-jerarquica-y-configuracion-holistica-de-la-informacion-visual\/","title":{"rendered":"Interaccion de las leyes gestalticas en la estructuracion jerarquica y configuracion holistica de la informacion visual."},"content":{"rendered":"<h2>Tesis doctoral de <strong> Rafaela Luna Blanco <\/strong><\/h2>\n<p>En este trabajo de investigacion se intento constatar la existencia de determinadas variables perceptuales que podian influir, de manera conjunta, en la identificacion e integracion de los elementos que componian la imagen visual (teisman, 1988, 1990, 1992) y que, ademas dichas variables se encontraban relacionadas con la teoria de los codigos superordenados (king, 1990, 1993). Por ultimo, se generalizaron los resultados de los primeros estudios aplicandolos a se\u00f1ales de trafico -se\u00f1alizacion vertical- y se llego a la conclusion de que es mejor discriminar se\u00f1ales verticales que no coinciden en sus componentes que aquellas que coinciden (duncan y humphreys, 1989), pues la similaridad incrementa la competicion entre el numero de candidatos viables a ser reconocidos (cave, wolfe y franzel, 1989).<\/p>\n<p>&nbsp;<\/p>\n<h3>Datos acad\u00e9micos de la tesis doctoral \u00ab<strong>Interaccion de las leyes gestalticas en la estructuracion jerarquica y configuracion holistica de la informacion visual.<\/strong>\u00ab<\/h3>\n<ul>\n<li><strong>T\u00edtulo de la tesis:<\/strong>\u00a0 Interaccion de las leyes gestalticas en la estructuracion jerarquica y configuracion holistica de la informacion visual. <\/li>\n<li><strong>Autor:<\/strong>\u00a0 Rafaela Luna Blanco <\/li>\n<li><strong>Universidad:<\/strong>\u00a0 M\u00e1laga<\/li>\n<li><strong>Fecha de lectura de la tesis:<\/strong>\u00a0 01\/01\/1996<\/li>\n<\/ul>\n<p>&nbsp;<\/p>\n<h3>Direcci\u00f3n y tribunal<\/h3>\n<ul>\n<li><strong>Director de la tesis<\/strong>\n<ul>\n<li>Marcos Ru\u00edz Soler<\/li>\n<\/ul>\n<\/li>\n<li><strong>Tribunal<\/strong>\n<ul>\n<li>Presidente del tribunal: Mar\u00eda Teresa Anguera Argilaga <\/li>\n<li>Francesc Salvador Beltran (vocal)<\/li>\n<li>Gerardo Alfonso Prieto Adanez (vocal)<\/li>\n<li>Manuel Pelegrina Del Rio (vocal)<\/li>\n<\/ul>\n<\/li>\n<\/ul>\n<p>&nbsp;<\/p>\n","protected":false},"excerpt":{"rendered":"<p>Tesis doctoral de Rafaela Luna Blanco En este trabajo de investigacion se intento constatar la existencia de determinadas variables perceptuales [&hellip;]<\/p>\n","protected":false},"author":1,"featured_media":0,"comment_status":"open","ping_status":"open","sticky":false,"template":"","format":"standard","meta":{"site-sidebar-layout":"default","site-content-layout":"","ast-site-content-layout":"","site-content-style":"default","site-sidebar-style":"default","ast-global-header-display":"","ast-banner-title-visibility":"","ast-main-header-display":"","ast-hfb-above-header-display":"","ast-hfb-below-header-display":"","ast-hfb-mobile-header-display":"","site-post-title":"","ast-breadcrumbs-content":"","ast-featured-img":"","footer-sml-layout":"","theme-transparent-header-meta":"","adv-header-id-meta":"","stick-header-meta":"","header-above-stick-meta":"","header-main-stick-meta":"","header-below-stick-meta":"","astra-migrate-meta-layouts":"default","ast-page-background-enabled":"default","ast-page-background-meta":{"desktop":{"background-color":"var(--ast-global-color-4)","background-image":"","background-repeat":"repeat","background-position":"center center","background-size":"auto","background-attachment":"scroll","background-type":"","background-media":"","overlay-type":"","overlay-color":"","overlay-gradient":""},"tablet":{"background-color":"","background-image":"","background-repeat":"repeat","background-position":"center center","background-size":"auto","background-attachment":"scroll","background-type":"","background-media":"","overlay-type":"","overlay-color":"","overlay-gradient":""},"mobile":{"background-color":"","background-image":"","background-repeat":"repeat","background-position":"center center","background-size":"auto","background-attachment":"scroll","background-type":"","background-media":"","overlay-type":"","overlay-color":"","overlay-gradient":""}},"ast-content-background-meta":{"desktop":{"background-color":"var(--ast-global-color-5)","background-image":"","background-repeat":"repeat","background-position":"center center","background-size":"auto","background-attachment":"scroll","background-type":"","background-media":"","overlay-type":"","overlay-color":"","overlay-gradient":""},"tablet":{"background-color":"var(--ast-global-color-5)","background-image":"","background-repeat":"repeat","background-position":"center center","background-size":"auto","background-attachment":"scroll","background-type":"","background-media":"","overlay-type":"","overlay-color":"","overlay-gradient":""},"mobile":{"background-color":"var(--ast-global-color-5)","background-image":"","background-repeat":"repeat","background-position":"center center","background-size":"auto","background-attachment":"scroll","background-type":"","background-media":"","overlay-type":"","overlay-color":"","overlay-gradient":""}},"footnotes":""},"categories":[7834,2461,324,2462],"tags":[15176,4134,50429,40399,1179,69114],"class_list":["post-129206","post","type-post","status-publish","format-standard","hentry","category-malaga","category-procesos-de-percepcion","category-psicologia","category-psicologia-experimental","tag-francesc-salvador-beltran","tag-gerardo-alfonso-prieto-adanez","tag-manuel-pelegrina-del-rio","tag-marcos-ruiz-soler","tag-maria-teresa-anguera-argilaga","tag-rafaela-luna-blanco"],"_links":{"self":[{"href":"https:\/\/www.deberes.net\/tesis\/wp-json\/wp\/v2\/posts\/129206","targetHints":{"allow":["GET"]}}],"collection":[{"href":"https:\/\/www.deberes.net\/tesis\/wp-json\/wp\/v2\/posts"}],"about":[{"href":"https:\/\/www.deberes.net\/tesis\/wp-json\/wp\/v2\/types\/post"}],"author":[{"embeddable":true,"href":"https:\/\/www.deberes.net\/tesis\/wp-json\/wp\/v2\/users\/1"}],"replies":[{"embeddable":true,"href":"https:\/\/www.deberes.net\/tesis\/wp-json\/wp\/v2\/comments?post=129206"}],"version-history":[{"count":0,"href":"https:\/\/www.deberes.net\/tesis\/wp-json\/wp\/v2\/posts\/129206\/revisions"}],"wp:attachment":[{"href":"https:\/\/www.deberes.net\/tesis\/wp-json\/wp\/v2\/media?parent=129206"}],"wp:term":[{"taxonomy":"category","embeddable":true,"href":"https:\/\/www.deberes.net\/tesis\/wp-json\/wp\/v2\/categories?post=129206"},{"taxonomy":"post_tag","embeddable":true,"href":"https:\/\/www.deberes.net\/tesis\/wp-json\/wp\/v2\/tags?post=129206"}],"curies":[{"name":"wp","href":"https:\/\/api.w.org\/{rel}","templated":true}]}}