{"id":129243,"date":"1996-01-01T00:00:00","date_gmt":"1996-01-01T00:00:00","guid":{"rendered":"https:\/\/www.deberes.net\/tesis\/sin-categoria\/los-conventos-malaguenos-evolucion-historica-y-artistica\/"},"modified":"1996-01-01T00:00:00","modified_gmt":"1996-01-01T00:00:00","slug":"los-conventos-malaguenos-evolucion-historica-y-artistica","status":"publish","type":"post","link":"https:\/\/www.deberes.net\/tesis\/historia\/los-conventos-malaguenos-evolucion-historica-y-artistica\/","title":{"rendered":"Los conventos malague\u00f1os: evolucion historica y artistica."},"content":{"rendered":"<h2>Tesis doctoral de <strong>  Rodr\u00edguez Mar\u00edn Francisco Jos\u00e9 <\/strong><\/h2>\n<p>El tema fundamental aborda el de la malaga conventual desde la complejidad de sus muy diversos aspectos, tanto en sus vertientes sociologicas como economicas y urbanisticas, sin olvidar el importante capitulo dedicado a la desamortizacion. Se ha dedicado una especial atencion a la reconstruccion de la historia de los 26 conventos que en algun momento han estado establecidos en la ciudad de malaga. Los beaterios y eremitorios han sido, igualmente, objeto del estudio, para terminar de configurar el panorama religioso de estos a\u00f1os. Se ha dedicado una especial atencion a los aspectos artisticos, sobre todo a su arquitectura y las distintas intervenciones, transformaciones o cambios de uso que han padecido los edificios conventuales. Puesto que la mayor parte de los conventos han desaparecido durante las distintas intervenciones desamortizadoras, se ha procedido a la reconstruccion de su planta sobre un parcelario actual, se\u00f1alando su forma y extension. Para ello se ha utilizado la documentacion historica conjuntamente con planimetrias historicas, fotografias antiguas, grabados y litografias.<\/p>\n<p>&nbsp;<\/p>\n<h3>Datos acad\u00e9micos de la tesis doctoral \u00ab<strong>Los conventos malague\u00f1os: evolucion historica y artistica.<\/strong>\u00ab<\/h3>\n<ul>\n<li><strong>T\u00edtulo de la tesis:<\/strong>\u00a0 Los conventos malague\u00f1os: evolucion historica y artistica. <\/li>\n<li><strong>Autor:<\/strong>\u00a0  Rodr\u00edguez Mar\u00edn Francisco Jos\u00e9 <\/li>\n<li><strong>Universidad:<\/strong>\u00a0 M\u00e1laga<\/li>\n<li><strong>Fecha de lectura de la tesis:<\/strong>\u00a0 01\/01\/1996<\/li>\n<\/ul>\n<p>&nbsp;<\/p>\n<h3>Direcci\u00f3n y tribunal<\/h3>\n<ul>\n<li><strong>Director de la tesis<\/strong>\n<ul>\n<li>Marion Reder Gadow<\/li>\n<\/ul>\n<\/li>\n<li><strong>Tribunal<\/strong>\n<ul>\n<li>Presidente del tribunal: Teofanes Egido Lopez <\/li>\n<li>Pedro Galera Andreu (vocal)<\/li>\n<li>Arturo Morgado Garc\u00eda (vocal)<\/li>\n<li>Rosario Camacho Martinez (vocal)<\/li>\n<\/ul>\n<\/li>\n<\/ul>\n<p>&nbsp;<\/p>\n","protected":false},"excerpt":{"rendered":"<p>Tesis doctoral de Rodr\u00edguez Mar\u00edn Francisco Jos\u00e9 El tema fundamental aborda el de la malaga conventual desde la complejidad de [&hellip;]<\/p>\n","protected":false},"author":1,"featured_media":0,"comment_status":"open","ping_status":"open","sticky":false,"template":"","format":"standard","meta":{"site-sidebar-layout":"default","site-content-layout":"","ast-site-content-layout":"","site-content-style":"default","site-sidebar-style":"default","ast-global-header-display":"","ast-banner-title-visibility":"","ast-main-header-display":"","ast-hfb-above-header-display":"","ast-hfb-below-header-display":"","ast-hfb-mobile-header-display":"","site-post-title":"","ast-breadcrumbs-content":"","ast-featured-img":"","footer-sml-layout":"","theme-transparent-header-meta":"","adv-header-id-meta":"","stick-header-meta":"","header-above-stick-meta":"","header-main-stick-meta":"","header-below-stick-meta":"","astra-migrate-meta-layouts":"default","ast-page-background-enabled":"default","ast-page-background-meta":{"desktop":{"background-color":"var(--ast-global-color-4)","background-image":"","background-repeat":"repeat","background-position":"center center","background-size":"auto","background-attachment":"scroll","background-type":"","background-media":"","overlay-type":"","overlay-color":"","overlay-gradient":""},"tablet":{"background-color":"","background-image":"","background-repeat":"repeat","background-position":"center center","background-size":"auto","background-attachment":"scroll","background-type":"","background-media":"","overlay-type":"","overlay-color":"","overlay-gradient":""},"mobile":{"background-color":"","background-image":"","background-repeat":"repeat","background-position":"center center","background-size":"auto","background-attachment":"scroll","background-type":"","background-media":"","overlay-type":"","overlay-color":"","overlay-gradient":""}},"ast-content-background-meta":{"desktop":{"background-color":"var(--ast-global-color-5)","background-image":"","background-repeat":"repeat","background-position":"center center","background-size":"auto","background-attachment":"scroll","background-type":"","background-media":"","overlay-type":"","overlay-color":"","overlay-gradient":""},"tablet":{"background-color":"var(--ast-global-color-5)","background-image":"","background-repeat":"repeat","background-position":"center center","background-size":"auto","background-attachment":"scroll","background-type":"","background-media":"","overlay-type":"","overlay-color":"","overlay-gradient":""},"mobile":{"background-color":"var(--ast-global-color-5)","background-image":"","background-repeat":"repeat","background-position":"center center","background-size":"auto","background-attachment":"scroll","background-type":"","background-media":"","overlay-type":"","overlay-color":"","overlay-gradient":""}},"footnotes":""},"categories":[104,353,2563,220,222,7834],"tags":[31625,7852,3974,161624,8015,3360],"class_list":["post-129243","post","type-post","status-publish","format-standard","hentry","category-historia","category-historia-contemporanea-del-area-europea","category-historia-del-arte-de-los-siglos-xix-y-xx","category-historia-por-epocas","category-historias-especializadas","category-malaga","tag-arturo-morgado-garcia","tag-marion-reder-gadow","tag-pedro-galera-andreu","tag-rodriguez-marin-francisco-jose","tag-rosario-camacho-Martinez","tag-teofanes-egido-lopez"],"_links":{"self":[{"href":"https:\/\/www.deberes.net\/tesis\/wp-json\/wp\/v2\/posts\/129243","targetHints":{"allow":["GET"]}}],"collection":[{"href":"https:\/\/www.deberes.net\/tesis\/wp-json\/wp\/v2\/posts"}],"about":[{"href":"https:\/\/www.deberes.net\/tesis\/wp-json\/wp\/v2\/types\/post"}],"author":[{"embeddable":true,"href":"https:\/\/www.deberes.net\/tesis\/wp-json\/wp\/v2\/users\/1"}],"replies":[{"embeddable":true,"href":"https:\/\/www.deberes.net\/tesis\/wp-json\/wp\/v2\/comments?post=129243"}],"version-history":[{"count":0,"href":"https:\/\/www.deberes.net\/tesis\/wp-json\/wp\/v2\/posts\/129243\/revisions"}],"wp:attachment":[{"href":"https:\/\/www.deberes.net\/tesis\/wp-json\/wp\/v2\/media?parent=129243"}],"wp:term":[{"taxonomy":"category","embeddable":true,"href":"https:\/\/www.deberes.net\/tesis\/wp-json\/wp\/v2\/categories?post=129243"},{"taxonomy":"post_tag","embeddable":true,"href":"https:\/\/www.deberes.net\/tesis\/wp-json\/wp\/v2\/tags?post=129243"}],"curies":[{"name":"wp","href":"https:\/\/api.w.org\/{rel}","templated":true}]}}