{"id":12935,"date":"2018-03-09T08:59:01","date_gmt":"2018-03-09T08:59:01","guid":{"rendered":"https:\/\/www.deberes.net\/tesis\/sin-categoria\/el-mar-en-la-pintura-del-siglo-xix-en-espana\/"},"modified":"2018-03-09T08:59:01","modified_gmt":"2018-03-09T08:59:01","slug":"el-mar-en-la-pintura-del-siglo-xix-en-espana","status":"publish","type":"post","link":"https:\/\/www.deberes.net\/tesis\/historia\/el-mar-en-la-pintura-del-siglo-xix-en-espana\/","title":{"rendered":"El mar en la pintura del siglo xix en espa\u00f1a"},"content":{"rendered":"<h2>Tesis doctoral de <strong> Pilar Magro Mart\u00edn <\/strong><\/h2>\n<p>El trabajo que se propone como tesis doctoral contiene un an\u00e1lisis del papel del mar en la pintura espa\u00f1ola del siglo xix en espa\u00f1a.  se fundamenta el estudio sobre una compilaci\u00f3n de datos procedente de diversas fuentes, estructurada en una base de datos, (file maker pro 2.0, macintosh), que dar\u00e1 lugar a un diccionario donde se recogen casi ochocientos artistas relacionados con el mar en mayor o menor medida. (Volumen ii).  la informaci\u00f3n de aqu\u00ed obtenida se ha canalizado a trav\u00e9s de unos ap\u00e9ndices cuyos an\u00e1lisis y tratamiento oportuno ha conducido a numerosas conclusiones. el volumen i contiene adem\u00e1s, desde una aproximaci\u00f3n a una posible definici\u00f3n de la marina o el papel evolutivo de la pintrua naturalista, dentro del desarrollo global del pensamiento, hasta un an\u00e1lisis y clasificaci\u00f3n de la obra pict\u00f3rica, materializado en diferentes histogrmas as\u00ed como los perfiles sociol\u00f3gicos de los artistas y las escuelas o focos de irradiaci\u00f3n existente. Naturalmente todo esto ha sido posible, al menos en una parte, gracias a toda esa informaci\u00f3n a la que ya se ha aludido, (volumen ii), clasificada, pesada y valorada.<\/p>\n<p>&nbsp;<\/p>\n<h3>Datos acad\u00e9micos de la tesis doctoral \u00ab<strong>El mar en la pintura del siglo xix en espa\u00f1a<\/strong>\u00ab<\/h3>\n<ul>\n<li><strong>T\u00edtulo de la tesis:<\/strong>\u00a0 El mar en la pintura del siglo xix en espa\u00f1a <\/li>\n<li><strong>Autor:<\/strong>\u00a0 Pilar Magro Mart\u00edn <\/li>\n<li><strong>Universidad:<\/strong>\u00a0 Nacional de educaci\u00f3n a distancia<\/li>\n<li><strong>Fecha de lectura de la tesis:<\/strong>\u00a0 25\/09\/2001<\/li>\n<\/ul>\n<p>&nbsp;<\/p>\n<h3>Direcci\u00f3n y tribunal<\/h3>\n<ul>\n<li><strong>Director de la tesis<\/strong>\n<ul>\n<li>Juan  Enrique Arias Angles<\/li>\n<\/ul>\n<\/li>\n<li><strong>Tribunal<\/strong>\n<ul>\n<li>Presidente del tribunal:  Garc\u00eda melero Jos\u00e9 enrique <\/li>\n<li>Mar\u00eda  socorro Salvador prieto (vocal)<\/li>\n<li>wifredo Rinc\u00f3n Garc\u00eda (vocal)<\/li>\n<li>bego\u00f1a Torres fern\u00e1ndez (vocal)<\/li>\n<\/ul>\n<\/li>\n<\/ul>\n<p>&nbsp;<\/p>\n","protected":false},"excerpt":{"rendered":"<p>Tesis doctoral de Pilar Magro Mart\u00edn El trabajo que se propone como tesis doctoral contiene un an\u00e1lisis del papel del [&hellip;]<\/p>\n","protected":false},"author":1,"featured_media":0,"comment_status":"open","ping_status":"open","sticky":false,"template":"","format":"standard","meta":{"site-sidebar-layout":"default","site-content-layout":"","ast-site-content-layout":"","site-content-style":"default","site-sidebar-style":"default","ast-global-header-display":"","ast-banner-title-visibility":"","ast-main-header-display":"","ast-hfb-above-header-display":"","ast-hfb-below-header-display":"","ast-hfb-mobile-header-display":"","site-post-title":"","ast-breadcrumbs-content":"","ast-featured-img":"","footer-sml-layout":"","theme-transparent-header-meta":"","adv-header-id-meta":"","stick-header-meta":"","header-above-stick-meta":"","header-main-stick-meta":"","header-below-stick-meta":"","astra-migrate-meta-layouts":"default","ast-page-background-enabled":"default","ast-page-background-meta":{"desktop":{"background-color":"var(--ast-global-color-4)","background-image":"","background-repeat":"repeat","background-position":"center center","background-size":"auto","background-attachment":"scroll","background-type":"","background-media":"","overlay-type":"","overlay-color":"","overlay-gradient":""},"tablet":{"background-color":"","background-image":"","background-repeat":"repeat","background-position":"center center","background-size":"auto","background-attachment":"scroll","background-type":"","background-media":"","overlay-type":"","overlay-color":"","overlay-gradient":""},"mobile":{"background-color":"","background-image":"","background-repeat":"repeat","background-position":"center center","background-size":"auto","background-attachment":"scroll","background-type":"","background-media":"","overlay-type":"","overlay-color":"","overlay-gradient":""}},"ast-content-background-meta":{"desktop":{"background-color":"var(--ast-global-color-5)","background-image":"","background-repeat":"repeat","background-position":"center center","background-size":"auto","background-attachment":"scroll","background-type":"","background-media":"","overlay-type":"","overlay-color":"","overlay-gradient":""},"tablet":{"background-color":"var(--ast-global-color-5)","background-image":"","background-repeat":"repeat","background-position":"center center","background-size":"auto","background-attachment":"scroll","background-type":"","background-media":"","overlay-type":"","overlay-color":"","overlay-gradient":""},"mobile":{"background-color":"var(--ast-global-color-5)","background-image":"","background-repeat":"repeat","background-position":"center center","background-size":"auto","background-attachment":"scroll","background-type":"","background-media":"","overlay-type":"","overlay-color":"","overlay-gradient":""}},"footnotes":""},"categories":[104,1014,2563,222,17070],"tags":[38138,42147,7687,42148,42146,42149],"class_list":["post-12935","post","type-post","status-publish","format-standard","hentry","category-historia","category-historia-del-arte","category-historia-del-arte-de-los-siglos-xix-y-xx","category-historias-especializadas","category-nacional-de-educacion-a-distancia","tag-begona-torres-fernandez","tag-garcia-melero-jose-enrique","tag-juan-enrique-arias-angles","tag-maria-socorro-salvador-prieto","tag-pilar-magro-martin","tag-wifredo-rincon-garcia"],"_links":{"self":[{"href":"https:\/\/www.deberes.net\/tesis\/wp-json\/wp\/v2\/posts\/12935","targetHints":{"allow":["GET"]}}],"collection":[{"href":"https:\/\/www.deberes.net\/tesis\/wp-json\/wp\/v2\/posts"}],"about":[{"href":"https:\/\/www.deberes.net\/tesis\/wp-json\/wp\/v2\/types\/post"}],"author":[{"embeddable":true,"href":"https:\/\/www.deberes.net\/tesis\/wp-json\/wp\/v2\/users\/1"}],"replies":[{"embeddable":true,"href":"https:\/\/www.deberes.net\/tesis\/wp-json\/wp\/v2\/comments?post=12935"}],"version-history":[{"count":0,"href":"https:\/\/www.deberes.net\/tesis\/wp-json\/wp\/v2\/posts\/12935\/revisions"}],"wp:attachment":[{"href":"https:\/\/www.deberes.net\/tesis\/wp-json\/wp\/v2\/media?parent=12935"}],"wp:term":[{"taxonomy":"category","embeddable":true,"href":"https:\/\/www.deberes.net\/tesis\/wp-json\/wp\/v2\/categories?post=12935"},{"taxonomy":"post_tag","embeddable":true,"href":"https:\/\/www.deberes.net\/tesis\/wp-json\/wp\/v2\/tags?post=12935"}],"curies":[{"name":"wp","href":"https:\/\/api.w.org\/{rel}","templated":true}]}}