{"id":12940,"date":"2018-03-09T08:59:01","date_gmt":"2018-03-09T08:59:01","guid":{"rendered":"https:\/\/www.deberes.net\/tesis\/sin-categoria\/la-milicia-nacional-de-vic-durante-la-primera-guerra-carlina\/"},"modified":"2018-03-09T08:59:01","modified_gmt":"2018-03-09T08:59:01","slug":"la-milicia-nacional-de-vic-durante-la-primera-guerra-carlina","status":"publish","type":"post","link":"https:\/\/www.deberes.net\/tesis\/historia\/la-milicia-nacional-de-vic-durante-la-primera-guerra-carlina\/","title":{"rendered":"\u00abla milicia nacional de vic durante la primera guerra carlina\u00bb"},"content":{"rendered":"<h2>Tesis doctoral de <strong> Joan Portet Pujol <\/strong><\/h2>\n<p>La tesis tiene como objetivo conocer como era la mil\u00edcia nacional de vic durante la primera guerra carlista, seguir su evoluci\u00f3n y analizar su actuaci\u00f3n en los acontecimientos recolucionarios y en la lucha contra el carlismo. la investigaci\u00f3n se centra, pues, en las dimensiones politica, sociologica y militar de la fuerza ciudadana vicense, estableciendo sus rasgos peculiares y los que comparte con otras milicias coetaneas. A este efecto, se compara la composici\u00f3n socio-profesional de la mil\u00edcia de vic con las de reus, Valencia y Madrid. El estudio de la sociolog\u00eda miliciana tambi\u00e9n permite determinar cuales eran los sectores de la poblaci\u00f3n mas comprometidos en la defensa del liberalismo y que apoyo tenia la causa de isabel ii en una ciudad situada en la catalu\u00f1a central, capital de corregimiento , que contaba con una poblacion de poco mas de diez mil habitantes y era el principal centro comercial y artesanal de una comarca de car\u00e1cter eminentemente agrario, donde el carlismo tenia muchos partidarios.  cronol\u00f3gicaemnte, el estudio comprende el periodo que va desde principios de 1833 hasta julio de 1840, momento en que concluye la guerra en catalu\u00f1a. la tesis cuenta con un apendice forado por documentos relativos a la organizaci\u00f3n miliciana y por cuadros estad\u00edsticos, elaborados a partir de fuentes archivisticas, sobre distintos aspectos de la mil\u00edcia de vic.<\/p>\n<p>&nbsp;<\/p>\n<h3>Datos acad\u00e9micos de la tesis doctoral \u00ab<strong>\u00abla milicia nacional de vic durante la primera guerra carlina\u00bb<\/strong>\u00ab<\/h3>\n<ul>\n<li><strong>T\u00edtulo de la tesis:<\/strong>\u00a0 \u00abla milicia nacional de vic durante la primera guerra carlina\u00bb <\/li>\n<li><strong>Autor:<\/strong>\u00a0 Joan Portet Pujol <\/li>\n<li><strong>Universidad:<\/strong>\u00a0 Barcelona<\/li>\n<li><strong>Fecha de lectura de la tesis:<\/strong>\u00a0 26\/09\/2001<\/li>\n<\/ul>\n<p>&nbsp;<\/p>\n<h3>Direcci\u00f3n y tribunal<\/h3>\n<ul>\n<li><strong>Director de la tesis<\/strong>\n<ul>\n<li>Josep Termes Ardevol<\/li>\n<\/ul>\n<\/li>\n<li><strong>Tribunal<\/strong>\n<ul>\n<li>Presidente del tribunal: jordi Casassas ymbert <\/li>\n<li>josep Mar\u00eda Sol\u00e9  sabat\u00e9 (vocal)<\/li>\n<li>eva Serra puig (vocal)<\/li>\n<li> Figuerola i garreta jordi (vocal)<\/li>\n<\/ul>\n<\/li>\n<\/ul>\n<p>&nbsp;<\/p>\n","protected":false},"excerpt":{"rendered":"<p>Tesis doctoral de Joan Portet Pujol La tesis tiene como objetivo conocer como era la mil\u00edcia nacional de vic durante [&hellip;]<\/p>\n","protected":false},"author":1,"featured_media":0,"comment_status":"open","ping_status":"open","sticky":false,"template":"","format":"standard","meta":{"site-sidebar-layout":"default","site-content-layout":"","ast-site-content-layout":"","site-content-style":"default","site-sidebar-style":"default","ast-global-header-display":"","ast-banner-title-visibility":"","ast-main-header-display":"","ast-hfb-above-header-display":"","ast-hfb-below-header-display":"","ast-hfb-mobile-header-display":"","site-post-title":"","ast-breadcrumbs-content":"","ast-featured-img":"","footer-sml-layout":"","theme-transparent-header-meta":"","adv-header-id-meta":"","stick-header-meta":"","header-above-stick-meta":"","header-main-stick-meta":"","header-below-stick-meta":"","astra-migrate-meta-layouts":"default","ast-page-background-enabled":"default","ast-page-background-meta":{"desktop":{"background-color":"var(--ast-global-color-4)","background-image":"","background-repeat":"repeat","background-position":"center center","background-size":"auto","background-attachment":"scroll","background-type":"","background-media":"","overlay-type":"","overlay-color":"","overlay-gradient":""},"tablet":{"background-color":"","background-image":"","background-repeat":"repeat","background-position":"center center","background-size":"auto","background-attachment":"scroll","background-type":"","background-media":"","overlay-type":"","overlay-color":"","overlay-gradient":""},"mobile":{"background-color":"","background-image":"","background-repeat":"repeat","background-position":"center center","background-size":"auto","background-attachment":"scroll","background-type":"","background-media":"","overlay-type":"","overlay-color":"","overlay-gradient":""}},"ast-content-background-meta":{"desktop":{"background-color":"var(--ast-global-color-5)","background-image":"","background-repeat":"repeat","background-position":"center center","background-size":"auto","background-attachment":"scroll","background-type":"","background-media":"","overlay-type":"","overlay-color":"","overlay-gradient":""},"tablet":{"background-color":"var(--ast-global-color-5)","background-image":"","background-repeat":"repeat","background-position":"center center","background-size":"auto","background-attachment":"scroll","background-type":"","background-media":"","overlay-type":"","overlay-color":"","overlay-gradient":""},"mobile":{"background-color":"var(--ast-global-color-5)","background-image":"","background-repeat":"repeat","background-position":"center center","background-size":"auto","background-attachment":"scroll","background-type":"","background-media":"","overlay-type":"","overlay-color":"","overlay-gradient":""}},"footnotes":""},"categories":[951,104,1816,220],"tags":[32661,42163,42161,19127,42162,315],"class_list":["post-12940","post","type-post","status-publish","format-standard","hentry","category-barcelona","category-historia","category-historia-contemporanea","category-historia-por-epocas","tag-eva-serra-puig","tag-figuerola-i-garreta-jordi","tag-joan-portet-pujol","tag-jordi-casassas-ymbert","tag-josep-maria-sole-sabate","tag-josep-termes-ardevol"],"_links":{"self":[{"href":"https:\/\/www.deberes.net\/tesis\/wp-json\/wp\/v2\/posts\/12940","targetHints":{"allow":["GET"]}}],"collection":[{"href":"https:\/\/www.deberes.net\/tesis\/wp-json\/wp\/v2\/posts"}],"about":[{"href":"https:\/\/www.deberes.net\/tesis\/wp-json\/wp\/v2\/types\/post"}],"author":[{"embeddable":true,"href":"https:\/\/www.deberes.net\/tesis\/wp-json\/wp\/v2\/users\/1"}],"replies":[{"embeddable":true,"href":"https:\/\/www.deberes.net\/tesis\/wp-json\/wp\/v2\/comments?post=12940"}],"version-history":[{"count":0,"href":"https:\/\/www.deberes.net\/tesis\/wp-json\/wp\/v2\/posts\/12940\/revisions"}],"wp:attachment":[{"href":"https:\/\/www.deberes.net\/tesis\/wp-json\/wp\/v2\/media?parent=12940"}],"wp:term":[{"taxonomy":"category","embeddable":true,"href":"https:\/\/www.deberes.net\/tesis\/wp-json\/wp\/v2\/categories?post=12940"},{"taxonomy":"post_tag","embeddable":true,"href":"https:\/\/www.deberes.net\/tesis\/wp-json\/wp\/v2\/tags?post=12940"}],"curies":[{"name":"wp","href":"https:\/\/api.w.org\/{rel}","templated":true}]}}