{"id":12957,"date":"2018-03-09T08:59:02","date_gmt":"2018-03-09T08:59:02","guid":{"rendered":"https:\/\/www.deberes.net\/tesis\/sin-categoria\/estudio-de-la-imnunodeficiencia-variable-comun-correlacion-entre-datos-clinicos-y-analiticos\/"},"modified":"2018-03-09T08:59:02","modified_gmt":"2018-03-09T08:59:02","slug":"estudio-de-la-imnunodeficiencia-variable-comun-correlacion-entre-datos-clinicos-y-analiticos","status":"publish","type":"post","link":"https:\/\/www.deberes.net\/tesis\/ciencias-medicas\/estudio-de-la-imnunodeficiencia-variable-comun-correlacion-entre-datos-clinicos-y-analiticos\/","title":{"rendered":"Estudio de la imnunodeficiencia variable comun. correlaci\u00f3n entre datos clinicos y analiticos."},"content":{"rendered":"<h2>Tesis doctoral de <strong>  Cambronero Martinez M. Rosario <\/strong><\/h2>\n<p>La inmunodeficiencia variable comun (idvc) es una enfermedad compleja de etiopatogenia desconocida en la que a pesar de que el rasgo com\u00fan en todos estos pacientes es la incpacidad para producir inmunoglobulinas (igs), en la mayoria de ellos no se ha podido demostrar un defecto intrinseco en sus linfocitos b. En estos casos, el sindrome puede ser debido a diferentes alteraciones en los linfocitos t, y para comprobar esta posibilidad, realizados un estudio en 39 pacientes diagnosticados de idvc valorando su inmunidad celular. Comparamos los resultados, adem\u00e1s de con los obtenidos en controles sanos, con los de un segundo grupo control constituido por pacientes con agammagobulinemia ligada al cromosoma x (alx), para determinar la especificidad de las alteraciones encontradas en la idvc. Tratamos de definir diferentes subgrupos de pacientes con idvc en funci\u00f3n de par\u00e1metros anal\u00edticos correlacionado estos subgrupos con la sintomatolog\u00eda y evoluci\u00f3n clinica para comprobar la utilidad de esta subclasificaci\u00f3n en cuanto al pronostico y seguimento de estos enfermos.  la disminuci\u00f3n de la ratio cd4+\/cd8+ es una alteraci\u00f3n compartida por los pacientes con idvc y alx estudiados,aunque la distribucion de los dos subpoblaciones principales de linfocitos t es diferente en ambos grupos. Asi, la disminuci\u00f3n de las celulas cd3+cd4+ solo se observa en la idvc, mientras que ambos grupos presentan un aumento porcentual de la subpoblaci\u00f3n cd3+cd8+ a expensas de las c\u00e9lulas cd8h+. Dentro de los linfocitos cd3+cd4+ de los enfermos con idvc, encontramos un predominio de las c\u00e9lulas memoria sobre las virgenes, mientras que los pacientes con alx presentan la distribuci\u00f3n contraria. la expresi\u00f3n de hla-dr y cd62l en las celulas de los pacientes con idvc, indica una mayor activaci\u00f3n respecto al grupo alx y controles, lo que puede reflejar una activaci\u00f3n an\u00f3mala y persistente de las celulas de estos pacientes in vivo.  los enfermos con idvc prese<\/p>\n<p>&nbsp;<\/p>\n<h3>Datos acad\u00e9micos de la tesis doctoral \u00ab<strong>Estudio de la imnunodeficiencia variable comun. correlaci\u00f3n entre datos clinicos y analiticos.<\/strong>\u00ab<\/h3>\n<ul>\n<li><strong>T\u00edtulo de la tesis:<\/strong>\u00a0 Estudio de la imnunodeficiencia variable comun. correlaci\u00f3n entre datos clinicos y analiticos. <\/li>\n<li><strong>Autor:<\/strong>\u00a0  Cambronero Martinez M. Rosario <\/li>\n<li><strong>Universidad:<\/strong>\u00a0 Aut\u00f3noma de Madrid<\/li>\n<li><strong>Fecha de lectura de la tesis:<\/strong>\u00a0 26\/09\/2001<\/li>\n<\/ul>\n<p>&nbsp;<\/p>\n<h3>Direcci\u00f3n y tribunal<\/h3>\n<ul>\n<li><strong>Director de la tesis<\/strong>\n<ul>\n<li>M.cruz Garcia Rodriguez<\/li>\n<\/ul>\n<\/li>\n<li><strong>Tribunal<\/strong>\n<ul>\n<li>Presidente del tribunal: Francisco Arnalich fern\u00e1ndez <\/li>\n<li>Jos\u00e9 ramon Regueiro  gonzalez barros (vocal)<\/li>\n<li> Gomez de la concha Emilio (vocal)<\/li>\n<li>nuria Matamoros florit (vocal)<\/li>\n<\/ul>\n<\/li>\n<\/ul>\n<p>&nbsp;<\/p>\n","protected":false},"excerpt":{"rendered":"<p>Tesis doctoral de Cambronero Martinez M. Rosario La inmunodeficiencia variable comun (idvc) es una enfermedad compleja de etiopatogenia desconocida en [&hellip;]<\/p>\n","protected":false},"author":1,"featured_media":0,"comment_status":"open","ping_status":"open","sticky":false,"template":"","format":"standard","meta":{"site-sidebar-layout":"default","site-content-layout":"","ast-site-content-layout":"","site-content-style":"default","site-sidebar-style":"default","ast-global-header-display":"","ast-banner-title-visibility":"","ast-main-header-display":"","ast-hfb-above-header-display":"","ast-hfb-below-header-display":"","ast-hfb-mobile-header-display":"","site-post-title":"","ast-breadcrumbs-content":"","ast-featured-img":"","footer-sml-layout":"","theme-transparent-header-meta":"","adv-header-id-meta":"","stick-header-meta":"","header-above-stick-meta":"","header-main-stick-meta":"","header-below-stick-meta":"","astra-migrate-meta-layouts":"default","ast-page-background-enabled":"default","ast-page-background-meta":{"desktop":{"background-color":"var(--ast-global-color-4)","background-image":"","background-repeat":"repeat","background-position":"center center","background-size":"auto","background-attachment":"scroll","background-type":"","background-media":"","overlay-type":"","overlay-color":"","overlay-gradient":""},"tablet":{"background-color":"","background-image":"","background-repeat":"repeat","background-position":"center center","background-size":"auto","background-attachment":"scroll","background-type":"","background-media":"","overlay-type":"","overlay-color":"","overlay-gradient":""},"mobile":{"background-color":"","background-image":"","background-repeat":"repeat","background-position":"center center","background-size":"auto","background-attachment":"scroll","background-type":"","background-media":"","overlay-type":"","overlay-color":"","overlay-gradient":""}},"ast-content-background-meta":{"desktop":{"background-color":"var(--ast-global-color-5)","background-image":"","background-repeat":"repeat","background-position":"center center","background-size":"auto","background-attachment":"scroll","background-type":"","background-media":"","overlay-type":"","overlay-color":"","overlay-gradient":""},"tablet":{"background-color":"var(--ast-global-color-5)","background-image":"","background-repeat":"repeat","background-position":"center center","background-size":"auto","background-attachment":"scroll","background-type":"","background-media":"","overlay-type":"","overlay-color":"","overlay-gradient":""},"mobile":{"background-color":"var(--ast-global-color-5)","background-image":"","background-repeat":"repeat","background-position":"center center","background-size":"auto","background-attachment":"scroll","background-type":"","background-media":"","overlay-type":"","overlay-color":"","overlay-gradient":""}},"footnotes":""},"categories":[35,9,1737,450,156],"tags":[42215,824,5124,4671,42216,14001],"class_list":["post-12957","post","type-post","status-publish","format-standard","hentry","category-ciencias-de-la-vida","category-ciencias-medicas","category-inmunologia","category-inmunopatologia","category-patologia","tag-cambronero-Martinez-m-rosario","tag-francisco-arnalich-fernandez","tag-gomez-de-la-concha-emilio","tag-jose-ramon-regueiro-gonzalez-barros","tag-m-cruz-garcia-rodriguez","tag-nuria-matamoros-florit"],"_links":{"self":[{"href":"https:\/\/www.deberes.net\/tesis\/wp-json\/wp\/v2\/posts\/12957","targetHints":{"allow":["GET"]}}],"collection":[{"href":"https:\/\/www.deberes.net\/tesis\/wp-json\/wp\/v2\/posts"}],"about":[{"href":"https:\/\/www.deberes.net\/tesis\/wp-json\/wp\/v2\/types\/post"}],"author":[{"embeddable":true,"href":"https:\/\/www.deberes.net\/tesis\/wp-json\/wp\/v2\/users\/1"}],"replies":[{"embeddable":true,"href":"https:\/\/www.deberes.net\/tesis\/wp-json\/wp\/v2\/comments?post=12957"}],"version-history":[{"count":0,"href":"https:\/\/www.deberes.net\/tesis\/wp-json\/wp\/v2\/posts\/12957\/revisions"}],"wp:attachment":[{"href":"https:\/\/www.deberes.net\/tesis\/wp-json\/wp\/v2\/media?parent=12957"}],"wp:term":[{"taxonomy":"category","embeddable":true,"href":"https:\/\/www.deberes.net\/tesis\/wp-json\/wp\/v2\/categories?post=12957"},{"taxonomy":"post_tag","embeddable":true,"href":"https:\/\/www.deberes.net\/tesis\/wp-json\/wp\/v2\/tags?post=12957"}],"curies":[{"name":"wp","href":"https:\/\/api.w.org\/{rel}","templated":true}]}}