{"id":129911,"date":"1996-01-01T00:00:00","date_gmt":"1996-01-01T00:00:00","guid":{"rendered":"https:\/\/www.deberes.net\/tesis\/sin-categoria\/cancer-de-pulmon-en-enfermo-joven\/"},"modified":"1996-01-01T00:00:00","modified_gmt":"1996-01-01T00:00:00","slug":"cancer-de-pulmon-en-enfermo-joven","status":"publish","type":"post","link":"https:\/\/www.deberes.net\/tesis\/ciencias-medicas\/cancer-de-pulmon-en-enfermo-joven\/","title":{"rendered":"Cancer de pulmon en enfermo joven."},"content":{"rendered":"<h2>Tesis doctoral de <strong> Fernando Castillo Suero <\/strong><\/h2>\n<p>El cancer de pulmon es la neoplasia mas frecuente en el hombre, siendo la primera causa de muerte por cancer en paises desarrollados. Su incidencia en la mujer ha experimentado un aumento muy considerable en los ultimos a\u00f1os.  objetivos: 1) conocer las caracteristicas diferenciales del ca. De pulmon en jovenes respecto a grupos de mayor edad y, 2) conocer las caracteristicas epidemiologicas, clinicas, terapeuticas y evolutivas, asi como la incidencia de los distintos tipos histologicos.  material y metodo: estudio retrospectivo de dos grupos de pacientes, ambos con diagnostico cierto de cancer de pulmon. Grupo i (66 pacientes): hasta 44 a\u00f1os inclusive.  grupo ii (359 pacientes): mayores de 45 a\u00f1os, sin limite de edad. Metodo: de cada enfermo se analizan factores epidemiologicos, anatomopatologicos, clinicos, terapeuticos y supervivencia.  conclusiones: 1) mayor preValencia en grupo i entre los 33 y 44 a\u00f1os (92.4%). 2) claro predominio del sindrome respiratorio en grupo i frente al extrarrespiratorio en el grupo ii. 3) habito hipertabaquico en ambos. 4) predomino el adenocarcinoma en grupo i y ca. Epidermoide en el ii. 5) mayor preValencia de metastasis en grupo i en el momento del diagnostico (localizacion cerebral mas habitual). 6) respuesta terapeutica superior en grupo i.  7) probabilidad de supervivencia del 6% a los 33 meses en grupo i, y del 2% en grupo ii.<\/p>\n<p>&nbsp;<\/p>\n<h3>Datos acad\u00e9micos de la tesis doctoral \u00ab<strong>Cancer de pulmon en enfermo joven.<\/strong>\u00ab<\/h3>\n<ul>\n<li><strong>T\u00edtulo de la tesis:<\/strong>\u00a0 Cancer de pulmon en enfermo joven. <\/li>\n<li><strong>Autor:<\/strong>\u00a0 Fernando Castillo Suero <\/li>\n<li><strong>Universidad:<\/strong>\u00a0 Sevilla<\/li>\n<li><strong>Fecha de lectura de la tesis:<\/strong>\u00a0 01\/01\/1996<\/li>\n<\/ul>\n<p>&nbsp;<\/p>\n<h3>Direcci\u00f3n y tribunal<\/h3>\n<ul>\n<li><strong>Director de la tesis<\/strong>\n<ul>\n<li>Hugo Galera Davidson<\/li>\n<\/ul>\n<\/li>\n<li><strong>Tribunal<\/strong>\n<ul>\n<li>Presidente del tribunal: Jes\u00fas Loscertales Abril <\/li>\n<li>Juan  Jos\u00e9 Sanchez Carrillo (vocal)<\/li>\n<li>Ricardo Gonzalez Campora (vocal)<\/li>\n<li>Jos\u00e9 Ram\u00f3n Armas Padr\u00f3n (vocal)<\/li>\n<\/ul>\n<\/li>\n<\/ul>\n<p>&nbsp;<\/p>\n","protected":false},"excerpt":{"rendered":"<p>Tesis doctoral de Fernando Castillo Suero El cancer de pulmon es la neoplasia mas frecuente en el hombre, siendo la [&hellip;]<\/p>\n","protected":false},"author":1,"featured_media":0,"comment_status":"open","ping_status":"open","sticky":false,"template":"","format":"standard","meta":{"site-sidebar-layout":"default","site-content-layout":"","ast-site-content-layout":"","site-content-style":"default","site-sidebar-style":"default","ast-global-header-display":"","ast-banner-title-visibility":"","ast-main-header-display":"","ast-hfb-above-header-display":"","ast-hfb-below-header-display":"","ast-hfb-mobile-header-display":"","site-post-title":"","ast-breadcrumbs-content":"","ast-featured-img":"","footer-sml-layout":"","theme-transparent-header-meta":"","adv-header-id-meta":"","stick-header-meta":"","header-above-stick-meta":"","header-main-stick-meta":"","header-below-stick-meta":"","astra-migrate-meta-layouts":"default","ast-page-background-enabled":"default","ast-page-background-meta":{"desktop":{"background-color":"var(--ast-global-color-4)","background-image":"","background-repeat":"repeat","background-position":"center center","background-size":"auto","background-attachment":"scroll","background-type":"","background-media":"","overlay-type":"","overlay-color":"","overlay-gradient":""},"tablet":{"background-color":"","background-image":"","background-repeat":"repeat","background-position":"center center","background-size":"auto","background-attachment":"scroll","background-type":"","background-media":"","overlay-type":"","overlay-color":"","overlay-gradient":""},"mobile":{"background-color":"","background-image":"","background-repeat":"repeat","background-position":"center center","background-size":"auto","background-attachment":"scroll","background-type":"","background-media":"","overlay-type":"","overlay-color":"","overlay-gradient":""}},"ast-content-background-meta":{"desktop":{"background-color":"var(--ast-global-color-5)","background-image":"","background-repeat":"repeat","background-position":"center center","background-size":"auto","background-attachment":"scroll","background-type":"","background-media":"","overlay-type":"","overlay-color":"","overlay-gradient":""},"tablet":{"background-color":"var(--ast-global-color-5)","background-image":"","background-repeat":"repeat","background-position":"center center","background-size":"auto","background-attachment":"scroll","background-type":"","background-media":"","overlay-type":"","overlay-color":"","overlay-gradient":""},"mobile":{"background-color":"var(--ast-global-color-5)","background-image":"","background-repeat":"repeat","background-position":"center center","background-size":"auto","background-attachment":"scroll","background-type":"","background-media":"","overlay-type":"","overlay-color":"","overlay-gradient":""}},"footnotes":""},"categories":[155,9,52,347,156,10715],"tags":[130995,7891,10956,11083,26540,11092],"class_list":["post-129911","post","type-post","status-publish","format-standard","hentry","category-ciencias-clinicas","category-ciencias-medicas","category-histopatologia","category-oncologia-clinica","category-patologia","category-sevilla","tag-fernando-castillo-suero","tag-hugo-galera-davidson","tag-jesus-loscertales-abril","tag-jose-ramon-armas-padron","tag-juan-jose-sanchez-carrillo","tag-ricardo-gonzalez-campora"],"_links":{"self":[{"href":"https:\/\/www.deberes.net\/tesis\/wp-json\/wp\/v2\/posts\/129911","targetHints":{"allow":["GET"]}}],"collection":[{"href":"https:\/\/www.deberes.net\/tesis\/wp-json\/wp\/v2\/posts"}],"about":[{"href":"https:\/\/www.deberes.net\/tesis\/wp-json\/wp\/v2\/types\/post"}],"author":[{"embeddable":true,"href":"https:\/\/www.deberes.net\/tesis\/wp-json\/wp\/v2\/users\/1"}],"replies":[{"embeddable":true,"href":"https:\/\/www.deberes.net\/tesis\/wp-json\/wp\/v2\/comments?post=129911"}],"version-history":[{"count":0,"href":"https:\/\/www.deberes.net\/tesis\/wp-json\/wp\/v2\/posts\/129911\/revisions"}],"wp:attachment":[{"href":"https:\/\/www.deberes.net\/tesis\/wp-json\/wp\/v2\/media?parent=129911"}],"wp:term":[{"taxonomy":"category","embeddable":true,"href":"https:\/\/www.deberes.net\/tesis\/wp-json\/wp\/v2\/categories?post=129911"},{"taxonomy":"post_tag","embeddable":true,"href":"https:\/\/www.deberes.net\/tesis\/wp-json\/wp\/v2\/tags?post=129911"}],"curies":[{"name":"wp","href":"https:\/\/api.w.org\/{rel}","templated":true}]}}