{"id":12992,"date":"2018-03-09T08:59:06","date_gmt":"2018-03-09T08:59:06","guid":{"rendered":"https:\/\/www.deberes.net\/tesis\/sin-categoria\/manifestaciones-cutaneas-en-enfermos-oncologicos\/"},"modified":"2018-03-09T08:59:06","modified_gmt":"2018-03-09T08:59:06","slug":"manifestaciones-cutaneas-en-enfermos-oncologicos","status":"publish","type":"post","link":"https:\/\/www.deberes.net\/tesis\/ciencias-medicas\/manifestaciones-cutaneas-en-enfermos-oncologicos\/","title":{"rendered":"Manifestaciones cutaneas en enfermos oncologicos"},"content":{"rendered":"<h2>Tesis doctoral de <strong>  Fari\u00f1a Sabaris M. Carmen <\/strong><\/h2>\n<p>Durante los \u00faltimos a\u00f1os estamos asistiendo a una gran revoluci\u00f3n en el tratamiento de los enfermos oncol\u00f3gicos con la aparici\u00f3n de un gran n\u00famero de nuevos f\u00e1rmacos quimioter\u00e1picos, as\u00ed como la utilizaci\u00f3n de regimenes terapeuticos muchos m\u00e1s agresivos.  en este trabajo, se revisan y se comentan todas las manifestaciones cut\u00e1neas, excepto alopecia, mucositis y foliculitis esteroidea, que presentaron los enfermos ingresados en los servicios de oncolog\u00eda y hematolog\u00eda de nuestro hospital durante un a\u00f1o y medio. Observamos manifestaciones cut\u00e1neas en 210 enfermos (28,9%), que clasificamos en los siguientes grupos:  -met\u00e1statis cut\u00e1neas (33 pacientes) e infiltraci\u00f3n cut\u00e1nea por leucemias (3 pacientes), linfomas (8 pacientes) y paraproteinemias (1 caso).  -dermatosis paraneopl\u00e1sicas u otras manifestaciones que debutaron concomitantemente con el tumor primario (43 pacientes).  -manifestaciones cut\u00e1neas en relaci\u00f3n el tratamiento:  -debidas a quimioteraia sist\u00e9mica (78 pacientes)  -manifestaciones relacionadas con la radioterapia (2 pacientes)  -manifestaciones relacionadas con la inmunodepresi\u00f3n: infecciones (34 pacientes)  -manifestaciones cut\u00e1eas que no se pudieron incluir en ninguno de los grupos anteriores (12 pacientes).  todos estos pacientes se estudian tanto desde el punto de vista cl\u00ednico como, los casos en que es posible, desde el punto de vista histol\u00f3gico, analizando los diferentes hallazgos histopatol\u00f3gicos observados.<\/p>\n<p>&nbsp;<\/p>\n<h3>Datos acad\u00e9micos de la tesis doctoral \u00ab<strong>Manifestaciones cutaneas en enfermos oncologicos<\/strong>\u00ab<\/h3>\n<ul>\n<li><strong>T\u00edtulo de la tesis:<\/strong>\u00a0 Manifestaciones cutaneas en enfermos oncologicos <\/li>\n<li><strong>Autor:<\/strong>\u00a0  Fari\u00f1a Sabaris M. Carmen <\/li>\n<li><strong>Universidad:<\/strong>\u00a0 Aut\u00f3noma de Madrid<\/li>\n<li><strong>Fecha de lectura de la tesis:<\/strong>\u00a0 27\/09\/2001<\/li>\n<\/ul>\n<p>&nbsp;<\/p>\n<h3>Direcci\u00f3n y tribunal<\/h3>\n<ul>\n<li><strong>Director de la tesis<\/strong>\n<ul>\n<li>Luis Requena Caballero<\/li>\n<\/ul>\n<\/li>\n<li><strong>Tribunal<\/strong>\n<ul>\n<li>Presidente del tribunal: amaro Garcia diez <\/li>\n<li>evaristo Sanchez yus (vocal)<\/li>\n<li> De castro torres Antonio (vocal)<\/li>\n<li>pilar Simon huarte (vocal)<\/li>\n<\/ul>\n<\/li>\n<\/ul>\n<p>&nbsp;<\/p>\n","protected":false},"excerpt":{"rendered":"<p>Tesis doctoral de Fari\u00f1a Sabaris M. Carmen Durante los \u00faltimos a\u00f1os estamos asistiendo a una gran revoluci\u00f3n en el tratamiento [&hellip;]<\/p>\n","protected":false},"author":1,"featured_media":0,"comment_status":"open","ping_status":"open","sticky":false,"template":"","format":"standard","meta":{"site-sidebar-layout":"default","site-content-layout":"","ast-site-content-layout":"","site-content-style":"default","site-sidebar-style":"default","ast-global-header-display":"","ast-banner-title-visibility":"","ast-main-header-display":"","ast-hfb-above-header-display":"","ast-hfb-below-header-display":"","ast-hfb-mobile-header-display":"","site-post-title":"","ast-breadcrumbs-content":"","ast-featured-img":"","footer-sml-layout":"","theme-transparent-header-meta":"","adv-header-id-meta":"","stick-header-meta":"","header-above-stick-meta":"","header-main-stick-meta":"","header-below-stick-meta":"","astra-migrate-meta-layouts":"default","ast-page-background-enabled":"default","ast-page-background-meta":{"desktop":{"background-color":"var(--ast-global-color-4)","background-image":"","background-repeat":"repeat","background-position":"center center","background-size":"auto","background-attachment":"scroll","background-type":"","background-media":"","overlay-type":"","overlay-color":"","overlay-gradient":""},"tablet":{"background-color":"","background-image":"","background-repeat":"repeat","background-position":"center center","background-size":"auto","background-attachment":"scroll","background-type":"","background-media":"","overlay-type":"","overlay-color":"","overlay-gradient":""},"mobile":{"background-color":"","background-image":"","background-repeat":"repeat","background-position":"center center","background-size":"auto","background-attachment":"scroll","background-type":"","background-media":"","overlay-type":"","overlay-color":"","overlay-gradient":""}},"ast-content-background-meta":{"desktop":{"background-color":"var(--ast-global-color-5)","background-image":"","background-repeat":"repeat","background-position":"center center","background-size":"auto","background-attachment":"scroll","background-type":"","background-media":"","overlay-type":"","overlay-color":"","overlay-gradient":""},"tablet":{"background-color":"var(--ast-global-color-5)","background-image":"","background-repeat":"repeat","background-position":"center center","background-size":"auto","background-attachment":"scroll","background-type":"","background-media":"","overlay-type":"","overlay-color":"","overlay-gradient":""},"mobile":{"background-color":"var(--ast-global-color-5)","background-image":"","background-repeat":"repeat","background-position":"center center","background-size":"auto","background-attachment":"scroll","background-type":"","background-media":"","overlay-type":"","overlay-color":"","overlay-gradient":""}},"footnotes":""},"categories":[155,9,97,1027,156],"tags":[38526,31730,15586,42314,42315,42316],"class_list":["post-12992","post","type-post","status-publish","format-standard","hentry","category-ciencias-clinicas","category-ciencias-medicas","category-dermatologia","category-oncologia","category-patologia","tag-amaro-garcia-diez","tag-de-castro-torres-antonio","tag-evaristo-sanchez-yus","tag-farina-sabaris-m-carmen","tag-luis-requena-caballero","tag-pilar-simon-huarte"],"_links":{"self":[{"href":"https:\/\/www.deberes.net\/tesis\/wp-json\/wp\/v2\/posts\/12992","targetHints":{"allow":["GET"]}}],"collection":[{"href":"https:\/\/www.deberes.net\/tesis\/wp-json\/wp\/v2\/posts"}],"about":[{"href":"https:\/\/www.deberes.net\/tesis\/wp-json\/wp\/v2\/types\/post"}],"author":[{"embeddable":true,"href":"https:\/\/www.deberes.net\/tesis\/wp-json\/wp\/v2\/users\/1"}],"replies":[{"embeddable":true,"href":"https:\/\/www.deberes.net\/tesis\/wp-json\/wp\/v2\/comments?post=12992"}],"version-history":[{"count":0,"href":"https:\/\/www.deberes.net\/tesis\/wp-json\/wp\/v2\/posts\/12992\/revisions"}],"wp:attachment":[{"href":"https:\/\/www.deberes.net\/tesis\/wp-json\/wp\/v2\/media?parent=12992"}],"wp:term":[{"taxonomy":"category","embeddable":true,"href":"https:\/\/www.deberes.net\/tesis\/wp-json\/wp\/v2\/categories?post=12992"},{"taxonomy":"post_tag","embeddable":true,"href":"https:\/\/www.deberes.net\/tesis\/wp-json\/wp\/v2\/tags?post=12992"}],"curies":[{"name":"wp","href":"https:\/\/api.w.org\/{rel}","templated":true}]}}