{"id":12995,"date":"2018-03-09T08:59:06","date_gmt":"2018-03-09T08:59:06","guid":{"rendered":"https:\/\/www.deberes.net\/tesis\/sin-categoria\/nueva-imagen-de-la-ciudad-las-casas-baratas-de-vizcaya-1911-1936\/"},"modified":"2018-03-09T08:59:06","modified_gmt":"2018-03-09T08:59:06","slug":"nueva-imagen-de-la-ciudad-las-casas-baratas-de-vizcaya-1911-1936","status":"publish","type":"post","link":"https:\/\/www.deberes.net\/tesis\/historia\/nueva-imagen-de-la-ciudad-las-casas-baratas-de-vizcaya-1911-1936\/","title":{"rendered":"Nueva imagen de la ciudad. las casas baratas de vizcaya, 1911-1936"},"content":{"rendered":"<h2>Tesis doctoral de <strong> Ana Julia Gomez Gomez <\/strong><\/h2>\n<p>Con esta investigaci\u00f3n nos acercamos al conocimiento de la vivienda obrera en vizcaya. Se trata de los edificios construidos bajo las leyes de casas baratas promulgadas en espa\u00f1a entre 1911 y 1936. Lo hace desde una doble aportaci\u00f3n.  por una parte , se realiza un cat\u00e1logo razonado de cincuenta y siete barriadas de viviendas construidas en vizcaya bajo dichas leyes.  por otro lado, presenta una taxonom\u00eda en referencia a los estilos arquitect\u00f3nicos y a la planimetr\u00eda que desarrollaron.  adem\u00e1s, se estudian los precedentes de la vivienda obrera en vizcaya y los motivos por los que en esta provincia existi\u00f3 tanta demanda de nuevas casas. A continauci\u00f3n, se ofrece una taxonom\u00eda en referencia al estilo arquitect\u00f3nico y a la planimetr\u00eda elegida en cada barriada de casas baratas.  por \u00faltimo, se dan unas conclusiones generales y otras espec\u00edficas, explicando los motivos y fines que se persiguieron con los usos del espacio arquitect\u00f3nico y de los distintos art\u00edsticos utilizados.<\/p>\n<p>&nbsp;<\/p>\n<h3>Datos acad\u00e9micos de la tesis doctoral \u00ab<strong>Nueva imagen de la ciudad. las casas baratas de vizcaya, 1911-1936<\/strong>\u00ab<\/h3>\n<ul>\n<li><strong>T\u00edtulo de la tesis:<\/strong>\u00a0 Nueva imagen de la ciudad. las casas baratas de vizcaya, 1911-1936 <\/li>\n<li><strong>Autor:<\/strong>\u00a0 Ana Julia Gomez Gomez <\/li>\n<li><strong>Universidad:<\/strong>\u00a0 Nacional de educaci\u00f3n a distancia<\/li>\n<li><strong>Fecha de lectura de la tesis:<\/strong>\u00a0 27\/09\/2001<\/li>\n<\/ul>\n<p>&nbsp;<\/p>\n<h3>Direcci\u00f3n y tribunal<\/h3>\n<ul>\n<li><strong>Director de la tesis<\/strong>\n<ul>\n<li> Garc\u00eda Morales M. Victoria<\/li>\n<\/ul>\n<\/li>\n<li><strong>Tribunal<\/strong>\n<ul>\n<li>Presidente del tribunal: v\u00edctor Nieto alcaide <\/li>\n<li>santos Zunzunegui d\u00edez (vocal)<\/li>\n<li>Carlos P\u00e9rez reyes (vocal)<\/li>\n<li>Miguel De aguilera moyano (vocal)<\/li>\n<\/ul>\n<\/li>\n<\/ul>\n<p>&nbsp;<\/p>\n","protected":false},"excerpt":{"rendered":"<p>Tesis doctoral de Ana Julia Gomez Gomez Con esta investigaci\u00f3n nos acercamos al conocimiento de la vivienda obrera en vizcaya. [&hellip;]<\/p>\n","protected":false},"author":1,"featured_media":0,"comment_status":"open","ping_status":"open","sticky":false,"template":"","format":"standard","meta":{"site-sidebar-layout":"default","site-content-layout":"","ast-site-content-layout":"","site-content-style":"default","site-sidebar-style":"default","ast-global-header-display":"","ast-banner-title-visibility":"","ast-main-header-display":"","ast-hfb-above-header-display":"","ast-hfb-below-header-display":"","ast-hfb-mobile-header-display":"","site-post-title":"","ast-breadcrumbs-content":"","ast-featured-img":"","footer-sml-layout":"","theme-transparent-header-meta":"","adv-header-id-meta":"","stick-header-meta":"","header-above-stick-meta":"","header-main-stick-meta":"","header-below-stick-meta":"","astra-migrate-meta-layouts":"default","ast-page-background-enabled":"default","ast-page-background-meta":{"desktop":{"background-color":"var(--ast-global-color-4)","background-image":"","background-repeat":"repeat","background-position":"center center","background-size":"auto","background-attachment":"scroll","background-type":"","background-media":"","overlay-type":"","overlay-color":"","overlay-gradient":""},"tablet":{"background-color":"","background-image":"","background-repeat":"repeat","background-position":"center center","background-size":"auto","background-attachment":"scroll","background-type":"","background-media":"","overlay-type":"","overlay-color":"","overlay-gradient":""},"mobile":{"background-color":"","background-image":"","background-repeat":"repeat","background-position":"center center","background-size":"auto","background-attachment":"scroll","background-type":"","background-media":"","overlay-type":"","overlay-color":"","overlay-gradient":""}},"ast-content-background-meta":{"desktop":{"background-color":"var(--ast-global-color-5)","background-image":"","background-repeat":"repeat","background-position":"center center","background-size":"auto","background-attachment":"scroll","background-type":"","background-media":"","overlay-type":"","overlay-color":"","overlay-gradient":""},"tablet":{"background-color":"var(--ast-global-color-5)","background-image":"","background-repeat":"repeat","background-position":"center center","background-size":"auto","background-attachment":"scroll","background-type":"","background-media":"","overlay-type":"","overlay-color":"","overlay-gradient":""},"mobile":{"background-color":"var(--ast-global-color-5)","background-image":"","background-repeat":"repeat","background-position":"center center","background-size":"auto","background-attachment":"scroll","background-type":"","background-media":"","overlay-type":"","overlay-color":"","overlay-gradient":""}},"footnotes":""},"categories":[4509,147,104,1745,222,17070,5371],"tags":[42321,5816,38137,5319,5038,14793],"class_list":["post-12995","post","type-post","status-publish","format-standard","hentry","category-arquitectura","category-ciencias-de-las-artes-y-las-letras","category-historia","category-historia-de-la-arquitectura","category-historias-especializadas","category-nacional-de-educacion-a-distancia","category-urbanismo","tag-ana-julia-gomez-gomez","tag-carlos-perez-reyes","tag-garcia-morales-m-victoria","tag-miguel-de-aguilera-moyano","tag-santos-zunzunegui-diez","tag-victor-nieto-alcaide"],"_links":{"self":[{"href":"https:\/\/www.deberes.net\/tesis\/wp-json\/wp\/v2\/posts\/12995","targetHints":{"allow":["GET"]}}],"collection":[{"href":"https:\/\/www.deberes.net\/tesis\/wp-json\/wp\/v2\/posts"}],"about":[{"href":"https:\/\/www.deberes.net\/tesis\/wp-json\/wp\/v2\/types\/post"}],"author":[{"embeddable":true,"href":"https:\/\/www.deberes.net\/tesis\/wp-json\/wp\/v2\/users\/1"}],"replies":[{"embeddable":true,"href":"https:\/\/www.deberes.net\/tesis\/wp-json\/wp\/v2\/comments?post=12995"}],"version-history":[{"count":0,"href":"https:\/\/www.deberes.net\/tesis\/wp-json\/wp\/v2\/posts\/12995\/revisions"}],"wp:attachment":[{"href":"https:\/\/www.deberes.net\/tesis\/wp-json\/wp\/v2\/media?parent=12995"}],"wp:term":[{"taxonomy":"category","embeddable":true,"href":"https:\/\/www.deberes.net\/tesis\/wp-json\/wp\/v2\/categories?post=12995"},{"taxonomy":"post_tag","embeddable":true,"href":"https:\/\/www.deberes.net\/tesis\/wp-json\/wp\/v2\/tags?post=12995"}],"curies":[{"name":"wp","href":"https:\/\/api.w.org\/{rel}","templated":true}]}}