{"id":130039,"date":"1996-01-01T00:00:00","date_gmt":"1996-01-01T00:00:00","guid":{"rendered":"https:\/\/www.deberes.net\/tesis\/sin-categoria\/repercusiones-del-alcoholismo-paterno-y-su-entorno-sobre-la-ansiedad-de-los-hijos\/"},"modified":"1996-01-01T00:00:00","modified_gmt":"1996-01-01T00:00:00","slug":"repercusiones-del-alcoholismo-paterno-y-su-entorno-sobre-la-ansiedad-de-los-hijos","status":"publish","type":"post","link":"https:\/\/www.deberes.net\/tesis\/psicologia\/repercusiones-del-alcoholismo-paterno-y-su-entorno-sobre-la-ansiedad-de-los-hijos\/","title":{"rendered":"Repercusiones del alcoholismo paterno y su entorno sobre la ansiedad de los hijos."},"content":{"rendered":"<h2>Tesis doctoral de <strong>  Padilla Mu\u00f1oz Eva M. <\/strong><\/h2>\n<p>En el presente trabajo se han evaluado a 155 ni\u00f1os de 9 a 18 a\u00f1os (x= 13 a\u00f1os), todos ellos hijos de enfermos alcoholicos en tratamiento. La evaluacion se ha llevado a cabo a traves de una historia clinica al enfermo alcoholico y diverso material testologico.  una vez llevados a cabo los analisis estadisticos pertinentes, los resultados obtenidos nos hacen pensar en la posible normalizacion del nivel de ansiedad del hijo de alcoholico entratamiento. En cuanto a las variables que contribuyen en mayor medida a la explicacion del nivel de ansiedad del ni\u00f1o, observamos una estructura diferente en funcion de la edad. Asi, se observa que la ansiedad de los ni\u00f1os de 9 a 13 a\u00f1os aparece determinada de forma estadisticamente significativa a traves del nivel de ansiedad de los padres, mientras que en los ni\u00f1os de 14 a 18 a\u00f1os la vivencia de la enfermedad del padre es el principal determinante de la ansiedad del ni\u00f1o a esta edad. Otros factores como la abstinencia paterna, el tipo de tratamiento recibido por el padre y la estabilidad familiar ejercerian una influencia indirecta sobre el estado emocional del ni\u00f1o en general y sobre su ansiedad en particular.<\/p>\n<p>&nbsp;<\/p>\n<h3>Datos acad\u00e9micos de la tesis doctoral \u00ab<strong>Repercusiones del alcoholismo paterno y su entorno sobre la ansiedad de los hijos.<\/strong>\u00ab<\/h3>\n<ul>\n<li><strong>T\u00edtulo de la tesis:<\/strong>\u00a0 Repercusiones del alcoholismo paterno y su entorno sobre la ansiedad de los hijos. <\/li>\n<li><strong>Autor:<\/strong>\u00a0  Padilla Mu\u00f1oz Eva M. <\/li>\n<li><strong>Universidad:<\/strong>\u00a0 Sevilla<\/li>\n<li><strong>Fecha de lectura de la tesis:<\/strong>\u00a0 01\/01\/1996<\/li>\n<\/ul>\n<p>&nbsp;<\/p>\n<h3>Direcci\u00f3n y tribunal<\/h3>\n<ul>\n<li><strong>Director de la tesis<\/strong>\n<ul>\n<li>Jaime Rodr\u00edguez Sacrist\u00e1n<\/li>\n<\/ul>\n<\/li>\n<li><strong>Tribunal<\/strong>\n<ul>\n<li>Presidente del tribunal: Alfonso Blanco Picabia <\/li>\n<li>Javier Perez Santamaria (vocal)<\/li>\n<li>Enrique Echeburua Odriozola (vocal)<\/li>\n<li>Inmaculada Moreno Garcia (vocal)<\/li>\n<\/ul>\n<\/li>\n<\/ul>\n<p>&nbsp;<\/p>\n","protected":false},"excerpt":{"rendered":"<p>Tesis doctoral de Padilla Mu\u00f1oz Eva M. En el presente trabajo se han evaluado a 155 ni\u00f1os de 9 a [&hellip;]<\/p>\n","protected":false},"author":1,"featured_media":0,"comment_status":"open","ping_status":"open","sticky":false,"template":"","format":"standard","meta":{"site-sidebar-layout":"default","site-content-layout":"","ast-site-content-layout":"","site-content-style":"default","site-sidebar-style":"default","ast-global-header-display":"","ast-banner-title-visibility":"","ast-main-header-display":"","ast-hfb-above-header-display":"","ast-hfb-below-header-display":"","ast-hfb-mobile-header-display":"","site-post-title":"","ast-breadcrumbs-content":"","ast-featured-img":"","footer-sml-layout":"","theme-transparent-header-meta":"","adv-header-id-meta":"","stick-header-meta":"","header-above-stick-meta":"","header-main-stick-meta":"","header-below-stick-meta":"","astra-migrate-meta-layouts":"default","ast-page-background-enabled":"default","ast-page-background-meta":{"desktop":{"background-color":"var(--ast-global-color-4)","background-image":"","background-repeat":"repeat","background-position":"center center","background-size":"auto","background-attachment":"scroll","background-type":"","background-media":"","overlay-type":"","overlay-color":"","overlay-gradient":""},"tablet":{"background-color":"","background-image":"","background-repeat":"repeat","background-position":"center center","background-size":"auto","background-attachment":"scroll","background-type":"","background-media":"","overlay-type":"","overlay-color":"","overlay-gradient":""},"mobile":{"background-color":"","background-image":"","background-repeat":"repeat","background-position":"center center","background-size":"auto","background-attachment":"scroll","background-type":"","background-media":"","overlay-type":"","overlay-color":"","overlay-gradient":""}},"ast-content-background-meta":{"desktop":{"background-color":"var(--ast-global-color-5)","background-image":"","background-repeat":"repeat","background-position":"center center","background-size":"auto","background-attachment":"scroll","background-type":"","background-media":"","overlay-type":"","overlay-color":"","overlay-gradient":""},"tablet":{"background-color":"var(--ast-global-color-5)","background-image":"","background-repeat":"repeat","background-position":"center center","background-size":"auto","background-attachment":"scroll","background-type":"","background-media":"","overlay-type":"","overlay-color":"","overlay-gradient":""},"mobile":{"background-color":"var(--ast-global-color-5)","background-image":"","background-repeat":"repeat","background-position":"center center","background-size":"auto","background-attachment":"scroll","background-type":"","background-media":"","overlay-type":"","overlay-color":"","overlay-gradient":""}},"footnotes":""},"categories":[8438,7464,324,970,10715],"tags":[8754,5288,71857,1914,179320,243531],"class_list":["post-130039","post","type-post","status-publish","format-standard","hentry","category-alcoholismo","category-psicofarmacologia","category-psicologia","category-psicologia-del-nino-y-del-adolescente","category-sevilla","tag-alfonso-blanco-picabia","tag-enrique-echeburua-odriozola","tag-inmaculada-moreno-garcia","tag-jaime-rodriguez-sacristan","tag-javier-perez-santamaria","tag-padilla-munoz-eva-m"],"_links":{"self":[{"href":"https:\/\/www.deberes.net\/tesis\/wp-json\/wp\/v2\/posts\/130039","targetHints":{"allow":["GET"]}}],"collection":[{"href":"https:\/\/www.deberes.net\/tesis\/wp-json\/wp\/v2\/posts"}],"about":[{"href":"https:\/\/www.deberes.net\/tesis\/wp-json\/wp\/v2\/types\/post"}],"author":[{"embeddable":true,"href":"https:\/\/www.deberes.net\/tesis\/wp-json\/wp\/v2\/users\/1"}],"replies":[{"embeddable":true,"href":"https:\/\/www.deberes.net\/tesis\/wp-json\/wp\/v2\/comments?post=130039"}],"version-history":[{"count":0,"href":"https:\/\/www.deberes.net\/tesis\/wp-json\/wp\/v2\/posts\/130039\/revisions"}],"wp:attachment":[{"href":"https:\/\/www.deberes.net\/tesis\/wp-json\/wp\/v2\/media?parent=130039"}],"wp:term":[{"taxonomy":"category","embeddable":true,"href":"https:\/\/www.deberes.net\/tesis\/wp-json\/wp\/v2\/categories?post=130039"},{"taxonomy":"post_tag","embeddable":true,"href":"https:\/\/www.deberes.net\/tesis\/wp-json\/wp\/v2\/tags?post=130039"}],"curies":[{"name":"wp","href":"https:\/\/api.w.org\/{rel}","templated":true}]}}