{"id":130042,"date":"1996-01-01T00:00:00","date_gmt":"1996-01-01T00:00:00","guid":{"rendered":"https:\/\/www.deberes.net\/tesis\/sin-categoria\/cambio-y-adaptacion-cultural-en-chiapas-las-comunidades-de-los-altos-en-el-siglo-xvi\/"},"modified":"1996-01-01T00:00:00","modified_gmt":"1996-01-01T00:00:00","slug":"cambio-y-adaptacion-cultural-en-chiapas-las-comunidades-de-los-altos-en-el-siglo-xvi","status":"publish","type":"post","link":"https:\/\/www.deberes.net\/tesis\/historia\/cambio-y-adaptacion-cultural-en-chiapas-las-comunidades-de-los-altos-en-el-siglo-xvi\/","title":{"rendered":"Cambio y adaptacion cultural en chiapas: las comunidades de los altos en el siglo xvi."},"content":{"rendered":"<h2>Tesis doctoral de <strong>  Palomo Infante M. Dolores <\/strong><\/h2>\n<p>En este trabajo pretendemos corroborar diversas hipotesis sobre el proceso de aculturacion que tuvieron los pueblos indigenas de los altos de chiapas tras la conquista espa\u00f1ola del siglo xvi. Este proceso de cambio cultural se vio condicionado por varias circunstancias o elementos que hemos desarrollado en el trabajo. Entre los mas importantes destacamos: el entorno geografico, el pasado prehispanico de estos pueblos, los acontecimientos de la conquista y los primeros a\u00f1os de contacto, las acciones llevadas a cabo por los agentes aculturadores, tanto los espa\u00f1oles como aquellos sacados de la sociedad indigena, etc. Todos estos factores actuaron sobre el sistema cultural indigena, provocando graves alteraciones en todos los ambitos de su contexto sociocultural. Todo ello se vio reforzado por un programa de aculturacion, dirigida a veces, y otras de forma espontanea, que se componia de una serie de iniciativas de caracter economico, social, politico e ideologico, como la evangelizacion, las reducciones a poblado o la encomienda.  los efectos de estas iniciativas no lograron los resultados esperados, sino que la poblacion indigena desarrollo unos mecanismos de resistencia y adaptacion cultural para la pervivencia de su tradicion cultural y lo mas importante: su identidad etnica comunitaria.<\/p>\n<p>&nbsp;<\/p>\n<h3>Datos acad\u00e9micos de la tesis doctoral \u00ab<strong>Cambio y adaptacion cultural en chiapas: las comunidades de los altos en el siglo xvi.<\/strong>\u00ab<\/h3>\n<ul>\n<li><strong>T\u00edtulo de la tesis:<\/strong>\u00a0 Cambio y adaptacion cultural en chiapas: las comunidades de los altos en el siglo xvi. <\/li>\n<li><strong>Autor:<\/strong>\u00a0  Palomo Infante M. Dolores <\/li>\n<li><strong>Universidad:<\/strong>\u00a0 Sevilla<\/li>\n<li><strong>Fecha de lectura de la tesis:<\/strong>\u00a0 01\/01\/1996<\/li>\n<\/ul>\n<p>&nbsp;<\/p>\n<h3>Direcci\u00f3n y tribunal<\/h3>\n<ul>\n<li><strong>Director de la tesis<\/strong>\n<ul>\n<li>Beatriz Su\u00f1e Blanco<\/li>\n<\/ul>\n<\/li>\n<li><strong>Tribunal<\/strong>\n<ul>\n<li>Presidente del tribunal: Alfredo Jimenez Nu\u00f1ez <\/li>\n<li>Pilar Sanchis Ochoa (vocal)<\/li>\n<li>Enriqueta Vila Vilar (vocal)<\/li>\n<li>Jos\u00e9 Jes\u00fas Hern\u00e1ndez Palomo (vocal)<\/li>\n<\/ul>\n<\/li>\n<\/ul>\n<p>&nbsp;<\/p>\n","protected":false},"excerpt":{"rendered":"<p>Tesis doctoral de Palomo Infante M. Dolores En este trabajo pretendemos corroborar diversas hipotesis sobre el proceso de aculturacion que [&hellip;]<\/p>\n","protected":false},"author":1,"featured_media":0,"comment_status":"open","ping_status":"open","sticky":false,"template":"","format":"standard","meta":{"site-sidebar-layout":"default","site-content-layout":"","ast-site-content-layout":"","site-content-style":"default","site-sidebar-style":"default","ast-global-header-display":"","ast-banner-title-visibility":"","ast-main-header-display":"","ast-hfb-above-header-display":"","ast-hfb-below-header-display":"","ast-hfb-mobile-header-display":"","site-post-title":"","ast-breadcrumbs-content":"","ast-featured-img":"","footer-sml-layout":"","theme-transparent-header-meta":"","adv-header-id-meta":"","stick-header-meta":"","header-above-stick-meta":"","header-main-stick-meta":"","header-below-stick-meta":"","astra-migrate-meta-layouts":"default","ast-page-background-enabled":"default","ast-page-background-meta":{"desktop":{"background-color":"var(--ast-global-color-4)","background-image":"","background-repeat":"repeat","background-position":"center center","background-size":"auto","background-attachment":"scroll","background-type":"","background-media":"","overlay-type":"","overlay-color":"","overlay-gradient":""},"tablet":{"background-color":"","background-image":"","background-repeat":"repeat","background-position":"center center","background-size":"auto","background-attachment":"scroll","background-type":"","background-media":"","overlay-type":"","overlay-color":"","overlay-gradient":""},"mobile":{"background-color":"","background-image":"","background-repeat":"repeat","background-position":"center center","background-size":"auto","background-attachment":"scroll","background-type":"","background-media":"","overlay-type":"","overlay-color":"","overlay-gradient":""}},"ast-content-background-meta":{"desktop":{"background-color":"var(--ast-global-color-5)","background-image":"","background-repeat":"repeat","background-position":"center center","background-size":"auto","background-attachment":"scroll","background-type":"","background-media":"","overlay-type":"","overlay-color":"","overlay-gradient":""},"tablet":{"background-color":"var(--ast-global-color-5)","background-image":"","background-repeat":"repeat","background-position":"center center","background-size":"auto","background-attachment":"scroll","background-type":"","background-media":"","overlay-type":"","overlay-color":"","overlay-gradient":""},"mobile":{"background-color":"var(--ast-global-color-5)","background-image":"","background-repeat":"repeat","background-position":"center center","background-size":"auto","background-attachment":"scroll","background-type":"","background-media":"","overlay-type":"","overlay-color":"","overlay-gradient":""}},"footnotes":""},"categories":[104,6343,220,6480,222,10715],"tags":[5153,26436,11221,39116,243534,63407],"class_list":["post-130042","post","type-post","status-publish","format-standard","hentry","category-historia","category-historia-moderna-del-area-americana","category-historia-por-epocas","category-historia-social-y-cultural-de-america","category-historias-especializadas","category-sevilla","tag-alfredo-jimenez-nunez","tag-beatriz-sune-blanco","tag-enriqueta-vila-vilar","tag-jose-jesus-hernandez-palomo","tag-palomo-infante-m-dolores","tag-pilar-sanchis-ochoa"],"_links":{"self":[{"href":"https:\/\/www.deberes.net\/tesis\/wp-json\/wp\/v2\/posts\/130042","targetHints":{"allow":["GET"]}}],"collection":[{"href":"https:\/\/www.deberes.net\/tesis\/wp-json\/wp\/v2\/posts"}],"about":[{"href":"https:\/\/www.deberes.net\/tesis\/wp-json\/wp\/v2\/types\/post"}],"author":[{"embeddable":true,"href":"https:\/\/www.deberes.net\/tesis\/wp-json\/wp\/v2\/users\/1"}],"replies":[{"embeddable":true,"href":"https:\/\/www.deberes.net\/tesis\/wp-json\/wp\/v2\/comments?post=130042"}],"version-history":[{"count":0,"href":"https:\/\/www.deberes.net\/tesis\/wp-json\/wp\/v2\/posts\/130042\/revisions"}],"wp:attachment":[{"href":"https:\/\/www.deberes.net\/tesis\/wp-json\/wp\/v2\/media?parent=130042"}],"wp:term":[{"taxonomy":"category","embeddable":true,"href":"https:\/\/www.deberes.net\/tesis\/wp-json\/wp\/v2\/categories?post=130042"},{"taxonomy":"post_tag","embeddable":true,"href":"https:\/\/www.deberes.net\/tesis\/wp-json\/wp\/v2\/tags?post=130042"}],"curies":[{"name":"wp","href":"https:\/\/api.w.org\/{rel}","templated":true}]}}