{"id":13036,"date":"2018-03-09T08:59:10","date_gmt":"2018-03-09T08:59:10","guid":{"rendered":"https:\/\/www.deberes.net\/tesis\/sin-categoria\/factores-de-contorno-en-la-adopcion-de-procesos-de-diseno-centrados-en-el-usuario\/"},"modified":"2018-03-09T08:59:10","modified_gmt":"2018-03-09T08:59:10","slug":"factores-de-contorno-en-la-adopcion-de-procesos-de-diseno-centrados-en-el-usuario","status":"publish","type":"post","link":"https:\/\/www.deberes.net\/tesis\/ciencias-economicas\/factores-de-contorno-en-la-adopcion-de-procesos-de-diseno-centrados-en-el-usuario\/","title":{"rendered":"Factores de contorno en la adopci\u00f3n de procesos de dise\u00f1o centrados en el usuario"},"content":{"rendered":"<h2>Tesis doctoral de <strong> Rub\u00e9n Rebollar Rubio <\/strong><\/h2>\n<p>Esta tesis establece el modelo te\u00f3rico de los factores de contorno, como medio para comprender el contexto que rodea la adopci\u00f3n por parte de las organizaciones de procesos de dise\u00f1o centrados en el usuario. La necesidad de establecer un modelo de estas caracter\u00edsticas se encuentra justificada por dos razones principales:  * disponer de un marco de referencia para comparar experiencias diferentes de adopci\u00f3n de procesos de dise\u00f1o centrados en el usuario, con el fin de establecer un lenguaje com\u00fan, que facilite el intercambio de informaci\u00f3n.  * establecer un punto de partida, que permita a las organizaciones la adopci\u00f3n de aquel proceso de dise\u00f1o centrado en el usuario m\u00e1s adecuado a sus caracter\u00edsticas.  el concepto de este modelo est\u00e1 basado en una serie de experiencias realizadas por el autor en este tipo de procesos de cambio, que tambi\u00e9n han servido para la alidaci\u00f3n experimental del modelo.  finalmente se presentan las conclusiones y las futuras lineas de trabajo<\/p>\n<p>&nbsp;<\/p>\n<h3>Datos acad\u00e9micos de la tesis doctoral \u00ab<strong>Factores de contorno en la adopci\u00f3n de procesos de dise\u00f1o centrados en el usuario<\/strong>\u00ab<\/h3>\n<ul>\n<li><strong>T\u00edtulo de la tesis:<\/strong>\u00a0 Factores de contorno en la adopci\u00f3n de procesos de dise\u00f1o centrados en el usuario <\/li>\n<li><strong>Autor:<\/strong>\u00a0 Rub\u00e9n Rebollar Rubio <\/li>\n<li><strong>Universidad:<\/strong>\u00a0 Zaragoza<\/li>\n<li><strong>Fecha de lectura de la tesis:<\/strong>\u00a0 28\/09\/2001<\/li>\n<\/ul>\n<p>&nbsp;<\/p>\n<h3>Direcci\u00f3n y tribunal<\/h3>\n<ul>\n<li><strong>Director de la tesis<\/strong>\n<ul>\n<li> Cano Fern\u00e1ndez Juan  Luis<\/li>\n<\/ul>\n<\/li>\n<li><strong>Tribunal<\/strong>\n<ul>\n<li>Presidente del tribunal: jaume Valls passola <\/li>\n<li> De cos castillo Manuel (vocal)<\/li>\n<li>eliseo G\u00f3mez-sement Martinez (vocal)<\/li>\n<li>Luis Berges muro (vocal)<\/li>\n<\/ul>\n<\/li>\n<\/ul>\n<p>&nbsp;<\/p>\n","protected":false},"excerpt":{"rendered":"<p>Tesis doctoral de Rub\u00e9n Rebollar Rubio Esta tesis establece el modelo te\u00f3rico de los factores de contorno, como medio para [&hellip;]<\/p>\n","protected":false},"author":1,"featured_media":0,"comment_status":"open","ping_status":"open","sticky":false,"template":"","format":"standard","meta":{"site-sidebar-layout":"default","site-content-layout":"","ast-site-content-layout":"","site-content-style":"default","site-sidebar-style":"default","ast-global-header-display":"","ast-banner-title-visibility":"","ast-main-header-display":"","ast-hfb-above-header-display":"","ast-hfb-below-header-display":"","ast-hfb-mobile-header-display":"","site-post-title":"","ast-breadcrumbs-content":"","ast-featured-img":"","footer-sml-layout":"","theme-transparent-header-meta":"","adv-header-id-meta":"","stick-header-meta":"","header-above-stick-meta":"","header-main-stick-meta":"","header-below-stick-meta":"","astra-migrate-meta-layouts":"default","ast-page-background-enabled":"default","ast-page-background-meta":{"desktop":{"background-color":"var(--ast-global-color-4)","background-image":"","background-repeat":"repeat","background-position":"center center","background-size":"auto","background-attachment":"scroll","background-type":"","background-media":"","overlay-type":"","overlay-color":"","overlay-gradient":""},"tablet":{"background-color":"","background-image":"","background-repeat":"repeat","background-position":"center center","background-size":"auto","background-attachment":"scroll","background-type":"","background-media":"","overlay-type":"","overlay-color":"","overlay-gradient":""},"mobile":{"background-color":"","background-image":"","background-repeat":"repeat","background-position":"center center","background-size":"auto","background-attachment":"scroll","background-type":"","background-media":"","overlay-type":"","overlay-color":"","overlay-gradient":""}},"ast-content-background-meta":{"desktop":{"background-color":"var(--ast-global-color-5)","background-image":"","background-repeat":"repeat","background-position":"center center","background-size":"auto","background-attachment":"scroll","background-type":"","background-media":"","overlay-type":"","overlay-color":"","overlay-gradient":""},"tablet":{"background-color":"var(--ast-global-color-5)","background-image":"","background-repeat":"repeat","background-position":"center center","background-size":"auto","background-attachment":"scroll","background-type":"","background-media":"","overlay-type":"","overlay-color":"","overlay-gradient":""},"mobile":{"background-color":"var(--ast-global-color-5)","background-image":"","background-repeat":"repeat","background-position":"center center","background-size":"auto","background-attachment":"scroll","background-type":"","background-media":"","overlay-type":"","overlay-color":"","overlay-gradient":""}},"footnotes":""},"categories":[82,332,836,13036,6525,1302,2453,24201,13610],"tags":[28602,17320,40619,40469,17087,42442],"class_list":["post-13036","post","type-post","status-publish","format-standard","hentry","category-ciencias-economicas","category-ciencias-tecnologicas","category-economia-del-cambio-tecnologico","category-equipo-industrial","category-organizacion-de-la-produccion","category-organizacion-y-gestion-de-empresas","category-tecnologia-industrial","category-transferencia-de-tecnologia","category-zaragoza","tag-cano-fernandez-juan-luis","tag-de-cos-castillo-manuel","tag-eliseo-gomez-sement-Martinez","tag-jaume-valls-passola","tag-luis-berges-muro","tag-ruben-rebollar-rubio"],"_links":{"self":[{"href":"https:\/\/www.deberes.net\/tesis\/wp-json\/wp\/v2\/posts\/13036","targetHints":{"allow":["GET"]}}],"collection":[{"href":"https:\/\/www.deberes.net\/tesis\/wp-json\/wp\/v2\/posts"}],"about":[{"href":"https:\/\/www.deberes.net\/tesis\/wp-json\/wp\/v2\/types\/post"}],"author":[{"embeddable":true,"href":"https:\/\/www.deberes.net\/tesis\/wp-json\/wp\/v2\/users\/1"}],"replies":[{"embeddable":true,"href":"https:\/\/www.deberes.net\/tesis\/wp-json\/wp\/v2\/comments?post=13036"}],"version-history":[{"count":0,"href":"https:\/\/www.deberes.net\/tesis\/wp-json\/wp\/v2\/posts\/13036\/revisions"}],"wp:attachment":[{"href":"https:\/\/www.deberes.net\/tesis\/wp-json\/wp\/v2\/media?parent=13036"}],"wp:term":[{"taxonomy":"category","embeddable":true,"href":"https:\/\/www.deberes.net\/tesis\/wp-json\/wp\/v2\/categories?post=13036"},{"taxonomy":"post_tag","embeddable":true,"href":"https:\/\/www.deberes.net\/tesis\/wp-json\/wp\/v2\/tags?post=13036"}],"curies":[{"name":"wp","href":"https:\/\/api.w.org\/{rel}","templated":true}]}}