{"id":13060,"date":"2018-03-09T08:59:12","date_gmt":"2018-03-09T08:59:12","guid":{"rendered":"https:\/\/www.deberes.net\/tesis\/sin-categoria\/las-guerras-de-la-ex-yugoslavia-informacion-y-propaganda\/"},"modified":"2018-03-09T08:59:12","modified_gmt":"2018-03-09T08:59:12","slug":"las-guerras-de-la-ex-yugoslavia-informacion-y-propaganda","status":"publish","type":"post","link":"https:\/\/www.deberes.net\/tesis\/ciencia-politica\/las-guerras-de-la-ex-yugoslavia-informacion-y-propaganda\/","title":{"rendered":"Las guerras de la ex-yugoslavia: informaci\u00f3n y propaganda"},"content":{"rendered":"<h2>Tesis doctoral de <strong>  Gonz\u00e1lez San Ruperto Marta Teresa <\/strong><\/h2>\n<p>Este trabaja analiza la informaci\u00f3n recibida y, sobre todo, los contenidos fundamentales de la propaganda realizada por los distintos actores de los sucesivos conflictos que condujeron a la desintegraci\u00f3n de yugoslavia y al trazado de nuevas fronteras en los balcanes en la \u00faltima d\u00e9cada del siglo xx.  de esta forma, se han analizado los fines de la propaganda de las autoridades de las distintas rep\u00fablicas yugoslavas y como estas pautas propagand\u00edsticas y consignas fueron alentadas por los propios medios de comunicaci\u00f3n yugoslavos y como, posteriormente, algunas de ellas fueron asumidas por la mayor parte de los medios occidentales.  el prop\u00f3sito ha sido descubrir cu\u00e1les eran los fines de esta propaganda, cu\u00e1les las consignas definidas por sus medios de comunicaci\u00f3n social, cu\u00e1les los soportes de comunicaci\u00f3n que sirvieron para difundir estas ideas, cu\u00e1les eran los mitos y s\u00edmbolos period\u00edsticos m\u00e1s recurrentes.  este trabajo est\u00e1 dividido en dos partes fundamentales. En la primera se analizan los medios de comunicaci\u00f3n en las distintas rep\u00fablicas de la antigua yugoslavia en los momentos previos y durante las sucesivas guerras que llevaron a la desintegraci\u00f3n del pa\u00eds. De esta forma se trata de demostrar que el comportamiento de los medios de comunicaci\u00f3n fue uno de los factores, junto a otros de \u00edndole econ\u00f3mica y pol\u00edtica, que contribuy\u00f3 al inicio del conflicto.  la segunda parte se centra en la propaganda que los diferentes protagonistas de los conflictos yugoslavos dirigieron al exterior y c\u00f3mo se recibi\u00f3 esta en los principales medios occidentales. Aqu\u00ed se ha tratado con mayor detenimiento el caso de la prensa espa\u00f1ola, especialmente teniendo en cuenta que espa\u00f1a estaba, en cierta manera, directamente implicada en el conflicto por la presencia de cascos azules espa\u00f1oles en la zona.<\/p>\n<p>&nbsp;<\/p>\n<h3>Datos acad\u00e9micos de la tesis doctoral \u00ab<strong>Las guerras de la ex-yugoslavia: informaci\u00f3n y propaganda<\/strong>\u00ab<\/h3>\n<ul>\n<li><strong>T\u00edtulo de la tesis:<\/strong>\u00a0 Las guerras de la ex-yugoslavia: informaci\u00f3n y propaganda <\/li>\n<li><strong>Autor:<\/strong>\u00a0  Gonz\u00e1lez San Ruperto Marta Teresa <\/li>\n<li><strong>Universidad:<\/strong>\u00a0 Complutense de Madrid<\/li>\n<li><strong>Fecha de lectura de la tesis:<\/strong>\u00a0 29\/09\/2001<\/li>\n<\/ul>\n<p>&nbsp;<\/p>\n<h3>Direcci\u00f3n y tribunal<\/h3>\n<ul>\n<li><strong>Director de la tesis<\/strong>\n<ul>\n<li>Alejandro Pizarroso Quintero<\/li>\n<\/ul>\n<\/li>\n<li><strong>Tribunal<\/strong>\n<ul>\n<li>Presidente del tribunal: Jes\u00fas timoteo \u00e1lvarez fernandez <\/li>\n<li>pere Oriol-costa badia (vocal)<\/li>\n<li>Alberto Pena rodr\u00edguez (vocal)<\/li>\n<li>julio Gil pecharroman (vocal)<\/li>\n<\/ul>\n<\/li>\n<\/ul>\n<p>&nbsp;<\/p>\n","protected":false},"excerpt":{"rendered":"<p>Tesis doctoral de Gonz\u00e1lez San Ruperto Marta Teresa Este trabaja analiza la informaci\u00f3n recibida y, sobre todo, los contenidos fundamentales [&hellip;]<\/p>\n","protected":false},"author":1,"featured_media":0,"comment_status":"open","ping_status":"open","sticky":false,"template":"","format":"standard","meta":{"site-sidebar-layout":"default","site-content-layout":"","ast-site-content-layout":"","site-content-style":"default","site-sidebar-style":"default","ast-global-header-display":"","ast-banner-title-visibility":"","ast-main-header-display":"","ast-hfb-above-header-display":"","ast-hfb-below-header-display":"","ast-hfb-mobile-header-display":"","site-post-title":"","ast-breadcrumbs-content":"","ast-featured-img":"","footer-sml-layout":"","theme-transparent-header-meta":"","adv-header-id-meta":"","stick-header-meta":"","header-above-stick-meta":"","header-main-stick-meta":"","header-below-stick-meta":"","astra-migrate-meta-layouts":"default","ast-page-background-enabled":"default","ast-page-background-meta":{"desktop":{"background-color":"var(--ast-global-color-4)","background-image":"","background-repeat":"repeat","background-position":"center center","background-size":"auto","background-attachment":"scroll","background-type":"","background-media":"","overlay-type":"","overlay-color":"","overlay-gradient":""},"tablet":{"background-color":"","background-image":"","background-repeat":"repeat","background-position":"center center","background-size":"auto","background-attachment":"scroll","background-type":"","background-media":"","overlay-type":"","overlay-color":"","overlay-gradient":""},"mobile":{"background-color":"","background-image":"","background-repeat":"repeat","background-position":"center center","background-size":"auto","background-attachment":"scroll","background-type":"","background-media":"","overlay-type":"","overlay-color":"","overlay-gradient":""}},"ast-content-background-meta":{"desktop":{"background-color":"var(--ast-global-color-5)","background-image":"","background-repeat":"repeat","background-position":"center center","background-size":"auto","background-attachment":"scroll","background-type":"","background-media":"","overlay-type":"","overlay-color":"","overlay-gradient":""},"tablet":{"background-color":"var(--ast-global-color-5)","background-image":"","background-repeat":"repeat","background-position":"center center","background-size":"auto","background-attachment":"scroll","background-type":"","background-media":"","overlay-type":"","overlay-color":"","overlay-gradient":""},"mobile":{"background-color":"var(--ast-global-color-5)","background-image":"","background-repeat":"repeat","background-position":"center center","background-size":"auto","background-attachment":"scroll","background-type":"","background-media":"","overlay-type":"","overlay-color":"","overlay-gradient":""}},"footnotes":""},"categories":[838,24102,4840,23527],"tags":[42522,5978,42521,5814,4846,6057],"class_list":["post-13060","post","type-post","status-publish","format-standard","hentry","category-ciencia-politica","category-informacion","category-opinion-publica","category-propaganda","tag-alberto-pena-rodriguez","tag-alejandro-pizarroso-quintero","tag-gonzalez-san-ruperto-marta-teresa","tag-jesus-timoteo-alvarez-fernandez","tag-julio-gil-pecharroman","tag-pere-oriol-costa-badia"],"_links":{"self":[{"href":"https:\/\/www.deberes.net\/tesis\/wp-json\/wp\/v2\/posts\/13060","targetHints":{"allow":["GET"]}}],"collection":[{"href":"https:\/\/www.deberes.net\/tesis\/wp-json\/wp\/v2\/posts"}],"about":[{"href":"https:\/\/www.deberes.net\/tesis\/wp-json\/wp\/v2\/types\/post"}],"author":[{"embeddable":true,"href":"https:\/\/www.deberes.net\/tesis\/wp-json\/wp\/v2\/users\/1"}],"replies":[{"embeddable":true,"href":"https:\/\/www.deberes.net\/tesis\/wp-json\/wp\/v2\/comments?post=13060"}],"version-history":[{"count":0,"href":"https:\/\/www.deberes.net\/tesis\/wp-json\/wp\/v2\/posts\/13060\/revisions"}],"wp:attachment":[{"href":"https:\/\/www.deberes.net\/tesis\/wp-json\/wp\/v2\/media?parent=13060"}],"wp:term":[{"taxonomy":"category","embeddable":true,"href":"https:\/\/www.deberes.net\/tesis\/wp-json\/wp\/v2\/categories?post=13060"},{"taxonomy":"post_tag","embeddable":true,"href":"https:\/\/www.deberes.net\/tesis\/wp-json\/wp\/v2\/tags?post=13060"}],"curies":[{"name":"wp","href":"https:\/\/api.w.org\/{rel}","templated":true}]}}