{"id":130768,"date":"1996-01-01T00:00:00","date_gmt":"1996-01-01T00:00:00","guid":{"rendered":"https:\/\/www.deberes.net\/tesis\/sin-categoria\/la-plateria-en-la-diocesis-de-vitoria-1350-1650\/"},"modified":"1996-01-01T00:00:00","modified_gmt":"1996-01-01T00:00:00","slug":"la-plateria-en-la-diocesis-de-vitoria-1350-1650","status":"publish","type":"post","link":"https:\/\/www.deberes.net\/tesis\/historia\/la-plateria-en-la-diocesis-de-vitoria-1350-1650\/","title":{"rendered":"La plateria en la diocesis de vitoria (1350-1650)."},"content":{"rendered":"<h2>Tesis doctoral de <strong>  Martin Vaquero Rosa Consolacion <\/strong><\/h2>\n<p>La tesis doctoral que aqui se presenta, recoge el estudio de la plateria en la actual diocesis de vitoria, que comprende la provincia de alava, el condado de trevi\u00f1o y la ciudad de ordu\u00f1a y sus aldeas, en el periodo de 1350 a 1650. El trabajo se ha organizado en tres partes fundamentales. En la primera se recogen los aspectos historicos, sociales, laborales y tecnicos. Sobresalen los aspectos de organizacion y normativas de la plateria vitoriana: el oficio de platero, la confeccion de la obra, la legislacion sobre la plateria, etc. La segunda parte dedicada al estudio artistico de la plateria que abarca cuatro importantes estilos: el gotico, el renacimiento, el manierismo y el purismo. Su estudio se ha orientado en dos vertientes fundamentales, por lo que respecta a las propias piezas que se conservan en las iglesias, ermitas, conventos y depositos, lugares a los que previamente acudimos para su catalogacion. La segunda vertiente ha sido la documental, gracias a la cual hemos podido descubrir a un numero importante de plateros.  en la tercera parte recogemos los catalogos. Se hace un estudio exhaustivo de los plateros vitorianos documentados y se aportan las noticias recogidas de los plateros foraneos. Se completa el estudio con las conclusiones aportadas por este trabajo.<\/p>\n<p>&nbsp;<\/p>\n<h3>Datos acad\u00e9micos de la tesis doctoral \u00ab<strong>La plateria en la diocesis de vitoria (1350-1650).<\/strong>\u00ab<\/h3>\n<ul>\n<li><strong>T\u00edtulo de la tesis:<\/strong>\u00a0 La plateria en la diocesis de vitoria (1350-1650). <\/li>\n<li><strong>Autor:<\/strong>\u00a0  Martin Vaquero Rosa Consolacion <\/li>\n<li><strong>Universidad:<\/strong>\u00a0 Pa\u00eds vasco\/euskal herriko unibertsitatea<\/li>\n<li><strong>Fecha de lectura de la tesis:<\/strong>\u00a0 01\/01\/1996<\/li>\n<\/ul>\n<p>&nbsp;<\/p>\n<h3>Direcci\u00f3n y tribunal<\/h3>\n<ul>\n<li><strong>Director de la tesis<\/strong>\n<ul>\n<li> Silva Verastegui Soledad De<\/li>\n<\/ul>\n<\/li>\n<li><strong>Tribunal<\/strong>\n<ul>\n<li>Presidente del tribunal: Concepcion Garcia Gainza <\/li>\n<li> Barrio Loza Jos\u00e9 Angel (vocal)<\/li>\n<li>Mar\u00eda Bego\u00f1a Arr\u00fae Ugarte (vocal)<\/li>\n<li>  (vocal)<\/li>\n<\/ul>\n<\/li>\n<\/ul>\n<p>&nbsp;<\/p>\n","protected":false},"excerpt":{"rendered":"<p>Tesis doctoral de Martin Vaquero Rosa Consolacion La tesis doctoral que aqui se presenta, recoge el estudio de la plateria [&hellip;]<\/p>\n","protected":false},"author":1,"featured_media":0,"comment_status":"open","ping_status":"open","sticky":false,"template":"","format":"standard","meta":{"site-sidebar-layout":"default","site-content-layout":"","ast-site-content-layout":"","site-content-style":"default","site-sidebar-style":"default","ast-global-header-display":"","ast-banner-title-visibility":"","ast-main-header-display":"","ast-hfb-above-header-display":"","ast-hfb-below-header-display":"","ast-hfb-mobile-header-display":"","site-post-title":"","ast-breadcrumbs-content":"","ast-featured-img":"","footer-sml-layout":"","theme-transparent-header-meta":"","adv-header-id-meta":"","stick-header-meta":"","header-above-stick-meta":"","header-main-stick-meta":"","header-below-stick-meta":"","astra-migrate-meta-layouts":"default","ast-page-background-enabled":"default","ast-page-background-meta":{"desktop":{"background-color":"var(--ast-global-color-4)","background-image":"","background-repeat":"repeat","background-position":"center center","background-size":"auto","background-attachment":"scroll","background-type":"","background-media":"","overlay-type":"","overlay-color":"","overlay-gradient":""},"tablet":{"background-color":"","background-image":"","background-repeat":"repeat","background-position":"center center","background-size":"auto","background-attachment":"scroll","background-type":"","background-media":"","overlay-type":"","overlay-color":"","overlay-gradient":""},"mobile":{"background-color":"","background-image":"","background-repeat":"repeat","background-position":"center center","background-size":"auto","background-attachment":"scroll","background-type":"","background-media":"","overlay-type":"","overlay-color":"","overlay-gradient":""}},"ast-content-background-meta":{"desktop":{"background-color":"var(--ast-global-color-5)","background-image":"","background-repeat":"repeat","background-position":"center center","background-size":"auto","background-attachment":"scroll","background-type":"","background-media":"","overlay-type":"","overlay-color":"","overlay-gradient":""},"tablet":{"background-color":"var(--ast-global-color-5)","background-image":"","background-repeat":"repeat","background-position":"center center","background-size":"auto","background-attachment":"scroll","background-type":"","background-media":"","overlay-type":"","overlay-color":"","overlay-gradient":""},"mobile":{"background-color":"var(--ast-global-color-5)","background-image":"","background-repeat":"repeat","background-position":"center center","background-size":"auto","background-attachment":"scroll","background-type":"","background-media":"","overlay-type":"","overlay-color":"","overlay-gradient":""}},"footnotes":""},"categories":[104,1014,222,12909],"tags":[28553,12862,24189,244399,28129],"class_list":["post-130768","post","type-post","status-publish","format-standard","hentry","category-historia","category-historia-del-arte","category-historias-especializadas","category-pais-vasco-euskal-herriko-unibertsitatea","tag-barrio-loza-jose-angel","tag-concepcion-garcia-gainza","tag-maria-begona-arrue-ugarte","tag-martin-vaquero-rosa-consolacion","tag-silva-verastegui-soledad-de"],"_links":{"self":[{"href":"https:\/\/www.deberes.net\/tesis\/wp-json\/wp\/v2\/posts\/130768","targetHints":{"allow":["GET"]}}],"collection":[{"href":"https:\/\/www.deberes.net\/tesis\/wp-json\/wp\/v2\/posts"}],"about":[{"href":"https:\/\/www.deberes.net\/tesis\/wp-json\/wp\/v2\/types\/post"}],"author":[{"embeddable":true,"href":"https:\/\/www.deberes.net\/tesis\/wp-json\/wp\/v2\/users\/1"}],"replies":[{"embeddable":true,"href":"https:\/\/www.deberes.net\/tesis\/wp-json\/wp\/v2\/comments?post=130768"}],"version-history":[{"count":0,"href":"https:\/\/www.deberes.net\/tesis\/wp-json\/wp\/v2\/posts\/130768\/revisions"}],"wp:attachment":[{"href":"https:\/\/www.deberes.net\/tesis\/wp-json\/wp\/v2\/media?parent=130768"}],"wp:term":[{"taxonomy":"category","embeddable":true,"href":"https:\/\/www.deberes.net\/tesis\/wp-json\/wp\/v2\/categories?post=130768"},{"taxonomy":"post_tag","embeddable":true,"href":"https:\/\/www.deberes.net\/tesis\/wp-json\/wp\/v2\/tags?post=130768"}],"curies":[{"name":"wp","href":"https:\/\/api.w.org\/{rel}","templated":true}]}}