{"id":13083,"date":"2001-01-10T00:00:00","date_gmt":"2001-01-10T00:00:00","guid":{"rendered":"https:\/\/www.deberes.net\/tesis\/sin-categoria\/efectos-de-la-atencion-sostenida-y-alternante-en-la-lateralizacion-del-lenguaje-medida-a-traves-de-escucha-dicotica\/"},"modified":"2001-01-10T00:00:00","modified_gmt":"2001-01-10T00:00:00","slug":"efectos-de-la-atencion-sostenida-y-alternante-en-la-lateralizacion-del-lenguaje-medida-a-traves-de-escucha-dicotica","status":"publish","type":"post","link":"https:\/\/www.deberes.net\/tesis\/psicologia\/efectos-de-la-atencion-sostenida-y-alternante-en-la-lateralizacion-del-lenguaje-medida-a-traves-de-escucha-dicotica\/","title":{"rendered":"Efectos de la atencion sostenida y alternante en la lateralizacion del lenguaje medida a traves de escucha dicotica"},"content":{"rendered":"<h2>Tesis doctoral de <strong> Mar\u00eda  Engracia Gadea Domenech <\/strong><\/h2>\n<p>La presente tesis tiene como objetivo investigar la interacci\u00f3n entre la especializaci\u00f3n hemisf\u00e9rica ling\u00ed\u00bc\u00edstica y la atencional, mediante la aplicaci\u00f3n de la metodolog\u00eda de la atenci\u00f3n forzada (af) a la escucha dic\u00f3tica (ed). La ed consiste en la presentaci\u00f3n de estimulaci\u00f3n binaural competitiva (sincronizada), siendo habitual que, a nivel grupal, se obtenga una ventaja del oido derecho (vod) si se utiliza material verbal. A nivel experimental, en esta tesis se aplic\u00f3 a 96 sujetos normales, divididos en grupos de 24 diestros\/as y zurdos\/as, un test de escucha dic\u00f3tica(ed) digitalizado y confeccionado ex profeso para este trabajo, consistente en 60 silabas dic\u00f3ticas de tipo consonantes -vocal, siendo estas las oclusivas pa-ta-ka-ba-da-ga. el test se aplico de manera est\u00e1ndar (ed libre, para ser utilizado como linea base) y tambien con instruccinoes atencionales a uno y otro oido (af). La atencion se manipulo de manera sostenida (atender a un mismo oido durante todo el test) o alternamente (mediante se\u00f1al sonora previa y aleatoria, a uno u otro oido, con intervalos de 150,450 o 750 ms entre la se\u00f1al y el item dicotico, e indicando la se\u00f1al el oido al que debia atenderse).  se obtuvieron los siguientes resultados:1) en la ed libre apareci\u00f3 una vod que aument\u00f3 su magnitud en las condiciones de atenci\u00f3n forzada al oido derecho y que cambi\u00f3 de direcci\u00f3n (apareciendo una ventaja del oido izquierdo, o voi) al atender al o\u00eddo izquierd. 2)tanto la af sostenida como la alternante fueron efectivas en orientar la atenci\u00f3n del sujeto, puesto que el efecto de modulaci\u00f3n auditiva se obtuvo gracias a un aumento de los aciertos del oido atendido al compararlo con la linea base, sin embargo, la af alternante fue m\u00e1s efectiva que la sostenida, puesto que aumentaron significativamente los aciertos de la primera al comparar ambas tecnicas entre si. 3) dentro de la af alternante, el intervalo de 450 ms result\u00f3 ser el m\u00e1s efectivo par<\/p>\n<p>&nbsp;<\/p>\n<h3>Datos acad\u00e9micos de la tesis doctoral \u00ab<strong>Efectos de la atencion sostenida y alternante en la lateralizacion del lenguaje medida a traves de escucha dicotica<\/strong>\u00ab<\/h3>\n<ul>\n<li><strong>T\u00edtulo de la tesis:<\/strong>\u00a0 Efectos de la atencion sostenida y alternante en la lateralizacion del lenguaje medida a traves de escucha dicotica <\/li>\n<li><strong>Autor:<\/strong>\u00a0 Mar\u00eda  Engracia Gadea Domenech <\/li>\n<li><strong>Universidad:<\/strong>\u00a0 Universitat de val\u00e9ncia (estudi general)<\/li>\n<li><strong>Fecha de lectura de la tesis:<\/strong>\u00a0 01\/10\/2001<\/li>\n<\/ul>\n<p>&nbsp;<\/p>\n<h3>Direcci\u00f3n y tribunal<\/h3>\n<ul>\n<li><strong>Director de la tesis<\/strong>\n<ul>\n<li>Raul Espert Tortajada<\/li>\n<\/ul>\n<\/li>\n<li><strong>Tribunal<\/strong>\n<ul>\n<li>Presidente del tribunal: vicente Sim\u00f3n p\u00e9rez <\/li>\n<li>Mar\u00eda  Luisa Arnedo montoro (vocal)<\/li>\n<li> Barroso ribal Jos\u00e9 domingo (vocal)<\/li>\n<li>joan Deus yela (vocal)<\/li>\n<\/ul>\n<\/li>\n<\/ul>\n<p>&nbsp;<\/p>\n","protected":false},"excerpt":{"rendered":"<p>Tesis doctoral de Mar\u00eda Engracia Gadea Domenech La presente tesis tiene como objetivo investigar la interacci\u00f3n entre la especializaci\u00f3n hemisf\u00e9rica [&hellip;]<\/p>\n","protected":false},"author":1,"featured_media":0,"comment_status":"open","ping_status":"open","sticky":false,"template":"","format":"standard","meta":{"site-sidebar-layout":"default","site-content-layout":"","ast-site-content-layout":"","site-content-style":"default","site-sidebar-style":"default","ast-global-header-display":"","ast-banner-title-visibility":"","ast-main-header-display":"","ast-hfb-above-header-display":"","ast-hfb-below-header-display":"","ast-hfb-mobile-header-display":"","site-post-title":"","ast-breadcrumbs-content":"","ast-featured-img":"","footer-sml-layout":"","theme-transparent-header-meta":"","adv-header-id-meta":"","stick-header-meta":"","header-above-stick-meta":"","header-main-stick-meta":"","header-below-stick-meta":"","astra-migrate-meta-layouts":"default","ast-page-background-enabled":"default","ast-page-background-meta":{"desktop":{"background-color":"var(--ast-global-color-4)","background-image":"","background-repeat":"repeat","background-position":"center center","background-size":"auto","background-attachment":"scroll","background-type":"","background-media":"","overlay-type":"","overlay-color":"","overlay-gradient":""},"tablet":{"background-color":"","background-image":"","background-repeat":"repeat","background-position":"center center","background-size":"auto","background-attachment":"scroll","background-type":"","background-media":"","overlay-type":"","overlay-color":"","overlay-gradient":""},"mobile":{"background-color":"","background-image":"","background-repeat":"repeat","background-position":"center center","background-size":"auto","background-attachment":"scroll","background-type":"","background-media":"","overlay-type":"","overlay-color":"","overlay-gradient":""}},"ast-content-background-meta":{"desktop":{"background-color":"var(--ast-global-color-5)","background-image":"","background-repeat":"repeat","background-position":"center center","background-size":"auto","background-attachment":"scroll","background-type":"","background-media":"","overlay-type":"","overlay-color":"","overlay-gradient":""},"tablet":{"background-color":"var(--ast-global-color-5)","background-image":"","background-repeat":"repeat","background-position":"center center","background-size":"auto","background-attachment":"scroll","background-type":"","background-media":"","overlay-type":"","overlay-color":"","overlay-gradient":""},"mobile":{"background-color":"var(--ast-global-color-5)","background-image":"","background-repeat":"repeat","background-position":"center center","background-size":"auto","background-attachment":"scroll","background-type":"","background-media":"","overlay-type":"","overlay-color":"","overlay-gradient":""}},"footnotes":""},"categories":[14934,17382,1175,2461,5262,324,2462],"tags":[42586,33763,42584,40400,42585,5777],"class_list":["post-13083","post","type-post","status-publish","format-standard","hentry","category-analisis-experimental-de-la-conducta","category-construccion-del-test","category-evaluacion-y-diagnostico-en-psicologia","category-procesos-de-percepcion","category-procesos-mentales","category-psicologia","category-psicologia-experimental","tag-barroso-ribal-jose-domingo","tag-joan-deus-yela","tag-maria-engracia-gadea-domenech","tag-maria-luisa-arnedo-montoro","tag-raul-espert-tortajada","tag-vicente-simon-perez"],"_links":{"self":[{"href":"https:\/\/www.deberes.net\/tesis\/wp-json\/wp\/v2\/posts\/13083","targetHints":{"allow":["GET"]}}],"collection":[{"href":"https:\/\/www.deberes.net\/tesis\/wp-json\/wp\/v2\/posts"}],"about":[{"href":"https:\/\/www.deberes.net\/tesis\/wp-json\/wp\/v2\/types\/post"}],"author":[{"embeddable":true,"href":"https:\/\/www.deberes.net\/tesis\/wp-json\/wp\/v2\/users\/1"}],"replies":[{"embeddable":true,"href":"https:\/\/www.deberes.net\/tesis\/wp-json\/wp\/v2\/comments?post=13083"}],"version-history":[{"count":0,"href":"https:\/\/www.deberes.net\/tesis\/wp-json\/wp\/v2\/posts\/13083\/revisions"}],"wp:attachment":[{"href":"https:\/\/www.deberes.net\/tesis\/wp-json\/wp\/v2\/media?parent=13083"}],"wp:term":[{"taxonomy":"category","embeddable":true,"href":"https:\/\/www.deberes.net\/tesis\/wp-json\/wp\/v2\/categories?post=13083"},{"taxonomy":"post_tag","embeddable":true,"href":"https:\/\/www.deberes.net\/tesis\/wp-json\/wp\/v2\/tags?post=13083"}],"curies":[{"name":"wp","href":"https:\/\/api.w.org\/{rel}","templated":true}]}}