{"id":131038,"date":"1996-01-01T00:00:00","date_gmt":"1996-01-01T00:00:00","guid":{"rendered":"https:\/\/www.deberes.net\/tesis\/sin-categoria\/la-influencia-del-sistema-internacional-sobre-la-situacion-de-los-derechos-humanos-en-marruecos-1981-1994\/"},"modified":"1996-01-01T00:00:00","modified_gmt":"1996-01-01T00:00:00","slug":"la-influencia-del-sistema-internacional-sobre-la-situacion-de-los-derechos-humanos-en-marruecos-1981-1994","status":"publish","type":"post","link":"https:\/\/www.deberes.net\/tesis\/ciencia-politica\/la-influencia-del-sistema-internacional-sobre-la-situacion-de-los-derechos-humanos-en-marruecos-1981-1994\/","title":{"rendered":"La influencia del sistema internacional sobre la situacion de los derechos humanos en marruecos (1981-1994)."},"content":{"rendered":"<h2>Tesis doctoral de <strong> Laura Feliu Mart\u00ednez <\/strong><\/h2>\n<p>Durante el periodo 1988-1994 se produce una transformacion significativa en la situacion de los derechos civiles y politicos en marruecos. Los cambios introducidos por el majzen tienen su origen fundamentalmente en una serie de variables procedentes del sistema internacional. Aunque los actores internacionales que mas influencia tienen sobre el regimen marroqui (casos de francia y estados unidos) no han presionado para que se mejorase la situacion, la coincidencia en el tiempo de una serie de acciones lleva a la monarquia a percibir la existencia de una campa\u00f1a internacional de denuncia. Esto preocupa seriamente al regimen debido a la situacion de dependencia de marruecos, tanto en lo que respecta al conflicto del sahara occidental como a la dependencia economica del exterior. Las variables internas tambien han de ser tenidas en cuenta en el momento de analizar los cambios.<\/p>\n<p>&nbsp;<\/p>\n<h3>Datos acad\u00e9micos de la tesis doctoral \u00ab<strong>La influencia del sistema internacional sobre la situacion de los derechos humanos en marruecos (1981-1994).<\/strong>\u00ab<\/h3>\n<ul>\n<li><strong>T\u00edtulo de la tesis:<\/strong>\u00a0 La influencia del sistema internacional sobre la situacion de los derechos humanos en marruecos (1981-1994). <\/li>\n<li><strong>Autor:<\/strong>\u00a0 Laura Feliu Mart\u00ednez <\/li>\n<li><strong>Universidad:<\/strong>\u00a0 Aut\u00f3noma de barcelona<\/li>\n<li><strong>Fecha de lectura de la tesis:<\/strong>\u00a0 01\/01\/1996<\/li>\n<\/ul>\n<p>&nbsp;<\/p>\n<h3>Direcci\u00f3n y tribunal<\/h3>\n<ul>\n<li><strong>Director de la tesis<\/strong>\n<ul>\n<li>Esther Barb\u00e9 Izuel<\/li>\n<\/ul>\n<\/li>\n<li><strong>Tribunal<\/strong>\n<ul>\n<li>Presidente del tribunal: Roberto Mesa Garrido <\/li>\n<li>Bernab\u00e9 L\u00f3pez Garc\u00eda (vocal)<\/li>\n<li>Celestino Del Arenal Moyua (vocal)<\/li>\n<li>Antoni Segura I Mas (vocal)<\/li>\n<\/ul>\n<\/li>\n<\/ul>\n<p>&nbsp;<\/p>\n","protected":false},"excerpt":{"rendered":"<p>Tesis doctoral de Laura Feliu Mart\u00ednez Durante el periodo 1988-1994 se produce una transformacion significativa en la situacion de los [&hellip;]<\/p>\n","protected":false},"author":1,"featured_media":0,"comment_status":"open","ping_status":"open","sticky":false,"template":"","format":"standard","meta":{"site-sidebar-layout":"default","site-content-layout":"","ast-site-content-layout":"","site-content-style":"default","site-sidebar-style":"default","ast-global-header-display":"","ast-banner-title-visibility":"","ast-main-header-display":"","ast-hfb-above-header-display":"","ast-hfb-below-header-display":"","ast-hfb-mobile-header-display":"","site-post-title":"","ast-breadcrumbs-content":"","ast-featured-img":"","footer-sml-layout":"","theme-transparent-header-meta":"","adv-header-id-meta":"","stick-header-meta":"","header-above-stick-meta":"","header-main-stick-meta":"","header-below-stick-meta":"","astra-migrate-meta-layouts":"default","ast-page-background-enabled":"default","ast-page-background-meta":{"desktop":{"background-color":"var(--ast-global-color-4)","background-image":"","background-repeat":"repeat","background-position":"center center","background-size":"auto","background-attachment":"scroll","background-type":"","background-media":"","overlay-type":"","overlay-color":"","overlay-gradient":""},"tablet":{"background-color":"","background-image":"","background-repeat":"repeat","background-position":"center center","background-size":"auto","background-attachment":"scroll","background-type":"","background-media":"","overlay-type":"","overlay-color":"","overlay-gradient":""},"mobile":{"background-color":"","background-image":"","background-repeat":"repeat","background-position":"center center","background-size":"auto","background-attachment":"scroll","background-type":"","background-media":"","overlay-type":"","overlay-color":"","overlay-gradient":""}},"ast-content-background-meta":{"desktop":{"background-color":"var(--ast-global-color-5)","background-image":"","background-repeat":"repeat","background-position":"center center","background-size":"auto","background-attachment":"scroll","background-type":"","background-media":"","overlay-type":"","overlay-color":"","overlay-gradient":""},"tablet":{"background-color":"var(--ast-global-color-5)","background-image":"","background-repeat":"repeat","background-position":"center center","background-size":"auto","background-attachment":"scroll","background-type":"","background-media":"","overlay-type":"","overlay-color":"","overlay-gradient":""},"mobile":{"background-color":"var(--ast-global-color-5)","background-image":"","background-repeat":"repeat","background-position":"center center","background-size":"auto","background-attachment":"scroll","background-type":"","background-media":"","overlay-type":"","overlay-color":"","overlay-gradient":""}},"footnotes":""},"categories":[838,19869,4073,6408],"tags":[12941,5650,4617,24262,62648,4619],"class_list":["post-131038","post","type-post","status-publish","format-standard","hentry","category-ciencia-politica","category-derechos-humanos","category-relaciones-internacionales","category-sociologia-politica","tag-antoni-segura-i-mas","tag-bernabe-lopez-garcia","tag-celestino-del-arenal-moyua","tag-esther-barbe-izuel","tag-laura-feliu-Martinez","tag-roberto-mesa-garrido"],"_links":{"self":[{"href":"https:\/\/www.deberes.net\/tesis\/wp-json\/wp\/v2\/posts\/131038","targetHints":{"allow":["GET"]}}],"collection":[{"href":"https:\/\/www.deberes.net\/tesis\/wp-json\/wp\/v2\/posts"}],"about":[{"href":"https:\/\/www.deberes.net\/tesis\/wp-json\/wp\/v2\/types\/post"}],"author":[{"embeddable":true,"href":"https:\/\/www.deberes.net\/tesis\/wp-json\/wp\/v2\/users\/1"}],"replies":[{"embeddable":true,"href":"https:\/\/www.deberes.net\/tesis\/wp-json\/wp\/v2\/comments?post=131038"}],"version-history":[{"count":0,"href":"https:\/\/www.deberes.net\/tesis\/wp-json\/wp\/v2\/posts\/131038\/revisions"}],"wp:attachment":[{"href":"https:\/\/www.deberes.net\/tesis\/wp-json\/wp\/v2\/media?parent=131038"}],"wp:term":[{"taxonomy":"category","embeddable":true,"href":"https:\/\/www.deberes.net\/tesis\/wp-json\/wp\/v2\/categories?post=131038"},{"taxonomy":"post_tag","embeddable":true,"href":"https:\/\/www.deberes.net\/tesis\/wp-json\/wp\/v2\/tags?post=131038"}],"curies":[{"name":"wp","href":"https:\/\/api.w.org\/{rel}","templated":true}]}}