{"id":13104,"date":"2001-01-10T00:00:00","date_gmt":"2001-01-10T00:00:00","guid":{"rendered":"https:\/\/www.deberes.net\/tesis\/sin-categoria\/el-anarquismo-y-las-luchas-sociales-en-barcelona-1918-1923-la-represion-obrera-y-la-violencia\/"},"modified":"2001-01-10T00:00:00","modified_gmt":"2001-01-10T00:00:00","slug":"el-anarquismo-y-las-luchas-sociales-en-barcelona-1918-1923-la-represion-obrera-y-la-violencia","status":"publish","type":"post","link":"https:\/\/www.deberes.net\/tesis\/historia-por-epocas\/el-anarquismo-y-las-luchas-sociales-en-barcelona-1918-1923-la-represion-obrera-y-la-violencia\/","title":{"rendered":"El anarquismo y las luchas sociales en barcelona 1918-1923: la represi\u00f3n obrera y la violencia"},"content":{"rendered":"<h2>Tesis doctoral de <strong> Mar\u00eda Amalia Pradas Baena <\/strong><\/h2>\n<p>Esta tesis analiza la situaci\u00f3n de barcelona durante el periodo comprendido entre 1918-1923, es decir desde el final de la primera guerra mundial hasta el golpe de estado del general miguel primo de rivera. el trabajo se basa en un estudio exhaustivo del periodo, pero desde el \u00e1mbito de las luchas sociales en barcelona, pero el objetivo primordial es el estudio de la represi\u00f3n obrera y la violencia social emanadas de una serie de acontecimientos pol\u00edticos y sociales que llevan a una lucha abierta entre obreros y patronal. como parte m\u00e1s relevante de esta tesis se ha de destacar la realizaci\u00f3n de un estudio exhaustivo y la contabilizaci\u00f3n de los asesinatos cometidos en este periodo en la ciudad condal, que l\u00f3gicamente son fruto de la lucha social mantenida durante este periodo entre obreros y la clase patronal. tambi\u00e9n he confeccionado un mapa a gran escala de la ciudad de barcelona donde he se\u00f1alado en cada calle el n\u00famero de v\u00edctimas habidas en este periodo de efervescencia social, lo cual permite con una simple ojeada poder analizar el grado de violencia que adquirieron las luchas sociales. finalmente he tratado de analizar el origen del pistolerismo y terrorismo sindical en barcelona, y ver si este terrorismo en algunos momentos se puede considerar como un terrorismo de estado o no, tema por otra parte que ha sido objeto de pol\u00e9mica entre los diferentes historiadores que se dedican al estudio de esta cuesti\u00f3n.<\/p>\n<p>&nbsp;<\/p>\n<h3>Datos acad\u00e9micos de la tesis doctoral \u00ab<strong>El anarquismo y las luchas sociales en barcelona 1918-1923: la represi\u00f3n obrera y la violencia<\/strong>\u00ab<\/h3>\n<ul>\n<li><strong>T\u00edtulo de la tesis:<\/strong>\u00a0 El anarquismo y las luchas sociales en barcelona 1918-1923: la represi\u00f3n obrera y la violencia <\/li>\n<li><strong>Autor:<\/strong>\u00a0 Mar\u00eda Amalia Pradas Baena <\/li>\n<li><strong>Universidad:<\/strong>\u00a0 Pompeu fabra<\/li>\n<li><strong>Fecha de lectura de la tesis:<\/strong>\u00a0 01\/10\/2001<\/li>\n<\/ul>\n<p>&nbsp;<\/p>\n<h3>Direcci\u00f3n y tribunal<\/h3>\n<ul>\n<li><strong>Director de la tesis<\/strong>\n<ul>\n<li>Teresa Abell\u00f3  G\u00c1\u00bcell<\/li>\n<\/ul>\n<\/li>\n<li><strong>Tribunal<\/strong>\n<ul>\n<li>Presidente del tribunal: josep Fontana lazaro <\/li>\n<li>pere Gabriel sirvent (vocal)<\/li>\n<li>enric Oliver serret (vocal)<\/li>\n<li>susana Tavera garcia (vocal)<\/li>\n<\/ul>\n<\/li>\n<\/ul>\n<p>&nbsp;<\/p>\n","protected":false},"excerpt":{"rendered":"<p>Tesis doctoral de Mar\u00eda Amalia Pradas Baena Esta tesis analiza la situaci\u00f3n de barcelona durante el periodo comprendido entre 1918-1923, [&hellip;]<\/p>\n","protected":false},"author":1,"featured_media":0,"comment_status":"open","ping_status":"open","sticky":false,"template":"","format":"standard","meta":{"site-sidebar-layout":"default","site-content-layout":"","ast-site-content-layout":"","site-content-style":"default","site-sidebar-style":"default","ast-global-header-display":"","ast-banner-title-visibility":"","ast-main-header-display":"","ast-hfb-above-header-display":"","ast-hfb-below-header-display":"","ast-hfb-mobile-header-display":"","site-post-title":"","ast-breadcrumbs-content":"","ast-featured-img":"","footer-sml-layout":"","theme-transparent-header-meta":"","adv-header-id-meta":"","stick-header-meta":"","header-above-stick-meta":"","header-main-stick-meta":"","header-below-stick-meta":"","astra-migrate-meta-layouts":"default","ast-page-background-enabled":"default","ast-page-background-meta":{"desktop":{"background-color":"var(--ast-global-color-4)","background-image":"","background-repeat":"repeat","background-position":"center center","background-size":"auto","background-attachment":"scroll","background-type":"","background-media":"","overlay-type":"","overlay-color":"","overlay-gradient":""},"tablet":{"background-color":"","background-image":"","background-repeat":"repeat","background-position":"center center","background-size":"auto","background-attachment":"scroll","background-type":"","background-media":"","overlay-type":"","overlay-color":"","overlay-gradient":""},"mobile":{"background-color":"","background-image":"","background-repeat":"repeat","background-position":"center center","background-size":"auto","background-attachment":"scroll","background-type":"","background-media":"","overlay-type":"","overlay-color":"","overlay-gradient":""}},"ast-content-background-meta":{"desktop":{"background-color":"var(--ast-global-color-5)","background-image":"","background-repeat":"repeat","background-position":"center center","background-size":"auto","background-attachment":"scroll","background-type":"","background-media":"","overlay-type":"","overlay-color":"","overlay-gradient":""},"tablet":{"background-color":"var(--ast-global-color-5)","background-image":"","background-repeat":"repeat","background-position":"center center","background-size":"auto","background-attachment":"scroll","background-type":"","background-media":"","overlay-type":"","overlay-color":"","overlay-gradient":""},"mobile":{"background-color":"var(--ast-global-color-5)","background-image":"","background-repeat":"repeat","background-position":"center center","background-size":"auto","background-attachment":"scroll","background-type":"","background-media":"","overlay-type":"","overlay-color":"","overlay-gradient":""}},"footnotes":""},"categories":[220,18712],"tags":[42649,1023,42647,19126,42650,42648],"class_list":["post-13104","post","type-post","status-publish","format-standard","hentry","category-historia-por-epocas","category-pompeu-fabra","tag-enric-oliver-serret","tag-josep-fontana-lazaro","tag-maria-amalia-pradas-baena","tag-pere-gabriel-sirvent","tag-susana-tavera-garcia","tag-teresa-abello-gaell"],"_links":{"self":[{"href":"https:\/\/www.deberes.net\/tesis\/wp-json\/wp\/v2\/posts\/13104","targetHints":{"allow":["GET"]}}],"collection":[{"href":"https:\/\/www.deberes.net\/tesis\/wp-json\/wp\/v2\/posts"}],"about":[{"href":"https:\/\/www.deberes.net\/tesis\/wp-json\/wp\/v2\/types\/post"}],"author":[{"embeddable":true,"href":"https:\/\/www.deberes.net\/tesis\/wp-json\/wp\/v2\/users\/1"}],"replies":[{"embeddable":true,"href":"https:\/\/www.deberes.net\/tesis\/wp-json\/wp\/v2\/comments?post=13104"}],"version-history":[{"count":0,"href":"https:\/\/www.deberes.net\/tesis\/wp-json\/wp\/v2\/posts\/13104\/revisions"}],"wp:attachment":[{"href":"https:\/\/www.deberes.net\/tesis\/wp-json\/wp\/v2\/media?parent=13104"}],"wp:term":[{"taxonomy":"category","embeddable":true,"href":"https:\/\/www.deberes.net\/tesis\/wp-json\/wp\/v2\/categories?post=13104"},{"taxonomy":"post_tag","embeddable":true,"href":"https:\/\/www.deberes.net\/tesis\/wp-json\/wp\/v2\/tags?post=13104"}],"curies":[{"name":"wp","href":"https:\/\/api.w.org\/{rel}","templated":true}]}}