{"id":13113,"date":"2001-02-10T00:00:00","date_gmt":"2001-02-10T00:00:00","guid":{"rendered":"https:\/\/www.deberes.net\/tesis\/sin-categoria\/organo-e-ilustracion-valenciana\/"},"modified":"2001-02-10T00:00:00","modified_gmt":"2001-02-10T00:00:00","slug":"organo-e-ilustracion-valenciana","status":"publish","type":"post","link":"https:\/\/www.deberes.net\/tesis\/historia\/organo-e-ilustracion-valenciana\/","title":{"rendered":"Organo e ilustraci\u00f3n Valenciana"},"content":{"rendered":"<h2>Tesis doctoral de <strong> Vicent Ros Perez <\/strong><\/h2>\n<p>El contenido de esta tesis doctoral se enmarca cronol\u00f3gicamente entre la subida al trono espa\u00f1ol del \u00faltimo austria, a trav\u00e9s primero de la regencia de su madre en 1665, hasta la muerte de carlos iii en 1788, dado que la primera fecha coincide con la toma de posesi\u00f3n de la plaza de organista de la seo de Valencia de j. Bta. Cabanilles, as\u00ed como con los a\u00f1os de mayor actividad en Valencia del p. Zaragoz\u00e1, y por otro,la segunda fecha coincide con la \u00faltima oposici\u00f3n de inter\u00e9s a una organist\u00eda Valenciana en el s. xviii.  la tesis se desarrolla a trav\u00e9s de siete cap\u00edtulo documental, musical (partituras y transcripciones), y fonogr\u00e1fico.  a lo largo de esos siete cap\u00edtulos se estudian b\u00e1sicamente las caracter\u00edsticas del \u00f3rgano Valenciano de aquella \u00e9poca y sus principales constructores, la figura del organista, sus funciones, sistema de acceso a la plaza, as\u00ed como las figuras m\u00e1s destacadas.  tambi\u00e9n ocupa un lugar relevante el repertorio organ\u00edstico de aquella \u00e9poca en Valencia, as\u00ed como la presencia del \u00f3rgano en los tratados cient\u00edficos, en la literatura, en la universidad y en los escritos de espiritualidad.  se dedica una atenci\u00f3n especial a la presencia del \u00f3rgano en el mundo rural y mon\u00e1stico.  el ap\u00e9ndice fonogr\u00e1fico consiste en un cd que contiene distintas obras organ\u00edsticas de autores Valencianos de aquella \u00e9poca, grabadas en diversos \u00f3rganos Valencianos, algunos de ellos construidos en el s. Xviii. El int\u00e9rprete es el propio autor de la tesis.<\/p>\n<p>&nbsp;<\/p>\n<h3>Datos acad\u00e9micos de la tesis doctoral \u00ab<strong>Organo e ilustraci\u00f3n Valenciana<\/strong>\u00ab<\/h3>\n<ul>\n<li><strong>T\u00edtulo de la tesis:<\/strong>\u00a0 Organo e ilustraci\u00f3n Valenciana <\/li>\n<li><strong>Autor:<\/strong>\u00a0 Vicent Ros Perez <\/li>\n<li><strong>Universidad:<\/strong>\u00a0 Universitat de val\u00e9ncia (estudi general)<\/li>\n<li><strong>Fecha de lectura de la tesis:<\/strong>\u00a0 02\/10\/2001<\/li>\n<\/ul>\n<p>&nbsp;<\/p>\n<h3>Direcci\u00f3n y tribunal<\/h3>\n<ul>\n<li><strong>Director de la tesis<\/strong>\n<ul>\n<li>Antonio Mestre Sanchis<\/li>\n<\/ul>\n<\/li>\n<li><strong>Tribunal<\/strong>\n<ul>\n<li>Presidente del tribunal: Francisco m. Gimeno blay <\/li>\n<li>ramon Almaz\u00e1n  hern\u00e1ndez (vocal)<\/li>\n<li>adalberto Mart\u00ednez solaesa (vocal)<\/li>\n<li>joaqu\u00edn Arnau amo (vocal)<\/li>\n<\/ul>\n<\/li>\n<\/ul>\n<p>&nbsp;<\/p>\n","protected":false},"excerpt":{"rendered":"<p>Tesis doctoral de Vicent Ros Perez El contenido de esta tesis doctoral se enmarca cronol\u00f3gicamente entre la subida al trono [&hellip;]<\/p>\n","protected":false},"author":1,"featured_media":0,"comment_status":"open","ping_status":"open","sticky":false,"template":"","format":"standard","meta":{"site-sidebar-layout":"default","site-content-layout":"","ast-site-content-layout":"","site-content-style":"default","site-sidebar-style":"default","ast-global-header-display":"","ast-banner-title-visibility":"","ast-main-header-display":"","ast-hfb-above-header-display":"","ast-hfb-below-header-display":"","ast-hfb-mobile-header-display":"","site-post-title":"","ast-breadcrumbs-content":"","ast-featured-img":"","footer-sml-layout":"","theme-transparent-header-meta":"","adv-header-id-meta":"","stick-header-meta":"","header-above-stick-meta":"","header-main-stick-meta":"","header-below-stick-meta":"","astra-migrate-meta-layouts":"default","ast-page-background-enabled":"default","ast-page-background-meta":{"desktop":{"background-color":"var(--ast-global-color-4)","background-image":"","background-repeat":"repeat","background-position":"center center","background-size":"auto","background-attachment":"scroll","background-type":"","background-media":"","overlay-type":"","overlay-color":"","overlay-gradient":""},"tablet":{"background-color":"","background-image":"","background-repeat":"repeat","background-position":"center center","background-size":"auto","background-attachment":"scroll","background-type":"","background-media":"","overlay-type":"","overlay-color":"","overlay-gradient":""},"mobile":{"background-color":"","background-image":"","background-repeat":"repeat","background-position":"center center","background-size":"auto","background-attachment":"scroll","background-type":"","background-media":"","overlay-type":"","overlay-color":"","overlay-gradient":""}},"ast-content-background-meta":{"desktop":{"background-color":"var(--ast-global-color-5)","background-image":"","background-repeat":"repeat","background-position":"center center","background-size":"auto","background-attachment":"scroll","background-type":"","background-media":"","overlay-type":"","overlay-color":"","overlay-gradient":""},"tablet":{"background-color":"var(--ast-global-color-5)","background-image":"","background-repeat":"repeat","background-position":"center center","background-size":"auto","background-attachment":"scroll","background-type":"","background-media":"","overlay-type":"","overlay-color":"","overlay-gradient":""},"mobile":{"background-color":"var(--ast-global-color-5)","background-image":"","background-repeat":"repeat","background-position":"center center","background-size":"auto","background-attachment":"scroll","background-type":"","background-media":"","overlay-type":"","overlay-color":"","overlay-gradient":""}},"footnotes":""},"categories":[1624,19889,104],"tags":[42682,3361,27010,16942,42681,42680],"class_list":["post-13113","post","type-post","status-publish","format-standard","hentry","category-ciencias-auxiliares-de-la-historia","category-heraldica","category-historia","tag-adalberto-Martinez-solaesa","tag-antonio-mestre-sanchis","tag-francisco-m-gimeno-blay","tag-joaquin-arnau-amo","tag-ramon-almazan-hernandez","tag-vicent-ros-perez"],"_links":{"self":[{"href":"https:\/\/www.deberes.net\/tesis\/wp-json\/wp\/v2\/posts\/13113","targetHints":{"allow":["GET"]}}],"collection":[{"href":"https:\/\/www.deberes.net\/tesis\/wp-json\/wp\/v2\/posts"}],"about":[{"href":"https:\/\/www.deberes.net\/tesis\/wp-json\/wp\/v2\/types\/post"}],"author":[{"embeddable":true,"href":"https:\/\/www.deberes.net\/tesis\/wp-json\/wp\/v2\/users\/1"}],"replies":[{"embeddable":true,"href":"https:\/\/www.deberes.net\/tesis\/wp-json\/wp\/v2\/comments?post=13113"}],"version-history":[{"count":0,"href":"https:\/\/www.deberes.net\/tesis\/wp-json\/wp\/v2\/posts\/13113\/revisions"}],"wp:attachment":[{"href":"https:\/\/www.deberes.net\/tesis\/wp-json\/wp\/v2\/media?parent=13113"}],"wp:term":[{"taxonomy":"category","embeddable":true,"href":"https:\/\/www.deberes.net\/tesis\/wp-json\/wp\/v2\/categories?post=13113"},{"taxonomy":"post_tag","embeddable":true,"href":"https:\/\/www.deberes.net\/tesis\/wp-json\/wp\/v2\/tags?post=13113"}],"curies":[{"name":"wp","href":"https:\/\/api.w.org\/{rel}","templated":true}]}}