{"id":131196,"date":"1996-01-01T00:00:00","date_gmt":"1996-01-01T00:00:00","guid":{"rendered":"https:\/\/www.deberes.net\/tesis\/sin-categoria\/la-dimension-sonora-del-medio-ambiente-interaccion-entre-sonido-e-imagen-en-la-valoracion-del-paisaje\/"},"modified":"1996-01-01T00:00:00","modified_gmt":"1996-01-01T00:00:00","slug":"la-dimension-sonora-del-medio-ambiente-interaccion-entre-sonido-e-imagen-en-la-valoracion-del-paisaje","status":"publish","type":"post","link":"https:\/\/www.deberes.net\/tesis\/ciencias-de-la-vida\/la-dimension-sonora-del-medio-ambiente-interaccion-entre-sonido-e-imagen-en-la-valoracion-del-paisaje\/","title":{"rendered":"La dimension sonora del medio ambiente. interaccion entre sonido e imagen en la valoracion del paisaje."},"content":{"rendered":"<h2>Tesis doctoral de <strong>  Carles Arribas Jos\u00e9 Luis <\/strong><\/h2>\n<p>Tras una revision teorica desde diversos campos del conocimiento (ecolog\u00eda, psicolog\u00eda, fisica&#8230;) De los principales aspectos que inciden en esta investigacion (estudios sobre preferencias paisajistas, interaccion hombre-medio, medio ambiente sonoro y percepcion sonora), con esta tesis se ha tratado de profundizar en el conocimiento de los mecanismos y causas que explican las reacciones subjetivas frente al medio ambiente sonoro prestando especial atencion a la interaccion entre sonido e imagen en la evaluacion del paisaje.  para obtener estos objetivos se ha dise\u00f1ado un procedimiento experimental basado en la presentacion conjunta de imagenes y sonidos para su evaluacion.  concretamente se han realizado tres estudios presentandose, en los dos primeros estudios, 32 combinaciones y en el tercero, 36. La muestra utilizada corresponde a poblacion infantil (11 y 12 a\u00f1os) en los dos primeros estudios y a poblacion universitaria en el tercero.<\/p>\n<p>&nbsp;<\/p>\n<h3>Datos acad\u00e9micos de la tesis doctoral \u00ab<strong>La dimension sonora del medio ambiente. interaccion entre sonido e imagen en la valoracion del paisaje.<\/strong>\u00ab<\/h3>\n<ul>\n<li><strong>T\u00edtulo de la tesis:<\/strong>\u00a0 La dimension sonora del medio ambiente. interaccion entre sonido e imagen en la valoracion del paisaje. <\/li>\n<li><strong>Autor:<\/strong>\u00a0  Carles Arribas Jos\u00e9 Luis <\/li>\n<li><strong>Universidad:<\/strong>\u00a0 Aut\u00f3noma de Madrid<\/li>\n<li><strong>Fecha de lectura de la tesis:<\/strong>\u00a0 01\/01\/1996<\/li>\n<\/ul>\n<p>&nbsp;<\/p>\n<h3>Direcci\u00f3n y tribunal<\/h3>\n<ul>\n<li><strong>Director de la tesis<\/strong>\n<ul>\n<li>Isabel Lopez Barrio<\/li>\n<\/ul>\n<\/li>\n<li><strong>Tribunal<\/strong>\n<ul>\n<li>Presidente del tribunal: Carlos Montes Del Olmo <\/li>\n<li> Gallego Juarez Juan  Antonio (vocal)<\/li>\n<li>Francisco D\u00edaz Pineda (vocal)<\/li>\n<li>Antonio Moreno Arranz (vocal)<\/li>\n<\/ul>\n<\/li>\n<\/ul>\n<p>&nbsp;<\/p>\n","protected":false},"excerpt":{"rendered":"<p>Tesis doctoral de Carles Arribas Jos\u00e9 Luis Tras una revision teorica desde diversos campos del conocimiento (ecolog\u00eda, psicolog\u00eda, fisica&#8230;) De [&hellip;]<\/p>\n","protected":false},"author":1,"featured_media":0,"comment_status":"open","ping_status":"open","sticky":false,"template":"","format":"standard","meta":{"site-sidebar-layout":"default","site-content-layout":"","ast-site-content-layout":"","site-content-style":"default","site-sidebar-style":"default","ast-global-header-display":"","ast-banner-title-visibility":"","ast-main-header-display":"","ast-hfb-above-header-display":"","ast-hfb-below-header-display":"","ast-hfb-mobile-header-display":"","site-post-title":"","ast-breadcrumbs-content":"","ast-featured-img":"","footer-sml-layout":"","theme-transparent-header-meta":"","adv-header-id-meta":"","stick-header-meta":"","header-above-stick-meta":"","header-main-stick-meta":"","header-below-stick-meta":"","astra-migrate-meta-layouts":"default","ast-page-background-enabled":"default","ast-page-background-meta":{"desktop":{"background-color":"var(--ast-global-color-4)","background-image":"","background-repeat":"repeat","background-position":"center center","background-size":"auto","background-attachment":"scroll","background-type":"","background-media":"","overlay-type":"","overlay-color":"","overlay-gradient":""},"tablet":{"background-color":"","background-image":"","background-repeat":"repeat","background-position":"center center","background-size":"auto","background-attachment":"scroll","background-type":"","background-media":"","overlay-type":"","overlay-color":"","overlay-gradient":""},"mobile":{"background-color":"","background-image":"","background-repeat":"repeat","background-position":"center center","background-size":"auto","background-attachment":"scroll","background-type":"","background-media":"","overlay-type":"","overlay-color":"","overlay-gradient":""}},"ast-content-background-meta":{"desktop":{"background-color":"var(--ast-global-color-5)","background-image":"","background-repeat":"repeat","background-position":"center center","background-size":"auto","background-attachment":"scroll","background-type":"","background-media":"","overlay-type":"","overlay-color":"","overlay-gradient":""},"tablet":{"background-color":"var(--ast-global-color-5)","background-image":"","background-repeat":"repeat","background-position":"center center","background-size":"auto","background-attachment":"scroll","background-type":"","background-media":"","overlay-type":"","overlay-color":"","overlay-gradient":""},"mobile":{"background-color":"var(--ast-global-color-5)","background-image":"","background-repeat":"repeat","background-position":"center center","background-size":"auto","background-attachment":"scroll","background-type":"","background-media":"","overlay-type":"","overlay-color":"","overlay-gradient":""}},"footnotes":""},"categories":[212,35,7486],"tags":[5194,244956,5858,8408,5192,28260],"class_list":["post-131196","post","type-post","status-publish","format-standard","hentry","category-biologia-humana","category-ciencias-de-la-vida","category-ecologia-humana","tag-antonio-moreno-arranz","tag-carles-arribas-jose-luis","tag-carlos-montes-del-olmo","tag-francisco-diaz-pineda","tag-gallego-juarez-juan-antonio","tag-isabel-lopez-barrio"],"_links":{"self":[{"href":"https:\/\/www.deberes.net\/tesis\/wp-json\/wp\/v2\/posts\/131196","targetHints":{"allow":["GET"]}}],"collection":[{"href":"https:\/\/www.deberes.net\/tesis\/wp-json\/wp\/v2\/posts"}],"about":[{"href":"https:\/\/www.deberes.net\/tesis\/wp-json\/wp\/v2\/types\/post"}],"author":[{"embeddable":true,"href":"https:\/\/www.deberes.net\/tesis\/wp-json\/wp\/v2\/users\/1"}],"replies":[{"embeddable":true,"href":"https:\/\/www.deberes.net\/tesis\/wp-json\/wp\/v2\/comments?post=131196"}],"version-history":[{"count":0,"href":"https:\/\/www.deberes.net\/tesis\/wp-json\/wp\/v2\/posts\/131196\/revisions"}],"wp:attachment":[{"href":"https:\/\/www.deberes.net\/tesis\/wp-json\/wp\/v2\/media?parent=131196"}],"wp:term":[{"taxonomy":"category","embeddable":true,"href":"https:\/\/www.deberes.net\/tesis\/wp-json\/wp\/v2\/categories?post=131196"},{"taxonomy":"post_tag","embeddable":true,"href":"https:\/\/www.deberes.net\/tesis\/wp-json\/wp\/v2\/tags?post=131196"}],"curies":[{"name":"wp","href":"https:\/\/api.w.org\/{rel}","templated":true}]}}