{"id":131441,"date":"1996-01-01T00:00:00","date_gmt":"1996-01-01T00:00:00","guid":{"rendered":"https:\/\/www.deberes.net\/tesis\/sin-categoria\/deficits-nutricionales-y-absorcion-intestinal-en-pacientes-con-infeccion-por-el-vih-aparentemente-bien-nutridos\/"},"modified":"1996-01-01T00:00:00","modified_gmt":"1996-01-01T00:00:00","slug":"deficits-nutricionales-y-absorcion-intestinal-en-pacientes-con-infeccion-por-el-vih-aparentemente-bien-nutridos","status":"publish","type":"post","link":"https:\/\/www.deberes.net\/tesis\/ciencias-medicas\/deficits-nutricionales-y-absorcion-intestinal-en-pacientes-con-infeccion-por-el-vih-aparentemente-bien-nutridos\/","title":{"rendered":"Deficits nutricionales y absorcion intestinal en pacientes con infeccion por el vih aparentemente bien nutridos."},"content":{"rendered":"<h2>Tesis doctoral de <strong> Patricia Weisz Friedman <\/strong><\/h2>\n<p>Los datos existentes en la literatura sugieren que en estadios muy iniciales de pacientes (ps) vih seropositivos y\/o afectos de sida, pueden aparecer carencias nutricionales y alteraciones de la absorcion intestinal. Pretendemos evaluar la existencia de deficiencias nutricionales asociadas en ps vih+ que aun no presentan malnutricion calorico-proteica, asi como detectar precozmente la presencia de malabsorcion intestinal, para definir un soporte nutricional especifico que mejore la evolucion clinica de este grupo que ps y establecer un seguimiento de 12 meses, que nos permita comparar ambos grupos (casos-controles).  pacientes y metodos: se ha realizado un estudio controlado, prospectivo y aleatorizado, constituido por 52 ps con infeccion por el vih, aparentemente bien nutridos, provenientes de la consulta vih de medicina interna. Los ps se han distribuidos en dos cohortes, segun fueran seguidos conjuntamente en la consulta de nutricion y de medicina interna (n = 34) o exclusivamente en esta ultima (n = 18). El estado nutricional se evaluo con parametros antropometricos, bioquimicos y determinacion del indice de pronostico nutricional (i.P.N). El analisis estadistico se realizo mediante el test de student, test de la x  y el coeficiente de correlacion \u00abr\u00bb de pearson. Los resultados se expresan como x+de y porcentaje. Resultados: al inicio del estudio, se detecto que a pesar del alto porcentaje de obesidad y aparente buen estado nutricional, aproximadamente el 20% de ps, presentaban una malnutricion calorico-proteica de grado leve. La valoracion nutricional se ha completado mediante la elaboracion de encuestas dieteticas, confirmandose la existencia de una ingesta calorica insuficiente, con bajo aporte de vitaminas y de algunos oligoelementos (hierro, magnesio y zinc). Al comparar los resultados obtenidos en situacion basal y al a\u00f1o de seguimiento, encontramos empeoramiento significativo del p.C.T, lo que constituye un indice in<\/p>\n<p>&nbsp;<\/p>\n<h3>Datos acad\u00e9micos de la tesis doctoral \u00ab<strong>Deficits nutricionales y absorcion intestinal en pacientes con infeccion por el vih aparentemente bien nutridos.<\/strong>\u00ab<\/h3>\n<ul>\n<li><strong>T\u00edtulo de la tesis:<\/strong>\u00a0 Deficits nutricionales y absorcion intestinal en pacientes con infeccion por el vih aparentemente bien nutridos. <\/li>\n<li><strong>Autor:<\/strong>\u00a0 Patricia Weisz Friedman <\/li>\n<li><strong>Universidad:<\/strong>\u00a0 Aut\u00f3noma de Madrid<\/li>\n<li><strong>Fecha de lectura de la tesis:<\/strong>\u00a0 01\/01\/1996<\/li>\n<\/ul>\n<p>&nbsp;<\/p>\n<h3>Direcci\u00f3n y tribunal<\/h3>\n<ul>\n<li><strong>Director de la tesis<\/strong>\n<ul>\n<li>Carmen Gomez Candela<\/li>\n<\/ul>\n<\/li>\n<li><strong>Tribunal<\/strong>\n<ul>\n<li>Presidente del tribunal: Arturo Fernandez Cruz <\/li>\n<li>Felipe Pallardo S\u00e1nchez (vocal)<\/li>\n<li>Jos\u00e9 Mar\u00eda Pe\u00f1a  Sanchez De Rivera (vocal)<\/li>\n<li>Ana Sastre Gallego (vocal)<\/li>\n<\/ul>\n<\/li>\n<\/ul>\n<p>&nbsp;<\/p>\n","protected":false},"excerpt":{"rendered":"<p>Tesis doctoral de Patricia Weisz Friedman Los datos existentes en la literatura sugieren que en estadios muy iniciales de pacientes [&hellip;]<\/p>\n","protected":false},"author":1,"featured_media":0,"comment_status":"open","ping_status":"open","sticky":false,"template":"","format":"standard","meta":{"site-sidebar-layout":"default","site-content-layout":"","ast-site-content-layout":"","site-content-style":"default","site-sidebar-style":"default","ast-global-header-display":"","ast-banner-title-visibility":"","ast-main-header-display":"","ast-hfb-above-header-display":"","ast-hfb-below-header-display":"","ast-hfb-mobile-header-display":"","site-post-title":"","ast-breadcrumbs-content":"","ast-featured-img":"","footer-sml-layout":"","theme-transparent-header-meta":"","adv-header-id-meta":"","stick-header-meta":"","header-above-stick-meta":"","header-main-stick-meta":"","header-below-stick-meta":"","astra-migrate-meta-layouts":"default","ast-page-background-enabled":"default","ast-page-background-meta":{"desktop":{"background-color":"var(--ast-global-color-4)","background-image":"","background-repeat":"repeat","background-position":"center center","background-size":"auto","background-attachment":"scroll","background-type":"","background-media":"","overlay-type":"","overlay-color":"","overlay-gradient":""},"tablet":{"background-color":"","background-image":"","background-repeat":"repeat","background-position":"center center","background-size":"auto","background-attachment":"scroll","background-type":"","background-media":"","overlay-type":"","overlay-color":"","overlay-gradient":""},"mobile":{"background-color":"","background-image":"","background-repeat":"repeat","background-position":"center center","background-size":"auto","background-attachment":"scroll","background-type":"","background-media":"","overlay-type":"","overlay-color":"","overlay-gradient":""}},"ast-content-background-meta":{"desktop":{"background-color":"var(--ast-global-color-5)","background-image":"","background-repeat":"repeat","background-position":"center center","background-size":"auto","background-attachment":"scroll","background-type":"","background-media":"","overlay-type":"","overlay-color":"","overlay-gradient":""},"tablet":{"background-color":"var(--ast-global-color-5)","background-image":"","background-repeat":"repeat","background-position":"center center","background-size":"auto","background-attachment":"scroll","background-type":"","background-media":"","overlay-type":"","overlay-color":"","overlay-gradient":""},"mobile":{"background-color":"var(--ast-global-color-5)","background-image":"","background-repeat":"repeat","background-position":"center center","background-size":"auto","background-attachment":"scroll","background-type":"","background-media":"","overlay-type":"","overlay-color":"","overlay-gradient":""}},"footnotes":""},"categories":[467,9,1176,156,2935],"tags":[18292,723,102189,21300,15497,245244],"class_list":["post-131441","post","type-post","status-publish","format-standard","hentry","category-ciencias-de-la-nutricion","category-ciencias-medicas","category-nutrientes","category-patologia","category-sindrome-de-inmunodeficiencia-adquirida","tag-ana-sastre-gallego","tag-arturo-fernandez-cruz","tag-carmen-gomez-candela","tag-felipe-pallardo-sanchez","tag-jose-maria-pena-sanchez-de-rivera","tag-patricia-weisz-friedman"],"_links":{"self":[{"href":"https:\/\/www.deberes.net\/tesis\/wp-json\/wp\/v2\/posts\/131441","targetHints":{"allow":["GET"]}}],"collection":[{"href":"https:\/\/www.deberes.net\/tesis\/wp-json\/wp\/v2\/posts"}],"about":[{"href":"https:\/\/www.deberes.net\/tesis\/wp-json\/wp\/v2\/types\/post"}],"author":[{"embeddable":true,"href":"https:\/\/www.deberes.net\/tesis\/wp-json\/wp\/v2\/users\/1"}],"replies":[{"embeddable":true,"href":"https:\/\/www.deberes.net\/tesis\/wp-json\/wp\/v2\/comments?post=131441"}],"version-history":[{"count":0,"href":"https:\/\/www.deberes.net\/tesis\/wp-json\/wp\/v2\/posts\/131441\/revisions"}],"wp:attachment":[{"href":"https:\/\/www.deberes.net\/tesis\/wp-json\/wp\/v2\/media?parent=131441"}],"wp:term":[{"taxonomy":"category","embeddable":true,"href":"https:\/\/www.deberes.net\/tesis\/wp-json\/wp\/v2\/categories?post=131441"},{"taxonomy":"post_tag","embeddable":true,"href":"https:\/\/www.deberes.net\/tesis\/wp-json\/wp\/v2\/tags?post=131441"}],"curies":[{"name":"wp","href":"https:\/\/api.w.org\/{rel}","templated":true}]}}