{"id":13157,"date":"2001-05-10T00:00:00","date_gmt":"2001-05-10T00:00:00","guid":{"rendered":"https:\/\/www.deberes.net\/tesis\/sin-categoria\/bases-teorico-metodologicas-para-la-ordenacion-territorial-de-reservas-de-biosfera-en-funcion-de-un-turismo-sostenible-estudio-de-caso-pena%c2%adnsula-de-guanahacabibes-republica-de-cuba\/"},"modified":"2001-05-10T00:00:00","modified_gmt":"2001-05-10T00:00:00","slug":"bases-teorico-metodologicas-para-la-ordenacion-territorial-de-reservas-de-biosfera-en-funcion-de-un-turismo-sostenible-estudio-de-caso-pena%c2%adnsula-de-guanahacabibes-republica-de-cuba","status":"publish","type":"post","link":"https:\/\/www.deberes.net\/tesis\/geografia\/bases-teorico-metodologicas-para-la-ordenacion-territorial-de-reservas-de-biosfera-en-funcion-de-un-turismo-sostenible-estudio-de-caso-pena%c2%adnsula-de-guanahacabibes-republica-de-cuba\/","title":{"rendered":"Bases te\u00f3rico-metodol\u00f3gicas para la ordenaci\u00f3n territorial de reservas de biosfera en funci\u00f3n de un turismo sostenible. estudio de caso: pen\u00ednsula de guanahacabibes, rep\u00fablica de cuba"},"content":{"rendered":"<h2>Tesis doctoral de <strong>  Iaula Botet Jos\u00e9 Alberto <\/strong><\/h2>\n<p>Se presenta una nueva propuesta te\u00f3rico-metodol\u00f3gica alternativa para proceder a la ordenaci\u00f3n territorial de reservas de biosfera, denominadas por el programa \u00abel hombre y la biosfera\u00bb (mab) de la unesco, con el prop\u00f3sito de insertar a\u00fan m\u00e1s estos territorios dentro de los tenores a que invita el nuevo pradigma de la sostenibilidad, de tal manera se propugna la inserci\u00f3n predominante de estas figuras en un desarrollo tur\u00edstico sostenible, que sin hacer dejaci\u00f3n de otras dis\u00edmiles pr\u00e1cticas socioecon\u00f3micas enmarcadas en los preceptos del desarrollo sostenible, tribute sustantivamente en la sensibilizaci\u00f3n ambiental de las poblaciones locales y de los visitantes, en busca del necesario cambio glboal en la educaci\u00f3n y la \u00e9tica ambiental que precisa la humanidad.  la propuesta intenta ofrecer una armon\u00eda conceptual, te\u00f3rica y pr\u00e1ctica entre la red mundial de reservas de biosfera del programa mab y la lista mundial de \u00e1reas protegidas, regido est\u00e1 \u00faltima por la comisi\u00f3n de parques nacionales y \u00e1reas protegidas (cnppa) de la uni\u00f3n mundial para la naturaleza (uicn). A los efectos de mostrar la validaci\u00f3n de su aporte te\u00f3rico y metodol\u00f3gico, se apela al estudio de caso realizado en la reserva de biosfera \u00abpen\u00ednsula de guanahacabibes\u00bb, localizada en la provincia de pinar del r\u00edo, en la rep\u00fablica de cuba.<\/p>\n<p>&nbsp;<\/p>\n<h3>Datos acad\u00e9micos de la tesis doctoral \u00ab<strong>Bases te\u00f3rico-metodol\u00f3gicas para la ordenaci\u00f3n territorial de reservas de biosfera en funci\u00f3n de un turismo sostenible. estudio de caso: pen\u00ednsula de guanahacabibes, rep\u00fablica de cuba<\/strong>\u00ab<\/h3>\n<ul>\n<li><strong>T\u00edtulo de la tesis:<\/strong>\u00a0 Bases te\u00f3rico-metodol\u00f3gicas para la ordenaci\u00f3n territorial de reservas de biosfera en funci\u00f3n de un turismo sostenible. estudio de caso: pen\u00ednsula de guanahacabibes, rep\u00fablica de cuba <\/li>\n<li><strong>Autor:<\/strong>\u00a0  Iaula Botet Jos\u00e9 Alberto <\/li>\n<li><strong>Universidad:<\/strong>\u00a0 Alicante<\/li>\n<li><strong>Fecha de lectura de la tesis:<\/strong>\u00a0 05\/10\/2001<\/li>\n<\/ul>\n<p>&nbsp;<\/p>\n<h3>Direcci\u00f3n y tribunal<\/h3>\n<ul>\n<li><strong>Director de la tesis<\/strong>\n<ul>\n<li>Jos\u00e9 Fernando Vera Rebollo<\/li>\n<\/ul>\n<\/li>\n<li><strong>Tribunal<\/strong>\n<ul>\n<li>Presidente del tribunal: Juan  manuel Suarez japon <\/li>\n<li>Mar\u00eda Herrera \u00e1lvarez (vocal)<\/li>\n<li>armando Urquiola cruz (vocal)<\/li>\n<li>Francisco Torres alfonsea (vocal)<\/li>\n<\/ul>\n<\/li>\n<\/ul>\n<p>&nbsp;<\/p>\n","protected":false},"excerpt":{"rendered":"<p>Tesis doctoral de Iaula Botet Jos\u00e9 Alberto Se presenta una nueva propuesta te\u00f3rico-metodol\u00f3gica alternativa para proceder a la ordenaci\u00f3n territorial [&hellip;]<\/p>\n","protected":false},"author":1,"featured_media":0,"comment_status":"open","ping_status":"open","sticky":false,"template":"","format":"standard","meta":{"site-sidebar-layout":"default","site-content-layout":"","ast-site-content-layout":"","site-content-style":"default","site-sidebar-style":"default","ast-global-header-display":"","ast-banner-title-visibility":"","ast-main-header-display":"","ast-hfb-above-header-display":"","ast-hfb-below-header-display":"","ast-hfb-mobile-header-display":"","site-post-title":"","ast-breadcrumbs-content":"","ast-featured-img":"","footer-sml-layout":"","theme-transparent-header-meta":"","adv-header-id-meta":"","stick-header-meta":"","header-above-stick-meta":"","header-main-stick-meta":"","header-below-stick-meta":"","astra-migrate-meta-layouts":"default","ast-page-background-enabled":"default","ast-page-background-meta":{"desktop":{"background-color":"var(--ast-global-color-4)","background-image":"","background-repeat":"repeat","background-position":"center center","background-size":"auto","background-attachment":"scroll","background-type":"","background-media":"","overlay-type":"","overlay-color":"","overlay-gradient":""},"tablet":{"background-color":"","background-image":"","background-repeat":"repeat","background-position":"center center","background-size":"auto","background-attachment":"scroll","background-type":"","background-media":"","overlay-type":"","overlay-color":"","overlay-gradient":""},"mobile":{"background-color":"","background-image":"","background-repeat":"repeat","background-position":"center center","background-size":"auto","background-attachment":"scroll","background-type":"","background-media":"","overlay-type":"","overlay-color":"","overlay-gradient":""}},"ast-content-background-meta":{"desktop":{"background-color":"var(--ast-global-color-5)","background-image":"","background-repeat":"repeat","background-position":"center center","background-size":"auto","background-attachment":"scroll","background-type":"","background-media":"","overlay-type":"","overlay-color":"","overlay-gradient":""},"tablet":{"background-color":"var(--ast-global-color-5)","background-image":"","background-repeat":"repeat","background-position":"center center","background-size":"auto","background-attachment":"scroll","background-type":"","background-media":"","overlay-type":"","overlay-color":"","overlay-gradient":""},"mobile":{"background-color":"var(--ast-global-color-5)","background-image":"","background-repeat":"repeat","background-position":"center center","background-size":"auto","background-attachment":"scroll","background-type":"","background-media":"","overlay-type":"","overlay-color":"","overlay-gradient":""}},"footnotes":""},"categories":[19166,28970,1399,3091],"tags":[42814,42815,42812,22527,20817,42813],"class_list":["post-13157","post","type-post","status-publish","format-standard","hentry","category-alicante","category-distribucion-de-recursos-naturales","category-geografia","category-geografia-economica","tag-armando-urquiola-cruz","tag-francisco-torres-alfonsea","tag-iaula-botet-jose-alberto","tag-jose-fernando-vera-rebollo","tag-juan-manuel-suarez-japon","tag-maria-herrera-alvarez"],"_links":{"self":[{"href":"https:\/\/www.deberes.net\/tesis\/wp-json\/wp\/v2\/posts\/13157","targetHints":{"allow":["GET"]}}],"collection":[{"href":"https:\/\/www.deberes.net\/tesis\/wp-json\/wp\/v2\/posts"}],"about":[{"href":"https:\/\/www.deberes.net\/tesis\/wp-json\/wp\/v2\/types\/post"}],"author":[{"embeddable":true,"href":"https:\/\/www.deberes.net\/tesis\/wp-json\/wp\/v2\/users\/1"}],"replies":[{"embeddable":true,"href":"https:\/\/www.deberes.net\/tesis\/wp-json\/wp\/v2\/comments?post=13157"}],"version-history":[{"count":0,"href":"https:\/\/www.deberes.net\/tesis\/wp-json\/wp\/v2\/posts\/13157\/revisions"}],"wp:attachment":[{"href":"https:\/\/www.deberes.net\/tesis\/wp-json\/wp\/v2\/media?parent=13157"}],"wp:term":[{"taxonomy":"category","embeddable":true,"href":"https:\/\/www.deberes.net\/tesis\/wp-json\/wp\/v2\/categories?post=13157"},{"taxonomy":"post_tag","embeddable":true,"href":"https:\/\/www.deberes.net\/tesis\/wp-json\/wp\/v2\/tags?post=13157"}],"curies":[{"name":"wp","href":"https:\/\/api.w.org\/{rel}","templated":true}]}}