{"id":131627,"date":"1996-01-01T00:00:00","date_gmt":"1996-01-01T00:00:00","guid":{"rendered":"https:\/\/www.deberes.net\/tesis\/sin-categoria\/la-casa-un-sueno-de-habitar-en-el-espacio-moderno-un-proyecto-inacabado\/"},"modified":"1996-01-01T00:00:00","modified_gmt":"1996-01-01T00:00:00","slug":"la-casa-un-sueno-de-habitar-en-el-espacio-moderno-un-proyecto-inacabado","status":"publish","type":"post","link":"https:\/\/www.deberes.net\/tesis\/ciencias-de-las-artes-y-las-letras\/la-casa-un-sueno-de-habitar-en-el-espacio-moderno-un-proyecto-inacabado\/","title":{"rendered":"La casa, un sue\u00f1o de habitar en el espacio moderno, un proyecto inacabado."},"content":{"rendered":"<h2>Tesis doctoral de <strong> Blanca Lleo Fernandez <\/strong><\/h2>\n<p>La casa como espacio vital indisolublemente asociado al sue\u00f1o de habitar del hombre, es el objeto de esta tesis; el proyecto moderno como proyecto inacabado, la idea que subyace en el analisis. En un recorrido como suma de fragmentos, se analiza la casa soane a la luz de la obra de w. Benjamin como \u00abinterieur\u00bb que se resiste ante la modernidad amenazante; se recoge de la glass room de mies y las villas parisinas de los 20, un nuevo sue\u00f1o de habitar; se explica la explosion del proyecto moderno a traves de las casas autobiograficas de los arquitectos; se compara la postura critica de matta-clark y venturi en la casa suburbial de los 70 y finalmente se examinan las propuestas utopicas y futuristicas de fuller, archigram y los smithsom para avanzar una vision del presente, concluyendo acerca de la importancia capital de los procesos contemporaneos de comunicacion como transformadores esenciales de la casa y potenciales continuadores del ideario moderno.<\/p>\n<p>&nbsp;<\/p>\n<h3>Datos acad\u00e9micos de la tesis doctoral \u00ab<strong>La casa, un sue\u00f1o de habitar en el espacio moderno, un proyecto inacabado.<\/strong>\u00ab<\/h3>\n<ul>\n<li><strong>T\u00edtulo de la tesis:<\/strong>\u00a0 La casa, un sue\u00f1o de habitar en el espacio moderno, un proyecto inacabado. <\/li>\n<li><strong>Autor:<\/strong>\u00a0 Blanca Lleo Fernandez <\/li>\n<li><strong>Universidad:<\/strong>\u00a0 Polit\u00e9cnica de Madrid<\/li>\n<li><strong>Fecha de lectura de la tesis:<\/strong>\u00a0 01\/01\/1996<\/li>\n<\/ul>\n<p>&nbsp;<\/p>\n<h3>Direcci\u00f3n y tribunal<\/h3>\n<ul>\n<li><strong>Director de la tesis<\/strong>\n<ul>\n<li> Saenz De Oiza Francisco Javier<\/li>\n<\/ul>\n<\/li>\n<li><strong>Tribunal<\/strong>\n<ul>\n<li>Presidente del tribunal: Gabriel Ruiz Cabrero <\/li>\n<li>Victor Perez Escolano (vocal)<\/li>\n<li>Elias Torres Tur (vocal)<\/li>\n<li>C\u00e9sar Portela Fern\u00e1ndez-jard\u00f3n (vocal)<\/li>\n<\/ul>\n<\/li>\n<\/ul>\n<p>&nbsp;<\/p>\n","protected":false},"excerpt":{"rendered":"<p>Tesis doctoral de Blanca Lleo Fernandez La casa como espacio vital indisolublemente asociado al sue\u00f1o de habitar del hombre, es [&hellip;]<\/p>\n","protected":false},"author":1,"featured_media":0,"comment_status":"open","ping_status":"open","sticky":false,"template":"","format":"standard","meta":{"site-sidebar-layout":"default","site-content-layout":"","ast-site-content-layout":"","site-content-style":"default","site-sidebar-style":"default","ast-global-header-display":"","ast-banner-title-visibility":"","ast-main-header-display":"","ast-hfb-above-header-display":"","ast-hfb-below-header-display":"","ast-hfb-mobile-header-display":"","site-post-title":"","ast-breadcrumbs-content":"","ast-featured-img":"","footer-sml-layout":"","theme-transparent-header-meta":"","adv-header-id-meta":"","stick-header-meta":"","header-above-stick-meta":"","header-main-stick-meta":"","header-below-stick-meta":"","astra-migrate-meta-layouts":"default","ast-page-background-enabled":"default","ast-page-background-meta":{"desktop":{"background-color":"var(--ast-global-color-4)","background-image":"","background-repeat":"repeat","background-position":"center center","background-size":"auto","background-attachment":"scroll","background-type":"","background-media":"","overlay-type":"","overlay-color":"","overlay-gradient":""},"tablet":{"background-color":"","background-image":"","background-repeat":"repeat","background-position":"center center","background-size":"auto","background-attachment":"scroll","background-type":"","background-media":"","overlay-type":"","overlay-color":"","overlay-gradient":""},"mobile":{"background-color":"","background-image":"","background-repeat":"repeat","background-position":"center center","background-size":"auto","background-attachment":"scroll","background-type":"","background-media":"","overlay-type":"","overlay-color":"","overlay-gradient":""}},"ast-content-background-meta":{"desktop":{"background-color":"var(--ast-global-color-5)","background-image":"","background-repeat":"repeat","background-position":"center center","background-size":"auto","background-attachment":"scroll","background-type":"","background-media":"","overlay-type":"","overlay-color":"","overlay-gradient":""},"tablet":{"background-color":"var(--ast-global-color-5)","background-image":"","background-repeat":"repeat","background-position":"center center","background-size":"auto","background-attachment":"scroll","background-type":"","background-media":"","overlay-type":"","overlay-color":"","overlay-gradient":""},"mobile":{"background-color":"var(--ast-global-color-5)","background-image":"","background-repeat":"repeat","background-position":"center center","background-size":"auto","background-attachment":"scroll","background-type":"","background-media":"","overlay-type":"","overlay-color":"","overlay-gradient":""}},"footnotes":""},"categories":[4509,147,332,12564,16008,4306,15799],"tags":[66657,80074,15955,37417,30619,11230],"class_list":["post-131627","post","type-post","status-publish","format-standard","hentry","category-arquitectura","category-ciencias-de-las-artes-y-las-letras","category-ciencias-tecnologicas","category-diseno-arquitectonico","category-politecnica-de-madrid","category-tecnologia-de-la-construccion","category-viviendas","tag-blanca-lleo-fernandez","tag-cesar-portela-fernandez-jardon","tag-elias-torres-tur","tag-gabriel-ruiz-cabrero","tag-saenz-de-oiza-francisco-javier","tag-victor-perez-escolano"],"_links":{"self":[{"href":"https:\/\/www.deberes.net\/tesis\/wp-json\/wp\/v2\/posts\/131627","targetHints":{"allow":["GET"]}}],"collection":[{"href":"https:\/\/www.deberes.net\/tesis\/wp-json\/wp\/v2\/posts"}],"about":[{"href":"https:\/\/www.deberes.net\/tesis\/wp-json\/wp\/v2\/types\/post"}],"author":[{"embeddable":true,"href":"https:\/\/www.deberes.net\/tesis\/wp-json\/wp\/v2\/users\/1"}],"replies":[{"embeddable":true,"href":"https:\/\/www.deberes.net\/tesis\/wp-json\/wp\/v2\/comments?post=131627"}],"version-history":[{"count":0,"href":"https:\/\/www.deberes.net\/tesis\/wp-json\/wp\/v2\/posts\/131627\/revisions"}],"wp:attachment":[{"href":"https:\/\/www.deberes.net\/tesis\/wp-json\/wp\/v2\/media?parent=131627"}],"wp:term":[{"taxonomy":"category","embeddable":true,"href":"https:\/\/www.deberes.net\/tesis\/wp-json\/wp\/v2\/categories?post=131627"},{"taxonomy":"post_tag","embeddable":true,"href":"https:\/\/www.deberes.net\/tesis\/wp-json\/wp\/v2\/tags?post=131627"}],"curies":[{"name":"wp","href":"https:\/\/api.w.org\/{rel}","templated":true}]}}