{"id":13188,"date":"2001-06-10T00:00:00","date_gmt":"2001-06-10T00:00:00","guid":{"rendered":"https:\/\/www.deberes.net\/tesis\/sin-categoria\/infancia-y-sociedad-en-la-extremadura-del-antiguo-regimen\/"},"modified":"2001-06-10T00:00:00","modified_gmt":"2001-06-10T00:00:00","slug":"infancia-y-sociedad-en-la-extremadura-del-antiguo-regimen","status":"publish","type":"post","link":"https:\/\/www.deberes.net\/tesis\/historia\/infancia-y-sociedad-en-la-extremadura-del-antiguo-regimen\/","title":{"rendered":"Infancia y sociedad en la extremadura  del antiguo regimen"},"content":{"rendered":"<h2>Tesis doctoral de <strong> Gema Gava L\u00f3pez <\/strong><\/h2>\n<p>A partir de la explotaci\u00f3n de una diversa muestra de fuentes &#8212; e impresas, el trabajo pretende examinar las variaciones experimentadas, en t\u00e9rminos generales y en el transcurso de los siglos que comprende el periodo moderno, en el discurso que doble la infancia se elabora desde diferentes \u00e1mbitos -eclesiastico, intelectual o pol\u00edtico- al objeto de &#8212; una aproximaci\u00f3n al concepto, significado social y estima concedida al menor en el contexto de los diferentes corrientes ideol\u00f3gicos que se suceden a lo largo del antiguo reg\u00edmen. Adem\u00e1s de ello, se ensaza un examen de las condiciones de vida en las que se desenvuelve la infancia en el marco geogr\u00e1fico, social y &#8211;concreto del &#8212; extreme\u00f1o, con la finalidad de evaluar en el plano de la realidad la imagen colectiva, asi como el grado de estima y sensibilidad dirigida a este elemento social, desde el orden institucional y pr\u00e1ctica cotidiana en extremadura.<\/p>\n<p>&nbsp;<\/p>\n<h3>Datos acad\u00e9micos de la tesis doctoral \u00ab<strong>Infancia y sociedad en la extremadura  del antiguo regimen<\/strong>\u00ab<\/h3>\n<ul>\n<li><strong>T\u00edtulo de la tesis:<\/strong>\u00a0 Infancia y sociedad en la extremadura  del antiguo regimen <\/li>\n<li><strong>Autor:<\/strong>\u00a0 Gema Gava L\u00f3pez <\/li>\n<li><strong>Universidad:<\/strong>\u00a0 Extremadura<\/li>\n<li><strong>Fecha de lectura de la tesis:<\/strong>\u00a0 06\/10\/2001<\/li>\n<\/ul>\n<p>&nbsp;<\/p>\n<h3>Direcci\u00f3n y tribunal<\/h3>\n<ul>\n<li><strong>Director de la tesis<\/strong>\n<ul>\n<li>Miguel Rodr\u00edguez<\/li>\n<\/ul>\n<\/li>\n<li><strong>Tribunal<\/strong>\n<ul>\n<li>Presidente del tribunal: ricardo Garc\u00eda carcel <\/li>\n<li>Alberto Marcos mart\u00edn (vocal)<\/li>\n<li>isabel Teston nu\u00f1ez (vocal)<\/li>\n<li> De la pascua s\u00e1nchez M\u00aa Jos\u00e9 (vocal)<\/li>\n<\/ul>\n<\/li>\n<\/ul>\n<p>&nbsp;<\/p>\n","protected":false},"excerpt":{"rendered":"<p>Tesis doctoral de Gema Gava L\u00f3pez A partir de la explotaci\u00f3n de una diversa muestra de fuentes &#8212; e impresas, [&hellip;]<\/p>\n","protected":false},"author":1,"featured_media":0,"comment_status":"open","ping_status":"open","sticky":false,"template":"","format":"standard","meta":{"site-sidebar-layout":"default","site-content-layout":"","ast-site-content-layout":"","site-content-style":"default","site-sidebar-style":"default","ast-global-header-display":"","ast-banner-title-visibility":"","ast-main-header-display":"","ast-hfb-above-header-display":"","ast-hfb-below-header-display":"","ast-hfb-mobile-header-display":"","site-post-title":"","ast-breadcrumbs-content":"","ast-featured-img":"","footer-sml-layout":"","theme-transparent-header-meta":"","adv-header-id-meta":"","stick-header-meta":"","header-above-stick-meta":"","header-main-stick-meta":"","header-below-stick-meta":"","astra-migrate-meta-layouts":"default","ast-page-background-enabled":"default","ast-page-background-meta":{"desktop":{"background-color":"var(--ast-global-color-4)","background-image":"","background-repeat":"repeat","background-position":"center center","background-size":"auto","background-attachment":"scroll","background-type":"","background-media":"","overlay-type":"","overlay-color":"","overlay-gradient":""},"tablet":{"background-color":"","background-image":"","background-repeat":"repeat","background-position":"center center","background-size":"auto","background-attachment":"scroll","background-type":"","background-media":"","overlay-type":"","overlay-color":"","overlay-gradient":""},"mobile":{"background-color":"","background-image":"","background-repeat":"repeat","background-position":"center center","background-size":"auto","background-attachment":"scroll","background-type":"","background-media":"","overlay-type":"","overlay-color":"","overlay-gradient":""}},"ast-content-background-meta":{"desktop":{"background-color":"var(--ast-global-color-5)","background-image":"","background-repeat":"repeat","background-position":"center center","background-size":"auto","background-attachment":"scroll","background-type":"","background-media":"","overlay-type":"","overlay-color":"","overlay-gradient":""},"tablet":{"background-color":"var(--ast-global-color-5)","background-image":"","background-repeat":"repeat","background-position":"center center","background-size":"auto","background-attachment":"scroll","background-type":"","background-media":"","overlay-type":"","overlay-color":"","overlay-gradient":""},"mobile":{"background-color":"var(--ast-global-color-5)","background-image":"","background-repeat":"repeat","background-position":"center center","background-size":"auto","background-attachment":"scroll","background-type":"","background-media":"","overlay-type":"","overlay-color":"","overlay-gradient":""}},"footnotes":""},"categories":[949,104,989,220],"tags":[12525,42900,42897,42899,42898,13829],"class_list":["post-13188","post","type-post","status-publish","format-standard","hentry","category-extremadura","category-historia","category-historia-moderna","category-historia-por-epocas","tag-alberto-marcos-martin","tag-de-la-pascua-sanchez-ma-jose","tag-gema-gava-lopez","tag-isabel-teston-nunez","tag-miguel-rodriguez","tag-ricardo-garcia-carcel"],"_links":{"self":[{"href":"https:\/\/www.deberes.net\/tesis\/wp-json\/wp\/v2\/posts\/13188","targetHints":{"allow":["GET"]}}],"collection":[{"href":"https:\/\/www.deberes.net\/tesis\/wp-json\/wp\/v2\/posts"}],"about":[{"href":"https:\/\/www.deberes.net\/tesis\/wp-json\/wp\/v2\/types\/post"}],"author":[{"embeddable":true,"href":"https:\/\/www.deberes.net\/tesis\/wp-json\/wp\/v2\/users\/1"}],"replies":[{"embeddable":true,"href":"https:\/\/www.deberes.net\/tesis\/wp-json\/wp\/v2\/comments?post=13188"}],"version-history":[{"count":0,"href":"https:\/\/www.deberes.net\/tesis\/wp-json\/wp\/v2\/posts\/13188\/revisions"}],"wp:attachment":[{"href":"https:\/\/www.deberes.net\/tesis\/wp-json\/wp\/v2\/media?parent=13188"}],"wp:term":[{"taxonomy":"category","embeddable":true,"href":"https:\/\/www.deberes.net\/tesis\/wp-json\/wp\/v2\/categories?post=13188"},{"taxonomy":"post_tag","embeddable":true,"href":"https:\/\/www.deberes.net\/tesis\/wp-json\/wp\/v2\/tags?post=13188"}],"curies":[{"name":"wp","href":"https:\/\/api.w.org\/{rel}","templated":true}]}}