{"id":131937,"date":"1996-01-01T00:00:00","date_gmt":"1996-01-01T00:00:00","guid":{"rendered":"https:\/\/www.deberes.net\/tesis\/sin-categoria\/el-derecho-fundamental-a-la-prueba-en-la-constitucion-espanola-de-1978-y-su-proyeccion-en-el-proceso\/"},"modified":"1996-01-01T00:00:00","modified_gmt":"1996-01-01T00:00:00","slug":"el-derecho-fundamental-a-la-prueba-en-la-constitucion-espanola-de-1978-y-su-proyeccion-en-el-proceso","status":"publish","type":"post","link":"https:\/\/www.deberes.net\/tesis\/ciencias-juridicas-y-derecho\/el-derecho-fundamental-a-la-prueba-en-la-constitucion-espanola-de-1978-y-su-proyeccion-en-el-proceso\/","title":{"rendered":"El derecho fundamental a la prueba en la constitucion espa\u00f1ola de 1978 y su proyeccion en el proceso."},"content":{"rendered":"<h2>Tesis doctoral de <strong>  Sanchez Carrion Joaquin Luis <\/strong><\/h2>\n<p>La tesis, construida con metodo juridico, recoge la jurisprudencia constitucional sobre el derecho a la prueba para extraer la materia del ambito del derecho procesal y darle un tratamiento de derecho constitucional. Parte del analisis de la conveniencia de la inclusion del tema en la constitucion y del examen de los antecedentes historicos y la tramitacion parlamentaria del articulo 24 de la constitucion, asi como acuerdos internacionales y constituciones extranjeras. Pasa a examinar el concepto y naturaleza del derecho fundamental a la prueba, su posicion en el sistema de la constitucion espa\u00f1ola, los elementos estructurales comunes a las distintas modalidades y, posteriormente las modalidades concretas. Sigue el examen de los instrumentos de proteccion juridico-constitucional del derecho fundamental a la prueba.<\/p>\n<p>&nbsp;<\/p>\n<h3>Datos acad\u00e9micos de la tesis doctoral \u00ab<strong>El derecho fundamental a la prueba en la constitucion espa\u00f1ola de 1978 y su proyeccion en el proceso.<\/strong>\u00ab<\/h3>\n<ul>\n<li><strong>T\u00edtulo de la tesis:<\/strong>\u00a0 El derecho fundamental a la prueba en la constitucion espa\u00f1ola de 1978 y su proyeccion en el proceso. <\/li>\n<li><strong>Autor:<\/strong>\u00a0  Sanchez Carrion Joaquin Luis <\/li>\n<li><strong>Universidad:<\/strong>\u00a0 Nacional de educaci\u00f3n a distancia<\/li>\n<li><strong>Fecha de lectura de la tesis:<\/strong>\u00a0 01\/01\/1996<\/li>\n<\/ul>\n<p>&nbsp;<\/p>\n<h3>Direcci\u00f3n y tribunal<\/h3>\n<ul>\n<li><strong>Director de la tesis<\/strong>\n<ul>\n<li>Antonio Torres Del Moral<\/li>\n<\/ul>\n<\/li>\n<li><strong>Tribunal<\/strong>\n<ul>\n<li>Presidente del tribunal: Oscar Alzaga Villaamil <\/li>\n<li> Alonso De Antonio  Jos\u00e9 Antonio (vocal)<\/li>\n<li>Manuel Gallego Morell (vocal)<\/li>\n<li>Fernando Luis Ib\u00e1\u00f1ez L\u00f3pez-pozas (vocal)<\/li>\n<\/ul>\n<\/li>\n<\/ul>\n<p>&nbsp;<\/p>\n","protected":false},"excerpt":{"rendered":"<p>Tesis doctoral de Sanchez Carrion Joaquin Luis La tesis, construida con metodo juridico, recoge la jurisprudencia constitucional sobre el derecho [&hellip;]<\/p>\n","protected":false},"author":1,"featured_media":0,"comment_status":"open","ping_status":"open","sticky":false,"template":"","format":"standard","meta":{"site-sidebar-layout":"default","site-content-layout":"","ast-site-content-layout":"","site-content-style":"default","site-sidebar-style":"default","ast-global-header-display":"","ast-banner-title-visibility":"","ast-main-header-display":"","ast-hfb-above-header-display":"","ast-hfb-below-header-display":"","ast-hfb-mobile-header-display":"","site-post-title":"","ast-breadcrumbs-content":"","ast-featured-img":"","footer-sml-layout":"","theme-transparent-header-meta":"","adv-header-id-meta":"","stick-header-meta":"","header-above-stick-meta":"","header-main-stick-meta":"","header-below-stick-meta":"","astra-migrate-meta-layouts":"default","ast-page-background-enabled":"default","ast-page-background-meta":{"desktop":{"background-color":"var(--ast-global-color-4)","background-image":"","background-repeat":"repeat","background-position":"center center","background-size":"auto","background-attachment":"scroll","background-type":"","background-media":"","overlay-type":"","overlay-color":"","overlay-gradient":""},"tablet":{"background-color":"","background-image":"","background-repeat":"repeat","background-position":"center center","background-size":"auto","background-attachment":"scroll","background-type":"","background-media":"","overlay-type":"","overlay-color":"","overlay-gradient":""},"mobile":{"background-color":"","background-image":"","background-repeat":"repeat","background-position":"center center","background-size":"auto","background-attachment":"scroll","background-type":"","background-media":"","overlay-type":"","overlay-color":"","overlay-gradient":""}},"ast-content-background-meta":{"desktop":{"background-color":"var(--ast-global-color-5)","background-image":"","background-repeat":"repeat","background-position":"center center","background-size":"auto","background-attachment":"scroll","background-type":"","background-media":"","overlay-type":"","overlay-color":"","overlay-gradient":""},"tablet":{"background-color":"var(--ast-global-color-5)","background-image":"","background-repeat":"repeat","background-position":"center center","background-size":"auto","background-attachment":"scroll","background-type":"","background-media":"","overlay-type":"","overlay-color":"","overlay-gradient":""},"mobile":{"background-color":"var(--ast-global-color-5)","background-image":"","background-repeat":"repeat","background-position":"center center","background-size":"auto","background-attachment":"scroll","background-type":"","background-media":"","overlay-type":"","overlay-color":"","overlay-gradient":""}},"footnotes":""},"categories":[612,1450,3620,979,17070,3621],"tags":[7160,4689,150247,17240,34893,245742],"class_list":["post-131937","post","type-post","status-publish","format-standard","hentry","category-ciencias-juridicas-y-derecho","category-derecho-constitucional","category-derecho-procesal","category-derecho-y-legislacion-nacionales","category-nacional-de-educacion-a-distancia","category-organizacion-juridica","tag-alonso-de-antonio-jose-antonio","tag-antonio-torres-del-moral","tag-fernando-luis-ibanez-lopez-pozas","tag-manuel-gallego-morell","tag-oscar-alzaga-villaamil","tag-sanchez-carrion-joaquin-luis"],"_links":{"self":[{"href":"https:\/\/www.deberes.net\/tesis\/wp-json\/wp\/v2\/posts\/131937","targetHints":{"allow":["GET"]}}],"collection":[{"href":"https:\/\/www.deberes.net\/tesis\/wp-json\/wp\/v2\/posts"}],"about":[{"href":"https:\/\/www.deberes.net\/tesis\/wp-json\/wp\/v2\/types\/post"}],"author":[{"embeddable":true,"href":"https:\/\/www.deberes.net\/tesis\/wp-json\/wp\/v2\/users\/1"}],"replies":[{"embeddable":true,"href":"https:\/\/www.deberes.net\/tesis\/wp-json\/wp\/v2\/comments?post=131937"}],"version-history":[{"count":0,"href":"https:\/\/www.deberes.net\/tesis\/wp-json\/wp\/v2\/posts\/131937\/revisions"}],"wp:attachment":[{"href":"https:\/\/www.deberes.net\/tesis\/wp-json\/wp\/v2\/media?parent=131937"}],"wp:term":[{"taxonomy":"category","embeddable":true,"href":"https:\/\/www.deberes.net\/tesis\/wp-json\/wp\/v2\/categories?post=131937"},{"taxonomy":"post_tag","embeddable":true,"href":"https:\/\/www.deberes.net\/tesis\/wp-json\/wp\/v2\/tags?post=131937"}],"curies":[{"name":"wp","href":"https:\/\/api.w.org\/{rel}","templated":true}]}}