{"id":13198,"date":"2001-08-10T00:00:00","date_gmt":"2001-08-10T00:00:00","guid":{"rendered":"https:\/\/www.deberes.net\/tesis\/sin-categoria\/los-verbos-modales-alemanes-equivalencias-en-espanol\/"},"modified":"2001-08-10T00:00:00","modified_gmt":"2001-08-10T00:00:00","slug":"los-verbos-modales-alemanes-equivalencias-en-espanol","status":"publish","type":"post","link":"https:\/\/www.deberes.net\/tesis\/linguistica\/los-verbos-modales-alemanes-equivalencias-en-espanol\/","title":{"rendered":"Los verbos modales alemanes: equiValencias en espa\u00f1ol"},"content":{"rendered":"<h2>Tesis doctoral de <strong>  Jim\u00e9nez G\u00f3mez M. Dolores <\/strong><\/h2>\n<p>Tras un estudio del concepto de \u00abmodalidad\u00bb y de los verbos modales en las lenguas alemana y espa\u00f1ola, han sido analizados los distintos valores o usos que cada uno de los verbos modales alemanes encierran. Cada valor ha sido ilustrado o acompa\u00f1ado de ejemplos extra\u00eddos de las 8 obras lilterarias contempor\u00e1neas en lengua alemana y sus correspondientes traducciones al espa\u00f1ol. La comparaci\u00f3n de los ejemplos en ambas lenguas me ha permitido. por una parte, recopilar las posibilidades traslativas al espa\u00f1ol de los modales alemanes y, por otra, concluir que es imposible dar una \u00fanica traducci\u00f3n en espa\u00f1ol a los verbos modales alemanes, debido sobre todo a la gran cantidad de valores sem\u00e1nticos e incluso funciones gramaticales que estos poseen.<\/p>\n<p>&nbsp;<\/p>\n<h3>Datos acad\u00e9micos de la tesis doctoral \u00ab<strong>Los verbos modales alemanes: equiValencias en espa\u00f1ol<\/strong>\u00ab<\/h3>\n<ul>\n<li><strong>T\u00edtulo de la tesis:<\/strong>\u00a0 Los verbos modales alemanes: equiValencias en espa\u00f1ol <\/li>\n<li><strong>Autor:<\/strong>\u00a0  Jim\u00e9nez G\u00f3mez M. Dolores <\/li>\n<li><strong>Universidad:<\/strong>\u00a0 Salamanca<\/li>\n<li><strong>Fecha de lectura de la tesis:<\/strong>\u00a0 08\/10\/2001<\/li>\n<\/ul>\n<p>&nbsp;<\/p>\n<h3>Direcci\u00f3n y tribunal<\/h3>\n<ul>\n<li><strong>Director de la tesis<\/strong>\n<ul>\n<li>Pilar Elena Garc\u00eda<\/li>\n<\/ul>\n<\/li>\n<li><strong>Tribunal<\/strong>\n<ul>\n<li>Presidente del tribunal: Luis angel Acosta gomez <\/li>\n<li>silvia Roiss (vocal)<\/li>\n<li>brigitte Eggelte heinz (vocal)<\/li>\n<li>andreu Castell (vocal)<\/li>\n<\/ul>\n<\/li>\n<\/ul>\n<p>&nbsp;<\/p>\n","protected":false},"excerpt":{"rendered":"<p>Tesis doctoral de Jim\u00e9nez G\u00f3mez M. Dolores Tras un estudio del concepto de \u00abmodalidad\u00bb y de los verbos modales en [&hellip;]<\/p>\n","protected":false},"author":1,"featured_media":0,"comment_status":"open","ping_status":"open","sticky":false,"template":"","format":"standard","meta":{"site-sidebar-layout":"default","site-content-layout":"","ast-site-content-layout":"","site-content-style":"default","site-sidebar-style":"default","ast-global-header-display":"","ast-banner-title-visibility":"","ast-main-header-display":"","ast-hfb-above-header-display":"","ast-hfb-below-header-display":"","ast-hfb-mobile-header-display":"","site-post-title":"","ast-breadcrumbs-content":"","ast-featured-img":"","footer-sml-layout":"","theme-transparent-header-meta":"","adv-header-id-meta":"","stick-header-meta":"","header-above-stick-meta":"","header-main-stick-meta":"","header-below-stick-meta":"","astra-migrate-meta-layouts":"default","ast-page-background-enabled":"default","ast-page-background-meta":{"desktop":{"background-color":"var(--ast-global-color-4)","background-image":"","background-repeat":"repeat","background-position":"center center","background-size":"auto","background-attachment":"scroll","background-type":"","background-media":"","overlay-type":"","overlay-color":"","overlay-gradient":""},"tablet":{"background-color":"","background-image":"","background-repeat":"repeat","background-position":"center center","background-size":"auto","background-attachment":"scroll","background-type":"","background-media":"","overlay-type":"","overlay-color":"","overlay-gradient":""},"mobile":{"background-color":"","background-image":"","background-repeat":"repeat","background-position":"center center","background-size":"auto","background-attachment":"scroll","background-type":"","background-media":"","overlay-type":"","overlay-color":"","overlay-gradient":""}},"ast-content-background-meta":{"desktop":{"background-color":"var(--ast-global-color-5)","background-image":"","background-repeat":"repeat","background-position":"center center","background-size":"auto","background-attachment":"scroll","background-type":"","background-media":"","overlay-type":"","overlay-color":"","overlay-gradient":""},"tablet":{"background-color":"var(--ast-global-color-5)","background-image":"","background-repeat":"repeat","background-position":"center center","background-size":"auto","background-attachment":"scroll","background-type":"","background-media":"","overlay-type":"","overlay-color":"","overlay-gradient":""},"mobile":{"background-color":"var(--ast-global-color-5)","background-image":"","background-repeat":"repeat","background-position":"center center","background-size":"auto","background-attachment":"scroll","background-type":"","background-media":"","overlay-type":"","overlay-color":"","overlay-gradient":""}},"footnotes":""},"categories":[12373,1891,59,60,4139,62,9386,2369],"tags":[42932,9496,42930,6246,38990,42931],"class_list":["post-13198","post","type-post","status-publish","format-standard","hentry","category-bilinguismo","category-ensenanza-de-lenguas","category-linguistica","category-linguistica-aplicada","category-linguistica-comparada","category-linguistica-sincronica","category-salamanca","category-traduccion-e-interpretacion","tag-andreu-castell","tag-brigitte-eggelte-heinz","tag-jimenez-gomez-m-dolores","tag-luis-angel-acosta-gomez","tag-pilar-elena-garcia","tag-silvia-roiss"],"_links":{"self":[{"href":"https:\/\/www.deberes.net\/tesis\/wp-json\/wp\/v2\/posts\/13198","targetHints":{"allow":["GET"]}}],"collection":[{"href":"https:\/\/www.deberes.net\/tesis\/wp-json\/wp\/v2\/posts"}],"about":[{"href":"https:\/\/www.deberes.net\/tesis\/wp-json\/wp\/v2\/types\/post"}],"author":[{"embeddable":true,"href":"https:\/\/www.deberes.net\/tesis\/wp-json\/wp\/v2\/users\/1"}],"replies":[{"embeddable":true,"href":"https:\/\/www.deberes.net\/tesis\/wp-json\/wp\/v2\/comments?post=13198"}],"version-history":[{"count":0,"href":"https:\/\/www.deberes.net\/tesis\/wp-json\/wp\/v2\/posts\/13198\/revisions"}],"wp:attachment":[{"href":"https:\/\/www.deberes.net\/tesis\/wp-json\/wp\/v2\/media?parent=13198"}],"wp:term":[{"taxonomy":"category","embeddable":true,"href":"https:\/\/www.deberes.net\/tesis\/wp-json\/wp\/v2\/categories?post=13198"},{"taxonomy":"post_tag","embeddable":true,"href":"https:\/\/www.deberes.net\/tesis\/wp-json\/wp\/v2\/tags?post=13198"}],"curies":[{"name":"wp","href":"https:\/\/api.w.org\/{rel}","templated":true}]}}